{"id":156687,"date":"2025-12-17T20:05:15","date_gmt":"2025-12-17T20:05:15","guid":{"rendered":"https:\/\/www.europesays.com\/pl\/156687\/"},"modified":"2025-12-17T20:05:15","modified_gmt":"2025-12-17T20:05:15","slug":"dziecko-zniszczylo-50-dyskow-ssd-nvme-najdrozszy-test-wytrzymalosci","status":"publish","type":"post","link":"https:\/\/www.europesays.com\/pl\/156687\/","title":{"rendered":"Dziecko zniszczy\u0142o 50 dysk\u00f3w SSD NVMe. Najdro\u017cszy test wytrzyma\u0142o\u015bci"},"content":{"rendered":"<p style=\"text-align:justify\">Do sieci trafi\u0142y zdj\u0119cia, kt\u00f3re dla ka\u017cdego entuzjasty PC wygl\u0105daj\u0105 jak technologiczny koszmar.\u00a0<\/p>\n<p style=\"text-align:justify\">Na fotografiach wida\u0107 50 powyginanych dysk\u00f3w M.2 SSD, kt\u00f3re zamiast idealnie prostych p\u0142ytek przypominaj\u0105 banany. Zdj\u0119cie szybko sta\u0142o si\u0119 viralem w \u015brodowisku, bo dotyczy no\u015bnik\u00f3w NVMe, kt\u00f3re dzi\u015b s\u0105 jednych z najbardziej po\u017c\u0105danych komponent\u00f3w komputerowych.<\/p>\n<p>Winny? Dziesi\u0119cioletni tester \u201ewytrzyma\u0142o\u015bci\u201d<\/p>\n<p style=\"text-align:justify\">Wed\u0142ug wpisu opublikowanego w wietnamskiej grupie na Facebooku \u201eBuild a PC is easy\u201d, za ca\u0142e zamieszanie odpowiada 10-letni ch\u0142opiec, kt\u00f3ry postanowi\u0142 \u201esprawdzi\u0107 trwa\u0142o\u015b\u0107\u201d sprz\u0119tu nale\u017c\u0105cego do ojca. Autor posta, okre\u015blaj\u0105cy siebie mianem \u201enajbardziej nieszcz\u0119\u015bliwego taty na \u015bwiecie\u201d, nie kry\u0142 frustracji, szczeg\u00f3lnie \u017ce ca\u0142a sytuacja wydarzy\u0142a si\u0119 w momencie, gdy ceny RAM-u, kart graficznych, SSD i procesor\u00f3w szybuj\u0105 w g\u00f3r\u0119 szybciej ni\u017c z\u0142oto.<\/p>\n<blockquote><p>&#13;<\/p>\n<p style=\"text-align:justify\">Zdj\u0119cie szybko sta\u0142o si\u0119 viralem w \u015brodowisku, bo dotyczy no\u015bnik\u00f3w NVMe, kt\u00f3re dzi\u015b s\u0105 jednych z najbardziej po\u017c\u0105danych komponent\u00f3w komputerowych.<\/p>\n<p>&#13;\n<\/p><\/blockquote>\n<p><img decoding=\"async\" alt=\"ssd\" class=\"image\" src=\"https:\/\/www.europesays.com\/pl\/wp-content\/uploads\/2025\/12\/clipboard01_1d9e10f772.jpg\" width=\"900\"\/><\/p>\n<p style=\"text-align:justify\">Zniszczone no\u015bniki to Samsung PM991a NVMe o pojemno\u015bci 512 GB, w popularnym formacie M.2 2280. Wed\u0142ug autora wpisu warto\u015b\u0107 jednego dysku w Wietnamie to oko\u0142o 2 mln VND, czyli w przeliczeniu blisko 272,99 z\u0142. Przy 50 sztukach daje to oko\u0142o 13649 z\u0142 strat.<\/p>\n<p>Czy wygi\u0119te SSD maj\u0105 jeszcze szans\u0119 dzia\u0142a\u0107?<\/p>\n<p style=\"text-align:justify\">Cho\u0107 widok powyginanych no\u015bnik\u00f3w wygl\u0105da dramatycznie, pojawia si\u0119 cie\u0144 nadziei. W przypadku modeli PM991a ca\u0142a elektronika znajduje si\u0119 po jednej stronie p\u0142ytki PCB. To oznacza, \u017ce je\u015bli nie dosz\u0142o do przerwania \u015bcie\u017cek ani uszkodzenia sekcji z uk\u0142adami NAND i kontrolerem, cz\u0119\u015b\u0107 dysk\u00f3w mo\u017ce nadal by\u0107 sprawna.<\/p>\n<p style=\"text-align:justify\">Entuzja\u015bci sprz\u0119tu ju\u017c spekuluj\u0105, \u017ce niekt\u00f3re egzemplarze mog\u0142yby dzia\u0142a\u0107 nawet po mechanicznym uszkodzeniu, podobnie jak kr\u00f3tsze modele 2230 czy 2242, kt\u00f3re bywaj\u0105 \u201edoczepiane\u201d do adapter\u00f3w. Kluczowe by\u0142oby jednak indywidualne testowanie ka\u017cdego no\u015bnika, najlepiej w zewn\u0119trznej obudowie USB.<\/p>\n<p style=\"text-align:justify\">Je\u015bli oka\u017ce si\u0119, \u017ce dyski nie nadaj\u0105 si\u0119 do u\u017cytku ani naprawy, pozostaje jeszcze odzysk cennych uk\u0142ad\u00f3w NAND. W dobie globalnego kryzysu pami\u0119ci p\u00f3\u0142przewodnikowych nawet takie rozwi\u0105zanie wydaje si\u0119 lepsze ni\u017c ca\u0142kowite zmarnowanie sprz\u0119tu.<\/p>\n<p>Przestroga dla entuzjast\u00f3w i rodzic\u00f3w<\/p>\n<p style=\"text-align:justify\">Ta historia to nie tylko bolesna lekcja, ale te\u017c przestroga dla rodzic\u00f3w, szczeg\u00f3lnie teraz, gdy ceny podzespo\u0142\u00f3w osi\u0105gaj\u0105 rekordowe poziomy. Je\u015bli wi\u0119c w domu s\u0105 m\u0142odzi eksperymentatorzy, warto trzyma\u0107 drogi sprz\u0119t z dala od ich ciekawskich r\u0105k.<\/p>\n<p class=\"m-0\">Spodoba\u0142o Ci si\u0119? Podziel si\u0119 ze znajomymi!<\/p>\n","protected":false},"excerpt":{"rendered":"Do sieci trafi\u0142y zdj\u0119cia, kt\u00f3re dla ka\u017cdego entuzjasty PC wygl\u0105daj\u0105 jak technologiczny koszmar.\u00a0 Na fotografiach wida\u0107 50 powyginanych&hellip;\n","protected":false},"author":2,"featured_media":156688,"comment_status":"","ping_status":"","sticky":false,"template":"","format":"standard","meta":{"footnotes":""},"categories":[20],"tags":[30468,120,118,119,42,38,40,39,41,2072,116,114,115,121,117],"class_list":{"0":"post-156687","1":"post","2":"type-post","3":"status-publish","4":"format-standard","5":"has-post-thumbnail","7":"category-nauka-i-technika","8":"tag-dyski-ssd","9":"tag-nauka","10":"tag-nauka-i-technika","11":"tag-naukatechnika","12":"tag-pl","13":"tag-poland","14":"tag-polish","15":"tag-polska","16":"tag-polski","17":"tag-samsung","18":"tag-science","19":"tag-science-and-technology","20":"tag-sciencetechnology","21":"tag-technika","22":"tag-technology"},"share_on_mastodon":{"url":"https:\/\/pubeurope.com\/@pl\/115736708873972525","error":""},"_links":{"self":[{"href":"https:\/\/www.europesays.com\/pl\/wp-json\/wp\/v2\/posts\/156687","targetHints":{"allow":["GET"]}}],"collection":[{"href":"https:\/\/www.europesays.com\/pl\/wp-json\/wp\/v2\/posts"}],"about":[{"href":"https:\/\/www.europesays.com\/pl\/wp-json\/wp\/v2\/types\/post"}],"author":[{"embeddable":true,"href":"https:\/\/www.europesays.com\/pl\/wp-json\/wp\/v2\/users\/2"}],"replies":[{"embeddable":true,"href":"https:\/\/www.europesays.com\/pl\/wp-json\/wp\/v2\/comments?post=156687"}],"version-history":[{"count":0,"href":"https:\/\/www.europesays.com\/pl\/wp-json\/wp\/v2\/posts\/156687\/revisions"}],"wp:featuredmedia":[{"embeddable":true,"href":"https:\/\/www.europesays.com\/pl\/wp-json\/wp\/v2\/media\/156688"}],"wp:attachment":[{"href":"https:\/\/www.europesays.com\/pl\/wp-json\/wp\/v2\/media?parent=156687"}],"wp:term":[{"taxonomy":"category","embeddable":true,"href":"https:\/\/www.europesays.com\/pl\/wp-json\/wp\/v2\/categories?post=156687"},{"taxonomy":"post_tag","embeddable":true,"href":"https:\/\/www.europesays.com\/pl\/wp-json\/wp\/v2\/tags?post=156687"}],"curies":[{"name":"wp","href":"https:\/\/api.w.org\/{rel}","templated":true}]}}