{"id":156695,"date":"2025-12-17T20:09:11","date_gmt":"2025-12-17T20:09:11","guid":{"rendered":"https:\/\/www.europesays.com\/pl\/156695\/"},"modified":"2025-12-17T20:09:11","modified_gmt":"2025-12-17T20:09:11","slug":"syn-donalda-trumpa-zareagowal-na-wpis-o-terroryscie-i-novaku-djokoviciu-przeglad-sportowy-onet","status":"publish","type":"post","link":"https:\/\/www.europesays.com\/pl\/156695\/","title":{"rendered":"Syn Donalda Trumpa zareagowa\u0142 na wpis o terrory\u015bcie i Novaku Djokoviciu &#8211; Przegl\u0105d Sportowy Onet"},"content":{"rendered":"<ol>\n<li><a href=\"https:\/\/news.google.com\/rss\/articles\/CBMiuwFBVV95cUxQMEN4RmY2TEpQZ01tQUJhMmdQZE92XzZCQnIxNDBIVE1sMTFJdllLaTR1VGZHbXFuU0JIeVIwVXh6OXNLVW1VMEJQYmhhdkxhSkRfSmt5QlBCM2dTcE5IV2RieDBzYTdoZTA1UENuNTBrQ0lvQVlGcDNKNlN1b2RUMHFCbFI4SnJpMVg4S0JRWUV2QTZaV0c1UkN3Ymh1SVNjdno5dHl0SENBd29HbW9CcndFc2t6Smh4Qnkw?oc=5\" target=\"_blank\" rel=\"nofollow noopener\">Syn Donalda Trumpa zareagowa\u0142 na wpis o terrory\u015bcie i Novaku Djokoviciu<\/a>&nbsp;&nbsp;Przegl\u0105d Sportowy Onet<\/li>\n<li><a href=\"https:\/\/news.google.com\/rss\/articles\/CBMiogFBVV95cUxNbm8zamctSXpPSXdmVTNoOVNQeG1lbENfcjgyMHJ0NW9ZU2RUNEVKeEtaZ3VQaV9KTENZSWFfWjFHLUFUVTV6Tm10dlpha3VKWlJQQU51SGFPS3RWODRheVIzUzRXdGswRWtuajg3ZTMtcHlOSGZmajByT0gwTmk5dWxXNEFiVW9NQTZ5YTBNSzZzclVnblBpMUtoMzdxNEd0TlE?oc=5\" target=\"_blank\" rel=\"nofollow noopener\">&#8222;Prawdziwy bohater&#8217;. Kim jest Ahmad al-Ahmad, kt\u00f3ry rozbroi\u0142 zab\u00f3jc\u0119 z pla\u017cy Bondi?<\/a>&nbsp;&nbsp;Wyborcza.pl<\/li>\n<li><a href=\"https:\/\/news.google.com\/rss\/articles\/CBMiugFBVV95cUxQSHZPUFN0U0w5ZDJSWmlCOGNqZ2drY0pETVBmYnVSZVg4bndJamhlZ2dXb2FoVThuM1dnNjFVa3pWMENlZ0NDUXVLaHBwdGdkd01fY3NjRnA3bHZkYS1USk91RnlNcXFxV1BmRXpSSWpyQ3VSSTNISlFmZG4tN3hHS0dVRXNWX01RSGdrT1lwdUtuN1lpT1dVeUpIaFBkZ3IxdFhlbk5SUzc0aDlYR3Uwci1PTFQyMTBMcGc?oc=5\" target=\"_blank\" rel=\"nofollow noopener\">Atak na australijskiej pla\u017cy. Napastnik us\u0142ysza\u0142 ponad 50 zarzut\u00f3w, nowe informacje policji<\/a>&nbsp;&nbsp;Wydarzenia w INTERIA.PL<\/li>\n<li><a href=\"https:\/\/news.google.com\/rss\/articles\/CBMinAFBVV95cUxQSnFCS29EZTBDSzMyUHpBcnVaREpfQjdKNlRKU1p0Q3BUNUNTV3d1eG9CeUFyNWk1MDVtZ2xFUzlYRm16a0hKeGdUa0JyNUcyRGNkZDVwaDQ1NWY3Q3dJS2dMR0lKOGZVWnUwanFLeE4yTWNhOC1jRWx1UTBDZFdaaHlBS1hfVEZHMktydkhObHNiTVlqTTB6aUZzZWs?oc=5\" target=\"_blank\" rel=\"nofollow noopener\">Jest bohaterem. To on zastrzeli\u0142 zamachowca<\/a>&nbsp;&nbsp;o2.pl<\/li>\n<li><a href=\"https:\/\/news.google.com\/rss\/articles\/CBMinwFBVV95cUxNUGh6bURzbWdHOTFLSmdMQUpmaHhndmtaVW5KVWh2S1BoOEFhMkthMVNmd0V1ZUk1dlhEWHdTbmQyYlh2dHJTV0dUQVFTWFItOElwRU9ibW1jaFdVN2k0TWZrTVVnT2VWY1BtQnY5Zm8zSlhJMk5STHdrenA1QkROUmN4SzYyUGVRY3lWZGI0T0hKM0xJSU1HY2Rta2xNNFk?oc=5\" target=\"_blank\" rel=\"nofollow noopener\">Oddali \u017cycie, pr\u00f3buj\u0105c powstrzyma\u0107 terroryst\u0119. Nagranie z pla\u017cy w Sydney<\/a>&nbsp;&nbsp;TVN24<\/li>\n<\/ol>\n","protected":false},"excerpt":{"rendered":"Syn Donalda Trumpa zareagowa\u0142 na wpis o terrory\u015bcie i Novaku Djokoviciu&nbsp;&nbsp;Przegl\u0105d Sportowy Onet &#8222;Prawdziwy bohater&#8217;. Kim jest Ahmad&hellip;\n","protected":false},"author":2,"featured_media":156696,"comment_status":"","ping_status":"","sticky":false,"template":"","format":"standard","meta":{"footnotes":""},"categories":[5],"tags":[995,32,33,36,37,27,67,34,35,28,31,25,10603,129,42,38,40,39,41,136,128,47,156,29,30,26,4329,130],"class_list":{"0":"post-156695","1":"post","2":"type-post","3":"status-publish","4":"format-standard","5":"has-post-thumbnail","7":"category-naglowki","8":"tag-australia","9":"tag-breaking-news","10":"tag-breakingnews","11":"tag-featured-news","12":"tag-featurednews","13":"tag-headlines","14":"tag-intextvideo_splayer","15":"tag-latest-news","16":"tag-latestnews","17":"tag-naglowki","18":"tag-najwazniejsze-artykuly","19":"tag-news","20":"tag-novak_djokovic","21":"tag-ofsajd","22":"tag-pl","23":"tag-poland","24":"tag-polish","25":"tag-polska","26":"tag-polski","27":"tag-ps_detal_new","28":"tag-psv2","29":"tag-screening_general","30":"tag-tenis","31":"tag-top-stories","32":"tag-topstories","33":"tag-wiadomosci","34":"tag-wiadomosci_politics__news","35":"tag-wiadomosci_sportowe"},"share_on_mastodon":{"url":"https:\/\/pubeurope.com\/@pl\/115736724584091234","error":""},"_links":{"self":[{"href":"https:\/\/www.europesays.com\/pl\/wp-json\/wp\/v2\/posts\/156695","targetHints":{"allow":["GET"]}}],"collection":[{"href":"https:\/\/www.europesays.com\/pl\/wp-json\/wp\/v2\/posts"}],"about":[{"href":"https:\/\/www.europesays.com\/pl\/wp-json\/wp\/v2\/types\/post"}],"author":[{"embeddable":true,"href":"https:\/\/www.europesays.com\/pl\/wp-json\/wp\/v2\/users\/2"}],"replies":[{"embeddable":true,"href":"https:\/\/www.europesays.com\/pl\/wp-json\/wp\/v2\/comments?post=156695"}],"version-history":[{"count":0,"href":"https:\/\/www.europesays.com\/pl\/wp-json\/wp\/v2\/posts\/156695\/revisions"}],"wp:featuredmedia":[{"embeddable":true,"href":"https:\/\/www.europesays.com\/pl\/wp-json\/wp\/v2\/media\/156696"}],"wp:attachment":[{"href":"https:\/\/www.europesays.com\/pl\/wp-json\/wp\/v2\/media?parent=156695"}],"wp:term":[{"taxonomy":"category","embeddable":true,"href":"https:\/\/www.europesays.com\/pl\/wp-json\/wp\/v2\/categories?post=156695"},{"taxonomy":"post_tag","embeddable":true,"href":"https:\/\/www.europesays.com\/pl\/wp-json\/wp\/v2\/tags?post=156695"}],"curies":[{"name":"wp","href":"https:\/\/api.w.org\/{rel}","templated":true}]}}