{"id":156711,"date":"2025-12-17T20:17:08","date_gmt":"2025-12-17T20:17:08","guid":{"rendered":"https:\/\/www.europesays.com\/pl\/156711\/"},"modified":"2025-12-17T20:17:08","modified_gmt":"2025-12-17T20:17:08","slug":"kms-siatkarzy-al-rayyan-sc-aluron-cmc-warta-zawiercie-relacja-na-zywo-przeglad-sportowy-onet","status":"publish","type":"post","link":"https:\/\/www.europesays.com\/pl\/156711\/","title":{"rendered":"KM\u015a siatkarzy: Al Rayyan SC &#8211; Aluron CMC Warta Zawiercie [RELACJA NA \u017bYWO] &#8211; Przegl\u0105d Sportowy Onet"},"content":{"rendered":"<ol>\n<li><a href=\"https:\/\/news.google.com\/rss\/articles\/CBMiwgFBVV95cUxQS3haanhJemxCV0paUGpISnZpTEtQSXdQeEJZcmJ1MGVXSkh5blNZUjV3bGZ2SDN3bFpSeWlCa1lzTDkxODMwNkoteVhSTEVDeTUwN2J6RHRoN1hLc21HOG9xYnZEbXVrM1Mwd0RaM0JleDZybGZESlRVQTZWWFpaUEN0ZDJ5SEJXVEFhV0FZbG4zdEEwd0ZBT3dCeERCbmlpOXZwWDlocW1ZazVpZWhPOFJSRDdGUnlYNzNkRmloVW9Ddw?oc=5\" target=\"_blank\" rel=\"nofollow noopener\">KM\u015a siatkarzy: Al Rayyan SC &#8211; Aluron CMC Warta Zawiercie [RELACJA NA \u017bYWO]<\/a>&nbsp;&nbsp;Przegl\u0105d Sportowy Onet<\/li>\n<li><a href=\"https:\/\/news.google.com\/rss\/articles\/CBMirAFBVV95cUxPbWoxS1pVYnB2OVZvLVpDYlhnTmRlYlcwSmpjWUV0LVFoTVNmNFVaVC1tVUExMHJRNF9ta2szYVFCYnN3d0JTZlRENXctSVVRQnJrUHZEcHlyN1hRdG1QOVhCZXZSb3pTOVZYLWJaQ2VfS3pqamxOeFVhOTFZVlN5RDV3VzY1TWhkY0JHNERFTlFmMWlrSDF0YU9FeERETlJmM3A4a2gwX21CUVVS?oc=5\" target=\"_blank\" rel=\"nofollow noopener\">Wielki mecz Polak\u00f3w w KM\u015a. W tie-breaku przegrywali ju\u017c 7:12<\/a>&nbsp;&nbsp;SportoweFakty<\/li>\n<li><a href=\"https:\/\/news.google.com\/rss\/articles\/CBMixgFBVV95cUxOb3ZiNXJZSnFtSHYweEdqY2F4bmdxSWVaTmVIblV6clRmMEdUSDdpNGRna0NVcmRRZmhqNDEtNkRTMzRUYW1GQTQtMV83ODhOXzlNQl8yeVNROGNHcXlmcy1lSEhEMloxUDdYb1hLbGNrdVZxbndTWkhXSUNMUWJyaHpSVm5fSEJUVlNNeHM3ekcxVjJKUG5YN0pTZFpSeXFndFBSX0tqREI3Z3JjeDlVc1licW1rbE1VT0h5MVRyV2NqNTE1Z1E?oc=5\" target=\"_blank\" rel=\"nofollow noopener\">Asystent Winiarskiego zabra\u0142 g\u0142os przed meczem KM\u015a. To mo\u017ce przes\u0105dzi\u0107 o wyniku<\/a>&nbsp;&nbsp;www.polsatsport.pl<\/li>\n<li><a href=\"https:\/\/news.google.com\/rss\/articles\/CBMivAFBVV95cUxQQ0dqVmJHS192Rk82S0FhQ1VwaUN4eHU3NktxWUR5MzBhbUxHdUMtWHZBRUxiYnhOOW10NVVGNXhGS1dOM2hKMVJHN0FKbXNveVJ4MjEzQkVCZnhtWDlNUTJyTURPdHczaWdaQ2d0SHNPYkV3WFN6RWp1U1labTJkYjNSd3EybUpQTlBvSmNxSGRpSFlpcjZyaGdVRGJoOFN3bVRZNUJVNXlxc3A4Vl9lOU53eU9UQ3dxUk4xMw?oc=5\" target=\"_blank\" rel=\"nofollow noopener\">Wielka pogo\u0144 Aluronu CMC Warty Zawiercie w pierwszym meczu Klubowych Mistrzostw \u015awiata<\/a>&nbsp;&nbsp;PlusLiga<\/li>\n<li><a href=\"https:\/\/news.google.com\/rss\/articles\/CBMiswFBVV95cUxOcEcwV253SFpnYTVXY3FINEVlb0tnc1p2RnNWVDJvczJjOThvY2s1YkpRT05ydmxuMUNJLXNEY3liSHduQ2NKNDNXdVJGTkFXcE9FWVRTVFFGTmdLOHExS0xCMFFMeGg2WlRlZHlQc3NhZVJVUzY1b2pTVk11VFgyQnRfVkdVNmxyTDZYUEZlWF9QUHVhREZpY015T0p3THo3SHRzVER1VGhiV1BPNUpNRjFNUQ?oc=5\" target=\"_blank\" rel=\"nofollow noopener\">Wie\u015bci ws. polskich siatkarzy nadesz\u0142y w \u015brodku nocy. Co za otwarcie mistrzostw \u015bwiata!<\/a>&nbsp;&nbsp;Sport w INTERIA.PL<\/li>\n<\/ol>\n","protected":false},"excerpt":{"rendered":"KM\u015a siatkarzy: Al Rayyan SC &#8211; Aluron CMC Warta Zawiercie [RELACJA NA \u017bYWO]&nbsp;&nbsp;Przegl\u0105d Sportowy Onet Wielki mecz Polak\u00f3w&hellip;\n","protected":false},"author":2,"featured_media":156712,"comment_status":"","ping_status":"","sticky":false,"template":"","format":"standard","meta":{"footnotes":""},"categories":[24],"tags":[31190,16179,31191,188,186,42,38,40,39,41,136,128,47,131,127,135,126,130],"class_list":{"0":"post-156711","1":"post","2":"type-post","3":"status-publish","4":"format-standard","5":"has-post-thumbnail","7":"category-sport","8":"tag-al_rayyan_sc","9":"tag-aluron_cmc_warta_zawiercie","10":"tag-kms_siatkarzy","11":"tag-liveblog","12":"tag-na_zywo","13":"tag-pl","14":"tag-poland","15":"tag-polish","16":"tag-polska","17":"tag-polski","18":"tag-ps_detal_new","19":"tag-psv2","20":"tag-screening_general","21":"tag-siatkowka","22":"tag-sport","23":"tag-sport_sport","24":"tag-sports","25":"tag-wiadomosci_sportowe"},"share_on_mastodon":{"url":"https:\/\/pubeurope.com\/@pl\/115736756200602204","error":""},"_links":{"self":[{"href":"https:\/\/www.europesays.com\/pl\/wp-json\/wp\/v2\/posts\/156711","targetHints":{"allow":["GET"]}}],"collection":[{"href":"https:\/\/www.europesays.com\/pl\/wp-json\/wp\/v2\/posts"}],"about":[{"href":"https:\/\/www.europesays.com\/pl\/wp-json\/wp\/v2\/types\/post"}],"author":[{"embeddable":true,"href":"https:\/\/www.europesays.com\/pl\/wp-json\/wp\/v2\/users\/2"}],"replies":[{"embeddable":true,"href":"https:\/\/www.europesays.com\/pl\/wp-json\/wp\/v2\/comments?post=156711"}],"version-history":[{"count":0,"href":"https:\/\/www.europesays.com\/pl\/wp-json\/wp\/v2\/posts\/156711\/revisions"}],"wp:featuredmedia":[{"embeddable":true,"href":"https:\/\/www.europesays.com\/pl\/wp-json\/wp\/v2\/media\/156712"}],"wp:attachment":[{"href":"https:\/\/www.europesays.com\/pl\/wp-json\/wp\/v2\/media?parent=156711"}],"wp:term":[{"taxonomy":"category","embeddable":true,"href":"https:\/\/www.europesays.com\/pl\/wp-json\/wp\/v2\/categories?post=156711"},{"taxonomy":"post_tag","embeddable":true,"href":"https:\/\/www.europesays.com\/pl\/wp-json\/wp\/v2\/tags?post=156711"}],"curies":[{"name":"wp","href":"https:\/\/api.w.org\/{rel}","templated":true}]}}