{"id":156719,"date":"2025-12-17T20:21:08","date_gmt":"2025-12-17T20:21:08","guid":{"rendered":"https:\/\/www.europesays.com\/pl\/156719\/"},"modified":"2025-12-17T20:21:08","modified_gmt":"2025-12-17T20:21:08","slug":"rosja-szykuje-sie-na-kolejny-rok-wojny-powinni-to-dostrzec-szczegolnie-w-usa","status":"publish","type":"post","link":"https:\/\/www.europesays.com\/pl\/156719\/","title":{"rendered":"Rosja szykuje si\u0119 na kolejny rok wojny. Powinni to dostrzec szczeg\u00f3lnie w USA"},"content":{"rendered":"\n<p>&#13;<br \/>\n\u2013 Dzi\u015b dostali\u015bmy kolejne sygna\u0142y z\u00a0Moskwy, \u017ce\u00a0przygotowuj\u0105 si\u0119 na\u00a0przysz\u0142y rok jako rok wojny. I\u00a0te sygna\u0142y nie\u00a0s\u0105 skierowane tylko do\u00a0nas. Wa\u017cne jest, aby\u00a0partnerzy to\u00a0dostrzegli. I\u00a0wa\u017cne jest, aby\u00a0nie tylko to\u00a0dostrzegli, ale\u00a0tak\u017ce zareagowali \u2013\u00a0w\u00a0szczeg\u00f3lno\u015bci partnerzy w\u00a0Stanach Zjednoczonych, kt\u00f3rzy cz\u0119sto m\u00f3wi\u0105, \u017ce\u00a0Rosja rzekomo chce zako\u0144czy\u0107 wojn\u0119. Ale\u00a0z\u00a0Rosji nap\u0142ywa zupe\u0142nie inne retoryka i\u00a0inne sygna\u0142y \u2013\u00a0w\u00a0tym oficjalne instrukcje dla\u00a0armii. &#13;\n<\/p>\n<p>&#13;<br \/>\nZe\u0142enski zauwa\u017cy\u0142, \u017ce\u00a0z\u00a0takim nastawieniem Rosjanie b\u0119d\u0105 podwa\u017ca\u0107 wysi\u0142ki dyplomatyczne zmierzaj\u0105ce do\u00a0zawarcia pokoju, pr\u00f3buj\u0105c poprzez r\u00f3\u017cne sztuczki i\u00a0naciski ukry\u0107 sw\u00f3j prawdziwy zamiar, czyli zniszczenie Ukrainy. \u2013\u00a0Musi istnie\u0107 realna ochrona przed t\u0105\u00a0rosyjsk\u0105 histori\u0105 szale\u0144stwa i\u00a0teraz b\u0119dziemy kontynuowa\u0107 wsp\u00f3\u0142prac\u0119 ze\u00a0wszystkimi partnerami, aby\u00a0zapewni\u0107, \u017ce\u00a0taka ochrona rzeczywi\u015bcie powstanie. Potrzebujemy decyzji w\u00a0sprawie bezpiecze\u0144stwa, potrzebujemy decyzji finansowych, w\u00a0tym dotycz\u0105cych rosyjskich aktyw\u00f3w, i\u00a0potrzebujemy decyzji politycznych. &#13;\n<\/p>\n<p>&#13;<br \/>\nPotrzebujemy, aby\u00a0wszyscy nasi partnerzy mieli odwag\u0119 dostrzec prawd\u0119, uzna\u0107 j\u0105 i\u00a0dzia\u0142a\u0107 zgodnie z\u00a0ni\u0105. Chc\u0119 podzi\u0119kowa\u0107 wszystkim, kt\u00f3rzy wspieraj\u0105 Ukrain\u0119 w\u0142a\u015bnie w\u00a0ten spos\u00f3b i\u00a0pracuj\u0105 na\u00a0rzecz bezpiecze\u0144stwa &#13;\n<\/p>\n<p>Putin zapowiada &#8222;wyzwolenie ziem&#8221;. &#8222;Je\u015bli dialog zostanie odrzucony&#8221;<\/p>\n<p>&#13;<br \/>\nW\u0142adimir Putin wzi\u0105\u0142 udzia\u0142 w\u00a0posiedzeniu Ministerstwa Obrony Rosji. Przekonuje, \u017ce\u00a0&#8222;rosyjskie wojska pewnie posuwaj\u0105 si\u0119 naprz\u00f3d i\u00a0mia\u017cd\u017c\u0105 wroga&#8221;. Wed\u0142ug Putina armia rosyjska jest w\u00a0stanie zwi\u0119kszy\u0107 tempo ofensywy, &#8222;tak\u017ce na\u00a0kierunkach strategicznie wa\u017cnych&#8221;. \u2013\u00a0Cele specjalnej operacji wojskowej zostan\u0105 osi\u0105gni\u0119te bezwarunkowo. Woleliby\u015bmy wyeliminowa\u0107 przyczyny konfliktu drog\u0105 dyplomacji, ale\u00a0je\u015bli dialog z\u00a0nami zostanie odrzucony, Rosja dokona wyzwolenia swoich historycznych ziem \u015brodkami militarnymi \u2013\u00a0oznajmi\u0142 przyw\u00f3dca Federacji Rosyjskiej. &#13;\n<\/p>\n<p>&#13;<br \/>\nCzytaj te\u017c:<br \/><a href=\"https:\/\/dorzeczy.pl\/swiat\/821498\/czechy-nowy-szef-msw-usunal-ukrainska-flage-z-budynku.html\" rel=\"follow nofollow noopener\" data-schema=\"DORZECZY\" data-image=\"https:\/\/img.dorzeczy.pl\/_thumb\/5a\/6e\/045bb1a59e0ba5517401b544f2f3.jpeg\" target=\"_blank\">Kaza\u0142 usun\u0105\u0107 ukrai\u0144sk\u0105\u00a0flag\u0119. Decyzja nowego ministra<\/a>Czytaj te\u017c:<br \/><a href=\"https:\/\/dorzeczy.pl\/kraj\/821486\/zelenski-spotka-sie-tez-z-tuskiem-szlapka-ujawnia-plany.html\" rel=\"follow nofollow noopener\" data-schema=\"DORZECZY\" data-image=\"https:\/\/img.dorzeczy.pl\/_thumb\/a7\/14\/f65b83eb097f7edee85e62ee3853.jpeg\" target=\"_blank\">Ze\u0142enski spotka si\u0119 te\u017c z\u00a0Tuskiem? Rzecznik rz\u0105du ujawnia plany<\/a>&#13;<\/p>\n","protected":false},"excerpt":{"rendered":"&#13; \u2013 Dzi\u015b dostali\u015bmy kolejne sygna\u0142y z\u00a0Moskwy, \u017ce\u00a0przygotowuj\u0105 si\u0119 na\u00a0przysz\u0142y rok jako rok wojny. I\u00a0te sygna\u0142y nie\u00a0s\u0105 skierowane&hellip;\n","protected":false},"author":2,"featured_media":156720,"comment_status":"","ping_status":"","sticky":false,"template":"","format":"standard","meta":{"footnotes":""},"categories":[14],"tags":[32,33,98,27,34,35,28,31,25,102,40,41,600,87,80,29,30,415,71,26,892,82,83,84,850],"class_list":{"0":"post-156719","1":"post","2":"type-post","3":"status-publish","4":"format-standard","5":"has-post-thumbnail","7":"category-swiat","8":"tag-breaking-news","9":"tag-breakingnews","10":"tag-dorzeczy","11":"tag-headlines","12":"tag-latest-news","13":"tag-latestnews","14":"tag-naglowki","15":"tag-najwazniejsze-artykuly","16":"tag-news","17":"tag-opinie","18":"tag-polish","19":"tag-polski","20":"tag-putin","21":"tag-rosja","22":"tag-swiat","23":"tag-top-stories","24":"tag-topstories","25":"tag-ukraina","26":"tag-usa","27":"tag-wiadomosci","28":"tag-wojna","29":"tag-world","30":"tag-world-news","31":"tag-worldnews","32":"tag-zelenski"},"share_on_mastodon":{"url":"","error":""},"_links":{"self":[{"href":"https:\/\/www.europesays.com\/pl\/wp-json\/wp\/v2\/posts\/156719","targetHints":{"allow":["GET"]}}],"collection":[{"href":"https:\/\/www.europesays.com\/pl\/wp-json\/wp\/v2\/posts"}],"about":[{"href":"https:\/\/www.europesays.com\/pl\/wp-json\/wp\/v2\/types\/post"}],"author":[{"embeddable":true,"href":"https:\/\/www.europesays.com\/pl\/wp-json\/wp\/v2\/users\/2"}],"replies":[{"embeddable":true,"href":"https:\/\/www.europesays.com\/pl\/wp-json\/wp\/v2\/comments?post=156719"}],"version-history":[{"count":0,"href":"https:\/\/www.europesays.com\/pl\/wp-json\/wp\/v2\/posts\/156719\/revisions"}],"wp:featuredmedia":[{"embeddable":true,"href":"https:\/\/www.europesays.com\/pl\/wp-json\/wp\/v2\/media\/156720"}],"wp:attachment":[{"href":"https:\/\/www.europesays.com\/pl\/wp-json\/wp\/v2\/media?parent=156719"}],"wp:term":[{"taxonomy":"category","embeddable":true,"href":"https:\/\/www.europesays.com\/pl\/wp-json\/wp\/v2\/categories?post=156719"},{"taxonomy":"post_tag","embeddable":true,"href":"https:\/\/www.europesays.com\/pl\/wp-json\/wp\/v2\/tags?post=156719"}],"curies":[{"name":"wp","href":"https:\/\/api.w.org\/{rel}","templated":true}]}}