{"id":156721,"date":"2025-12-17T20:22:16","date_gmt":"2025-12-17T20:22:16","guid":{"rendered":"https:\/\/www.europesays.com\/pl\/156721\/"},"modified":"2025-12-17T20:22:16","modified_gmt":"2025-12-17T20:22:16","slug":"polityczny-maraton-o-zdrowie-eksperci-o-pomyslach-lewicy-psl-i-pis-na-ratowanie-ochrony-zdrowia","status":"publish","type":"post","link":"https:\/\/www.europesays.com\/pl\/156721\/","title":{"rendered":"Polityczny maraton o zdrowie. Eksperci o pomys\u0142ach Lewicy, PSL i PiS na ratowanie ochrony zdrowia"},"content":{"rendered":"<p>Dwa szczyty zdrowotne i trzy partyjne pakiety reform w zaledwie kilkana\u015bcie dni mia\u0142y by\u0107 odpowiedzi\u0105 na narastaj\u0105cy kryzys finans\u00f3w i organizacji ochrony zdrowia. Dostali\u015bmy zbi\u00f3r rozproszonych pomys\u0142\u00f3w: od podatku zdrowotnego, przez reorganizacj\u0119 szpitali, po rozdzielenie publicznej i prywatnej praktyki lekarskiej. Czy z tej politycznej mozaiki da si\u0119 u\u0142o\u017cy\u0107 sp\u00f3jn\u0105 wizj\u0119 przysz\u0142o\u015bci systemu, czy raczej obserwujemy kolejn\u0105 ods\u0142on\u0119 walki na has\u0142a? O ocen\u0119 propozycji pytamy ekspert\u00f3w.<a class=\"sc-aXZVgy sc-gEvEery ldavXXy dUmtgUy sc-eubriuy sc-fxLEgVy hwKHvNy kHFqqdy sc-1bzp6oq-2 hMJJXmy SubscriptionBar TextBox\" part=\"SubscriptionBar TextBox\" title=\"Artyku\u0142 dost\u0119pny w subskrypcji\" href=\"https:\/\/kup.tvn24.pl\/oferta\/rekomendowane\" data-google-interstitial=\"false\" data-store-anchor=\"PrzyciskArtykulBelkaSubskrypcyjna\" rel=\"nofollow noopener\" target=\"_blank\">Artyku\u0142 dost\u0119pny w subskrypcji<\/a><\/p>\n<p>Kluczowe fakty:<\/p>\n<ul part=\"List\" class=\"sc-fqbHDXy sc-jLTGeuy giDqagy gGBfaAy List\">\n<li class=\"sc-aXZVgy sc-gEvEery ldavXXy dUmtgUy sc-hJnXKgy fwHCxy TextBox\" part=\"TextBox\">Kryzys finansowy i organizacyjny ochrony zdrowia narasta, a luka w bud\u017cecie NFZ liczona jest w dziesi\u0105tkach miliard\u00f3w z\u0142otych. Mimo dw\u00f3ch szczyt\u00f3w zdrowotnych i licznych deklaracji brakuje kolejnego kroku &#8211; zbli\u017cenia do podj\u0119cia decyzji systemowych.<\/li>\n<li class=\"sc-aXZVgy sc-gEvEery ldavXXy dUmtgUy sc-hJnXKgy fwHCxy TextBox\" part=\"TextBox\">Partie polityczne przedstawiaj\u0105 rozproszone, punktowe propozycje (podatek zdrowotny, reorganizacja szpitali, rozdzielenie pracy w sektorze publicznym i prywatnym), kt\u00f3re &#8211; zdaniem ekspert\u00f3w &#8211; nie sk\u0142adaj\u0105 si\u0119 na sp\u00f3jn\u0105 wizj\u0119 reformy.<\/li>\n<li class=\"sc-aXZVgy sc-gEvEery ldavXXy dUmtgUy sc-hJnXKgy fwHCxy TextBox\" part=\"TextBox\">Eksperci podkre\u015blaj\u0105 brak rzetelnej diagnozy problem\u00f3w u ich \u017ar\u00f3de\u0142 i realnej sprawczo\u015bci politycznej: bez ponadpartyjnej strategii, jasno wyznaczonych cel\u00f3w i zasob\u00f3w wysuwane propozycje pozostaj\u0105 leczeniem objawowym.<\/li>\n<li class=\"sc-aXZVgy sc-gEvEery ldavXXy dUmtgUy sc-hJnXKgy fwHCxy TextBox\" part=\"TextBox\">Wi\u0119cej artyku\u0142\u00f3w o podobnej tematyce znajdziesz w zak\u0142adce\u00a0<a href=\"https:\/\/tvn24.pl\/zdrowie\/kryzys-wojna-i-brak-lekow-czy-mozna-sie-przygotowac-ma-wypadek-wojny-tlumacza-eksperci-st8802345\" target=\"_blank\" class=\"ds-link\" rel=\"nofollow noopener\">&#8222;Zdrowie&#8221; w serwisie\u00a0tvn24.pl<\/a>. Warto te\u017c pos\u0142ucha\u0107 <a href=\"https:\/\/tvn24.pl\/plus\/podcasty\/wywiad-medyczny\" target=\"_blank\" class=\"ds-link\" rel=\"nofollow noopener\">&#8222;Wywiadu medycznego&#8221; Joanny Kry\u0144skiej w tvn24+<\/a>.<\/li>\n<\/ul>\n<p class=\"sc-aXZVgy sc-gEvEery ldavXXy dUmtgUy sc-gHCuMny sc-dkkA-Dcy chcjuDy iqYeLUy Paragraph TextBox\" part=\"Paragraph TextBox\" data-paragraph=\"\">Dwa szczyty zdrowotne &#8211; rz\u0105dowy i prezydencki oraz trzy partyjne pakiety pomys\u0142\u00f3w na zmiany &#8211; od Lewicy, Polskiego Stronnictwa Ludowego oraz Prawa i Sprawiedliwo\u015bci, a wszystko to w przeci\u0105gu zaledwie dw\u00f3ch tygodni. Kulej\u0105ce finanse ochrony zdrowia sta\u0142y si\u0119 jednym z najwa\u017cniejszych temat\u00f3w debaty publicznej ko\u0144cz\u0105cego si\u0119 roku. Pozostaje tylko pytanie o to, czy wysuwane z r\u00f3\u017cnych stron propozycje tworz\u0105 jak\u0105\u015b sp\u00f3jn\u0105 wizj\u0119 przysz\u0142o\u015bci, czy mo\u017ce s\u0105 tylko festiwalem politycznych przepychanek? A mo\u017ce jest jaki\u015b trzon, z kt\u00f3rego da\u0142oby si\u0119 zbudowa\u0107 porozumienie ponad podzia\u0142ami, o kt\u00f3rym tak du\u017co s\u0142yszeli\u015bmy zw\u0142aszcza z ust prezydenta i premiera? <\/p>\n<p class=\"sc-aXZVgy sc-gEvEery ldavXXy dUmtgUy sc-gHCuMny sc-dkkA-Dcy chcjuDy iqYeLUy Paragraph TextBox\" part=\"Paragraph TextBox\" data-paragraph=\"\">O zdanie zapytali\u015bmy ekspert\u00f3w: Ann\u0119 Go\u0142\u0119bick\u0105 DBA (Doctor of Business Administration) z Centrum im. Adama Smitha oraz dr. Roberta Mo\u0142dacha z Instytutu Zdrowia i Demokracji.<\/p>\n<p>Jeden problem, wiele pomys\u0142\u00f3w<\/p>\n<p class=\"sc-aXZVgy sc-gEvEery ldavXXy dUmtgUy sc-gHCuMny sc-dkkA-Dcy chcjuDy iqYeLUy Paragraph TextBox\" part=\"Paragraph TextBox\" data-paragraph=\"\">Na pocz\u0105tek zarysujmy t\u0142o problemu. To naj\u0142atwiej mo\u017cna stre\u015bci\u0107 stwierdzeniem, \u017ce ju\u017c zamkni\u0119cie tegorocznego bud\u017cetu ochrony zdrowia jawi si\u0119 jako wyczyn z kategorii ekwilibrystyki, a prognozy na przysz\u0142y rok rysuj\u0105 si\u0119 w jeszcze ciemniejszych barwach. Ju\u017c teraz wiadomo, \u017ce luka w finansach Narodowego Funduszu Zdrowia w 2026 roku jest szacowana na 23 mld z\u0142. Szefowa <a href=\"https:\/\/tvn24.pl\/tagi\/resort-zdrowia\" target=\"_self\" data-salt=\"1\" class=\"ds-link\" rel=\"nofollow noopener\">resortu zdrowia<\/a> przyzna\u0142a w jednym z niedawnych wywiad\u00f3w, \u017ce o ile w tym roku dochodzimy do \u015bciany, to ju\u017c w przysz\u0142ym zdecydowanie do niej dojdziemy. <\/p>\n<p class=\"sc-aXZVgy sc-gEvEery ldavXXy dUmtgUy sc-gHCuMny sc-dkkA-Dcy chcjuDy iqYeLUy Paragraph TextBox\" part=\"Paragraph TextBox\" data-paragraph=\"\">W organizacji i finansowaniu ochrony zdrowia potrzebne s\u0105 zmiany, bo oczywist\u0105 spraw\u0105 jest to, \u017ce wp\u0142ywy z tytu\u0142u sk\u0142adki zdrowotnej w coraz mniejszym stopniu b\u0119d\u0105 zaspokaja\u0142y jej potrzeby. Policzyli to eksperci z Federacji Przedsi\u0119biorc\u00f3w Polskich. Pod koniec listopada wskazywali w Sejmie, \u017ce w 2026 roku do kasy <a href=\"https:\/\/tvn24.pl\/tagi\/narodowy-fundusz-zdrowia\" target=\"_self\" data-salt=\"1\" class=\"ds-link\" rel=\"nofollow noopener\">NFZ<\/a> b\u0119dzie trzeba do\u0142o\u017cy\u0107 55 miliard\u00f3w z\u0142otych, a w 2028 roku &#8211; 90 miliard\u00f3w, a to nie koniec. Najnowsze opracowanie FPP przewiduje, \u017ce ju\u017c w 2040 roku luka w finansach NFZ wyniesie nawet 171 mld z\u0142.<\/p>\n<p><img decoding=\"async\" src=\"https:\/\/www.europesays.com\/pl\/wp-content\/uploads\/2025\/12\/1766002935_519_WEBP_LANDSCAPE_320.webp\"   alt=\"Premier Donald Tusk na rz\u0105dowym szczycie &quot;Bezpieczny Pacjent&quot;\" loading=\"lazy\" class=\"sc-eqUAAyy sc-fqkvVRy rseJJy gAuUMIy Picture Picture--16x9\" part=\"Picture Picture--16x9\"\/><\/p>\n<p>Premier Donald Tusk na rz\u0105dowym szczycie &#8222;Bezpieczny Pacjent&#8221;<\/p>\n<p>\u0179r\u00f3d\u0142o: PAP\/Rafa\u0142 Guz<\/p>\n<p class=\"sc-aXZVgy sc-gEvEery ldavXXy dUmtgUy sc-gHCuMny sc-dkkA-Dcy chcjuDy iqYeLUy Paragraph TextBox\" part=\"Paragraph TextBox\" data-paragraph=\"\">W reakcji na trudno\u015bci, jakie pojawiaj\u0105 si\u0119 na horyzoncie, zosta\u0142y w grudniu zwo\u0142ane dwa szczyty zdrowotne &#8211; jeden rz\u0105dowy, a drugi prezydencki. Cz\u0119\u015b\u0107 ekspert\u00f3w nie kry\u0142o po nich rozczarowania, inni przyznaj\u0105, \u017ce i tak nie oczekiwali zbyt wiele. Wszyscy natomiast zgodzili si\u0119 co do tego, \u017ce by\u0142 to wa\u017cny krok, \u00a0bo o zdrowiu naprawd\u0119 trzeba rozmawia\u0107, najlepiej na twardych danych i rzeczywi\u015bcie ponad podzia\u0142ami. Kolejnego, tego, kt\u00f3ry mia\u0142by nas zbli\u017cy\u0107 do realizacji propozycji maj\u0105cych poprawi\u0107 sytuacj\u0119, niestety zabrak\u0142o. Dowiedzieli\u015bmy si\u0119 natomiast, \u017ce rz\u0105d nie planuje zmian w sk\u0142adce zdrowotnej i \u017ce te pieni\u0105dze, kt\u00f3re do systemu ochrony zdrowia trafiaj\u0105, trzeba efektywniej wykorzysta\u0107.<\/p>\n<p>Jak uzdrowi\u0107 ochron\u0119 zdrowia? Propozycje Lewicy<\/p>\n<ul part=\"List\" class=\"sc-fqbHDXy sc-jLTGeuy giDqagy gGBfaAy List\">\n<li class=\"sc-aXZVgy sc-gEvEery ldavXXy dUmtgUy sc-hJnXKgy fwHCxy TextBox\" part=\"TextBox\">Zast\u0105pienie sk\u0142adki zdrowotnej 12-procentowym podatkiem zdrowotnym, liczonym od podstawy PIT\/CIT.<\/li>\n<li class=\"sc-aXZVgy sc-gEvEery ldavXXy dUmtgUy sc-hJnXKgy fwHCxy TextBox\" part=\"TextBox\">Wprowadzenie podatku t\u0142uszczowego od \u017cywno\u015bci wysokoprzetworzonej.<\/li>\n<li class=\"sc-aXZVgy sc-gEvEery ldavXXy dUmtgUy sc-hJnXKgy fwHCxy TextBox\" part=\"TextBox\">Wprowadzenie jednolitej akcyzy na alkohol oraz przekazanie 80 proc. wp\u0142yw\u00f3w z niej bezpo\u015brednio do Narodowego Funduszu Zdrowia.<\/li>\n<\/ul>\n<p class=\"sc-aXZVgy sc-gEvEery ldavXXy dUmtgUy sc-gHCuMny sc-dkkA-Dcy chcjuDy iqYeLUy Paragraph TextBox\" part=\"Paragraph TextBox\" data-paragraph=\"\">Kilka dni po ostatnim ze szczyt\u00f3w Lewica, mi\u0119dzy innymi ustami by\u0142ego wiceministra zdrowia Wojciecha Koniecznego, zaprezentowa\u0142a sw\u00f3j pomys\u0142 na uzdrowienie systemu. By\u0142y wiceminister zdrowia oceni\u0142, \u017ce wydatki na ochron\u0119 zdrowia w Polsce powinny wynosi\u0107 9 proc. PKB, a do realizacji tego celu konieczna b\u0119dzie likwidacja sk\u0142adki zdrowotnej &#8211; i to jest w\u0142a\u015bnie g\u0142\u00f3wny postulat tego ugrupowania.<\/p>\n<p>Jak uzdrowi\u0107 ochron\u0119 zdrowia? Pomys\u0142y PSL<\/p>\n<ul part=\"List\" class=\"sc-fqbHDXy sc-jLTGeuy giDqagy gGBfaAy List\">\n<li class=\"sc-aXZVgy sc-gEvEery ldavXXy dUmtgUy sc-hJnXKgy fwHCxy TextBox\" part=\"TextBox\">Reorganizacja szpitalnictwa na poziomie regionalnym.<\/li>\n<li class=\"sc-aXZVgy sc-gEvEery ldavXXy dUmtgUy sc-hJnXKgy fwHCxy TextBox\" part=\"TextBox\">Przeniesienie sk\u0142adki chorobowej z ZUS do NFZ.<\/li>\n<li class=\"sc-aXZVgy sc-gEvEery ldavXXy dUmtgUy sc-hJnXKgy fwHCxy TextBox\" part=\"TextBox\">Odpis podatkowy dla korzystaj\u0105cych z prywatnych us\u0142ug medycznych.<\/li>\n<\/ul>\n<p class=\"sc-aXZVgy sc-gEvEery ldavXXy dUmtgUy sc-gHCuMny sc-dkkA-Dcy chcjuDy iqYeLUy Paragraph TextBox\" part=\"Paragraph TextBox\" data-paragraph=\"\">Dzie\u0144 p\u00f3\u017aniej swoj\u0105 recept\u0105 na zdrowie podzielili si\u0119 na konferencji prasowej ludowcy. Ich zdaniem reform\u0119 ochrony zdrowia nale\u017cy zacz\u0105\u0107 od ustrukturyzowania sieci szpitali. &#8211; Zarz\u0105dzanie szpitalami powinno podlega\u0107 szpitalom regionalnym, dawnym szpitalom wojew\u00f3dzkim. Tak, \u017ceby szpitale nie konkurowa\u0142y o pacjenta i personel medyczny, w tym lekarzy. Bo dzisiaj mamy du\u017co szpitali powiatowych z du\u017c\u0105 liczb\u0105 oddzia\u0142\u00f3w, tyle \u017ce w wi\u0119kszo\u015bci z nich hula wiatr \u2013 argumentowa\u0142 <a href=\"https:\/\/tvn24.pl\/tagi\/polskie-stronnictwo-ludowe\" target=\"_self\" data-salt=\"1\" class=\"ds-link\" rel=\"nofollow noopener\">pose\u0142 PSL<\/a> Marek Sawicki.<\/p>\n<p>Jak uzdrowi\u0107 ochron\u0119 zdrowia? Propozycje PiS<\/p>\n<ul part=\"List\" class=\"sc-fqbHDXy sc-jLTGeuy giDqagy gGBfaAy List\">\n<li class=\"sc-aXZVgy sc-gEvEery ldavXXy dUmtgUy sc-hJnXKgy fwHCxy TextBox\" part=\"TextBox\">Odwr\u00f3cenie piramidy \u015bwiadcze\u0144 zdrowotnych.<\/li>\n<li class=\"sc-aXZVgy sc-gEvEery ldavXXy dUmtgUy sc-hJnXKgy fwHCxy TextBox\" part=\"TextBox\">Oddzielenie pracy w publicznej i prywatnej ochronie zdrowia.<\/li>\n<li class=\"sc-aXZVgy sc-gEvEery ldavXXy dUmtgUy sc-hJnXKgy fwHCxy TextBox\" part=\"TextBox\">Ujednolicenie organu za\u0142o\u017cycielskiego szpitali.<\/li>\n<\/ul>\n<p class=\"sc-aXZVgy sc-gEvEery ldavXXy dUmtgUy sc-gHCuMny sc-dkkA-Dcy chcjuDy iqYeLUy Paragraph TextBox\" part=\"Paragraph TextBox\" data-paragraph=\"\">W sobot\u0119 o zdrowiu m\u00f3wi\u0142o <a href=\"https:\/\/tvn24.pl\/tagi\/prawo-i-sprawiedliwosc\" target=\"_self\" data-salt=\"1\" class=\"ds-link\" rel=\"nofollow noopener\">Prawo i Sprawiedliwo\u015b\u0107<\/a>. W planach podkre\u015blono potrzeb\u0119 odwr\u00f3cenia piramidy \u015bwiadcze\u0144, aby podstaw\u0105 systemu nie by\u0142y szpitale, lecz podstawowa opieka zdrowotna (POZ). Politycy tej partii opowiadaj\u0105 si\u0119 r\u00f3wnie\u017c za pe\u0142n\u0105 informatyzacj\u0105, rocznym urlopem dla piel\u0119gniarek dla podratowania zdrowia, w\u0142\u0105czeniem Ministerstwa Sportu do Ministerstwa Zdrowia oraz wzmocnieniem pozycji ministra zdrowia w rz\u0105dzie, np. poprzez dodanie mu funkcji wicepremiera.<\/p>\n<p>Wrzutki nie rozwi\u0105zuj\u0105 globalnego problemu<\/p>\n<p class=\"sc-aXZVgy sc-gEvEery ldavXXy dUmtgUy sc-gHCuMny sc-dkkA-Dcy chcjuDy iqYeLUy Paragraph TextBox\" part=\"Paragraph TextBox\" data-paragraph=\"\">&#8211; Ka\u017cda partia daje po tych wszystkich szczytach jak\u0105\u015b swoj\u0105 wrzutk\u0119. Jedni dali podatek zdrowotny w wysoko\u015bci 12 procent, drudzy chc\u0105 oddzieli\u0107 prac\u0119 w sektorze publicznym od prywatnego\u2026 Tylko \u017ce s\u0105 to w\u0142a\u015bnie wrzutki, fragmenty obrazka, kt\u00f3re nie rozwi\u0105zuj\u0105 nam globalnego problemu, polegaj\u0105cego na tym, jak ten system ma wygl\u0105da\u0107 w ca\u0142o\u015bci \u00a0&#8211; komentuje w rozmowie z tvn24.pl Anna Go\u0142\u0119bicka z Centrum im. Adama Smitha, wsp\u00f3\u0142za\u0142o\u017cycielka idei Human Answer Insitute. <\/p>\n<p><img decoding=\"async\" src=\"https:\/\/www.europesays.com\/pl\/wp-content\/uploads\/2025\/12\/1766002936_66_WEBP_LANDSCAPE_320.webp\"   alt=\"Karol Nawrocki podczas szczytu &quot;Na ratunek ochronie zdrowia&quot;\" loading=\"lazy\" class=\"sc-eqUAAyy sc-fqkvVRy rseJJy gAuUMIy Picture Picture--16x9\" part=\"Picture Picture--16x9\"\/><\/p>\n<p>Karol Nawrocki podczas szczytu &#8222;Na ratunek ochronie zdrowia&#8221;<\/p>\n<p>\u0179r\u00f3d\u0142o: Leszek Szyma\u0144ski\/PAP<\/p>\n<p class=\"sc-aXZVgy sc-gEvEery ldavXXy dUmtgUy sc-gHCuMny sc-dkkA-Dcy chcjuDy iqYeLUy Paragraph TextBox\" part=\"Paragraph TextBox\" data-paragraph=\"\">Na pocz\u0105tek ekonomistka bierze na tapet pomys\u0142 Lewicy, dotycz\u0105cy zast\u0105pienia sk\u0142adki zdrowotnej podatkiem. &#8211; Ten pomys\u0142 z jednej strony daje 12 procent nowego zdrowotnego podatku, kt\u00f3ry ma dotyczy\u0107 wszystkich solidarnie, ale z drugiej &#8211; zwi\u0119ksza kwot\u0119 woln\u0105 od podatku [30 tysi\u0119cy z\u0142otych &#8211; red.]. Oznacza to, \u017ce cz\u0119\u015b\u0107 os\u00f3b, poniewa\u017c nie ma opodatkowanych dochod\u00f3w, nie b\u0119dzie p\u0142aci\u0107 tej daniny. A co z nieposiadaj\u0105cymi dochod\u00f3w? I czy tym podatkiem nie karzemy tych, kt\u00f3rzy maj\u0105 lepiej wynagradzane kwalifikacje albo wi\u0119cej pracuj\u0105? Rysuje si\u0119 wi\u0119c problem ju\u017c na poziomie solidaryzmu i w og\u00f3le sposobu &#8222;sprawiedliwego&#8221; pobierania op\u0142at na zdrowie, bo to, co jest tu dla jednego sprawiedliwe, dla innego &#8211; ju\u017c nie i odwrotnie &#8211; komentuje.<\/p>\n","protected":false},"excerpt":{"rendered":"Dwa szczyty zdrowotne i trzy partyjne pakiety reform w zaledwie kilkana\u015bcie dni mia\u0142y by\u0107 odpowiedzi\u0105 na narastaj\u0105cy kryzys&hellip;\n","protected":false},"author":2,"featured_media":156722,"comment_status":"","ping_status":"","sticky":false,"template":"","format":"standard","meta":{"footnotes":""},"categories":[12],"tags":[31205,31204,31198,6448,5377,31226,31224,7810,1485,19016,31223,6442,31236,6411,31208,31203,31233,31229,31207,31221,7059,1398,31227,1458,6402,31225,6387,26058,18866,6415,31215,31194,31199,14693,31231,7056,9640,1472,31216,31193,1455,31200,1481,7014,31234,31206,31196,11653,17919,31201,31210,1375,31212,31211,31218,31214,31213,31202,1440,6365,6450,31209,31222,14373,31195,1499,18845,31219,6425,18847,31197,31235,31228,1424,31217,31237,7035,31232,31230,1475,7018,31220,12961,1448,5395,32,33,36,37,27,34,35,1441,1369,28,31,25,42,38,40,39,41,29,30,26],"class_list":{"0":"post-156721","1":"post","2":"type-post","3":"status-publish","4":"format-standard","5":"has-post-thumbnail","7":"category-polska","8":"tag-keywordanna","9":"tag-keywordanna-golebicka","10":"tag-keywordcentrum-adam-smitha","11":"tag-keyworddzien","12":"tag-keywordekspert","13":"tag-keywordfinansowac-ochrona-zdrowie","14":"tag-keywordgolebicka","15":"tag-keywordkonferencja","16":"tag-keywordkoniec","17":"tag-keywordkrok","18":"tag-keywordlekarz","19":"tag-keywordlewica","20":"tag-keywordludowca","21":"tag-keywordminister","22":"tag-keywordmoldach","23":"tag-keywordnarzedzie","24":"tag-keywordnarzedzie-rok-rok","25":"tag-keywordnarzedzie-rok-rok-rzad","26":"tag-keywordnarzedzie-rok-rok-rzad-prawo","27":"tag-keywordnfz","28":"tag-keywordocena","29":"tag-keywordochrona","30":"tag-keywordochrona-zdrowie","31":"tag-keywordopieka","32":"tag-keywordorganizacja","33":"tag-keywordorganizacja-ochrona-zdrowie","34":"tag-keywordpoczatek","35":"tag-keywordpodatek","36":"tag-keywordpodzial","37":"tag-keywordpolityka","38":"tag-keywordpolityka-pytanie-swiadomosc","39":"tag-keywordpolityka-pytanie-swiadomosc-narzedzie","40":"tag-keywordpolityka-pytanie-swiadomosc-narzedzie-rok","41":"tag-keywordpomysl","42":"tag-keywordpostulat","43":"tag-keywordpraca","44":"tag-keywordpraktyka","45":"tag-keywordprawo","46":"tag-keywordprawo-sprawiedliwosc","47":"tag-keywordprawo-sprawiedliwosc-narzedzie","48":"tag-keywordproblem","49":"tag-keywordpropozycja","50":"tag-keywordprzyklad","51":"tag-keywordpytanie","52":"tag-keywordpytanie-swiadomosc-narzedzie","53":"tag-keywordpytanie-swiadomosc-narzedzie-rok","54":"tag-keywordpytanie-swiadomosc-narzedzie-rok-rok","55":"tag-keywordrealizacja","56":"tag-keywordreforma","57":"tag-keywordrobert","58":"tag-keywordrobert-moldach","59":"tag-keywordrok","60":"tag-keywordrok-rok-rzad","61":"tag-keywordrok-rok-rzad-prawo","62":"tag-keywordrok-rok-rzad-prawo-sprawiedliwosc","63":"tag-keywordrok-rzad-prawo","64":"tag-keywordrok-rzad-prawo-sprawiedliwosc","65":"tag-keywordrok-rzad-prawo-sprawiedliwosc-narzedzie","66":"tag-keywordrozwiazanie","67":"tag-keywordruch","68":"tag-keywordrzad","69":"tag-keywordrzad-prawo-sprawiedliwosc","70":"tag-keywordrzad-prawo-sprawiedliwosc-narzedzie","71":"tag-keywordsektor","72":"tag-keywordskladka","73":"tag-keywordsprawa","74":"tag-keywordsprawiedliwosc","75":"tag-keywordstrategia","76":"tag-keywordstrona","77":"tag-keywordswiadomosc","78":"tag-keywordswiadomosc-narzedzie-rok","79":"tag-keywordswiadomosc-narzedzie-rok-rok","80":"tag-keywordswiadomosc-narzedzie-rok-rok-rzad","81":"tag-keywordsystem","82":"tag-keywordsystem-ochrona-zdrowie","83":"tag-keywordszczyt","84":"tag-keywordszpital","85":"tag-keywordszpitalom","86":"tag-keywordujednolicec-organ-szpital","87":"tag-keywordustawa","88":"tag-keyworduwaga","89":"tag-keywordwspierac-gora-ruch","90":"tag-keywordzdrowie","91":"tag-keywordzloty","92":"tag-keywordzmiana","93":"tag-breaking-news","94":"tag-breakingnews","95":"tag-featured-news","96":"tag-featurednews","97":"tag-headlines","98":"tag-latest-news","99":"tag-latestnews","100":"tag-mainfalse","101":"tag-maintrue","102":"tag-naglowki","103":"tag-najwazniejsze-artykuly","104":"tag-news","105":"tag-pl","106":"tag-poland","107":"tag-polish","108":"tag-polska","109":"tag-polski","110":"tag-top-stories","111":"tag-topstories","112":"tag-wiadomosci"},"share_on_mastodon":{"url":"","error":"Validation failed: Text character limit of 500 exceeded"},"_links":{"self":[{"href":"https:\/\/www.europesays.com\/pl\/wp-json\/wp\/v2\/posts\/156721","targetHints":{"allow":["GET"]}}],"collection":[{"href":"https:\/\/www.europesays.com\/pl\/wp-json\/wp\/v2\/posts"}],"about":[{"href":"https:\/\/www.europesays.com\/pl\/wp-json\/wp\/v2\/types\/post"}],"author":[{"embeddable":true,"href":"https:\/\/www.europesays.com\/pl\/wp-json\/wp\/v2\/users\/2"}],"replies":[{"embeddable":true,"href":"https:\/\/www.europesays.com\/pl\/wp-json\/wp\/v2\/comments?post=156721"}],"version-history":[{"count":0,"href":"https:\/\/www.europesays.com\/pl\/wp-json\/wp\/v2\/posts\/156721\/revisions"}],"wp:featuredmedia":[{"embeddable":true,"href":"https:\/\/www.europesays.com\/pl\/wp-json\/wp\/v2\/media\/156722"}],"wp:attachment":[{"href":"https:\/\/www.europesays.com\/pl\/wp-json\/wp\/v2\/media?parent=156721"}],"wp:term":[{"taxonomy":"category","embeddable":true,"href":"https:\/\/www.europesays.com\/pl\/wp-json\/wp\/v2\/categories?post=156721"},{"taxonomy":"post_tag","embeddable":true,"href":"https:\/\/www.europesays.com\/pl\/wp-json\/wp\/v2\/tags?post=156721"}],"curies":[{"name":"wp","href":"https:\/\/api.w.org\/{rel}","templated":true}]}}