{"id":156723,"date":"2025-12-17T20:23:09","date_gmt":"2025-12-17T20:23:09","guid":{"rendered":"https:\/\/www.europesays.com\/pl\/156723\/"},"modified":"2025-12-17T20:23:09","modified_gmt":"2025-12-17T20:23:09","slug":"goraco-w-sejmie-nie-ma-pan-prawa-tak-mowic-do-prezydenta-lawy-pis-wstaly-2","status":"publish","type":"post","link":"https:\/\/www.europesays.com\/pl\/156723\/","title":{"rendered":"Gor\u0105co w Sejmie: &#8222;Nie ma pan prawa tak m\u00f3wi\u0107 do prezydenta!&#8221;. \u0141awy PiS wsta\u0142y"},"content":{"rendered":"<ul class=\"UnorderedList_container__nmfSl\">\n<li class=\"UnorderedList_listElement__Py7xi\" data-id=\"ai-summary-link\">Du\u017co czytania, a ma\u0142o czasu? Sprawd\u017a\u00a0skr\u00f3t\u00a0artyku\u0142u<\/li>\n<\/ul>\n<p>Dlaczego to jest wa\u017cne? <\/p>\n<p class=\"Paragraph_desktopParagraph__U31Gm\"><a href=\"https:\/\/wiadomosci.onet.pl\/kraj\/weto-karola-nawrockiego-do-ustawy-lancuchowej-sejm-podjal-decyzje\/76rpf64\" id=\"59a97e34-765e-4112-a5fd-a1aa49e54550\" rel=\"nofollow noopener\" target=\"_blank\">Sejm w \u015brod\u0119 zag\u0142osowa\u0142 przeciwko odrzuceniu weta prezydenta Karola Nawrockiego dotycz\u0105cego tzw. ustawy \u0142a\u0144cuchowej<\/a>. &#8222;Za&#8221; projektem g\u0142osowa\u0142o 246 pos\u0142\u00f3w, &#8222;przeciw&#8221; 192. Wcze\u015bniej dosz\u0142o do kr\u00f3tkiej debaty, g\u0142os dwukrotnie zabiera\u0142 szef prezydenckiej kancelarii Zbigniew Bogucki.<\/p>\n<ul class=\"OchatFollowUps_wrapper__1ry7X\">\n<li class=\"OchatFollowUps_item__Dhyly OchatFollowUps_itemDesktop__R6aBv\">Co wywo\u0142a\u0142o emocje w Sejmie?<\/li>\n<li class=\"OchatFollowUps_item__Dhyly OchatFollowUps_itemDesktop__R6aBv\">Jakie g\u0142osowanie mia\u0142o miejsce w Sejmie?<\/li>\n<li class=\"OchatFollowUps_item__Dhyly OchatFollowUps_itemDesktop__R6aBv\">Co krytycznego powiedzia\u0142 Bogucki do Tuska?<\/li>\n<li class=\"OchatFollowUps_item__Dhyly OchatFollowUps_itemDesktop__R6aBv\">Jak zareagowa\u0142 Czarzasty na wyst\u0105pienie Boguckiego?<\/li>\n<\/ul>\n<p>Co powiedzia\u0142 Bogucki do Tuska? <\/p>\n<p class=\"Paragraph_desktopParagraph__U31Gm\">Prezydencki minister komentowa\u0142 wpisy Tuska z serwisu X po\u015bwi\u0119cone Nawrockiemu. Jeden z nich brzmia\u0142: <a href=\"https:\/\/wiadomosci.onet.pl\/kraj\/donald-tusk-uderza-w-politycznych-rywali-na-lancuchu\/tf3l0mm\" id=\"c8b9a053-8001-4c2f-bc17-110689fdb4a3\" rel=\"nofollow noopener\" target=\"_blank\">&#8222;Kochaj\u0105 psy i Polsk\u0119. Na \u0142a\u0144cuchu. PiS, Nawrocki, Konfederacja&#8221;<\/a>. \u2014 Czym to jest panie premierze jak nie pod\u0142o\u015bci\u0105? To nie jest pod\u0142o\u015b\u0107, zwraca\u0107 si\u0119 do parlamentarzyst\u00f3w i m\u00f3wi\u0107 w taki spos\u00f3b? Gdybym chcia\u0142 by\u0107 z\u0142o\u015bliwy, to bym zapyta\u0142, na czyim pan by\u0142 \u0142a\u0144cuchu kilkana\u015bcie czy kilka lat temu? Na czyim \u0142a\u0144cuchu pan wtedy by\u0142, <a href=\"https:\/\/wiadomosci.onet.pl\/swiat\/rosyjskie-media-o-tusku-nasz-czlowiek-w-warszawie\/pdj06\" id=\"fed50e37-f992-4b5a-96fc-e54953f2620f\" rel=\"nofollow noopener\" target=\"_blank\">kiedy ruska propaganda nazywa\u0142a pana ich cz\u0142owiekiem w Warszawie<\/a>? \u2014 pyta\u0142 Bogucki, a pos\u0142owie PiS nagrodzili go owacj\u0105 na stoj\u0105co.<\/p>\n<p>Co powiedzia\u0142 Bogucki do Czarzastego? <\/p>\n<p class=\"Paragraph_desktopParagraph__U31Gm\">Szef prezydenckiej kancelarii odni\u00f3s\u0142 si\u0119 tak\u017ce do s\u0142\u00f3w marsza\u0142ka Sejmu, \u017ce Karol Nawrocki jest zbudowany z &#8222;nacjonalistycznych obsesji&#8221;: \u2014 Prezydent Nawrocki jest zbudowany na idei wolnej, suwerennej, dumnej Polski. Pan panie marsza\u0142ku jest zbudowany na idei Polskiej Zjednoczonej Partii Robotniczej [PZPR]. Nie ma pan prawa tak m\u00f3wi\u0107 do prezydenta \u2014 grzmia\u0142 Bogucki. Tym razem \u0142awy PiS wsta\u0142y i g\u0142o\u015bno skandowa\u0142y has\u0142o &#8222;precz z komun\u0105&#8221;.<\/p>\n<p>Jak zareagowa\u0142 Czarzasty? <\/p>\n<p class=\"Paragraph_desktopParagraph__U31Gm\">\u2014 Niech ka\u017cdy b\u0119dzie gospodarzem w swoim pa\u0142acu. Pan prezydent ma d\u0142ugopis w swoim pa\u0142acu, a marsza\u0142ek ma d\u0142ugopis w Sejmie. Zwracam panu uwag\u0119, \u017ce z 10 min wyst\u0105pienia jedn\u0105 minut\u0119 pan po\u015bwi\u0119ci\u0142 ustawie, a dziewi\u0119\u0107 swoim wymys\u0142om. Prosz\u0119 o tym na przysz\u0142o\u015b\u0107 pami\u0119ta\u0107 \u2014 powiedzia\u0142 W\u0142odzimierz Czarzasty po wyst\u0105pieniu Zbigniewa Boguckiego.<\/p>\n","protected":false},"excerpt":{"rendered":"Du\u017co czytania, a ma\u0142o czasu? Sprawd\u017a\u00a0skr\u00f3t\u00a0artyku\u0142u Dlaczego to jest wa\u017cne? Sejm w \u015brod\u0119 zag\u0142osowa\u0142 przeciwko odrzuceniu weta prezydenta&hellip;\n","protected":false},"author":2,"featured_media":156682,"comment_status":"","ping_status":"","sticky":false,"template":"","format":"standard","meta":{"footnotes":""},"categories":[5],"tags":[32,33,200,36,37,27,34,35,28,31,53,25,52,68,51,55,42,38,40,39,41,47,5930,29,30,65,50,26,5700,788],"class_list":{"0":"post-156723","1":"post","2":"type-post","3":"status-publish","4":"format-standard","5":"has-post-thumbnail","7":"category-naglowki","8":"tag-breaking-news","9":"tag-breakingnews","10":"tag-donald_tusk_polityk","11":"tag-featured-news","12":"tag-featurednews","13":"tag-headlines","14":"tag-latest-news","15":"tag-latestnews","16":"tag-naglowki","17":"tag-najwazniejsze-artykuly","18":"tag-new_header","19":"tag-news","20":"tag-onet3","21":"tag-onet3d","22":"tag-onet3d_2i","23":"tag-phx","24":"tag-pl","25":"tag-poland","26":"tag-polish","27":"tag-polska","28":"tag-polski","29":"tag-screening_general","30":"tag-sejm_rp_posel_poslanka_poslowie","31":"tag-top-stories","32":"tag-topstories","33":"tag-update_me","34":"tag-v2021","35":"tag-wiadomosci","36":"tag-wlodzimierz_czarzasty_polityk","37":"tag-zbigniew_bogucki"},"share_on_mastodon":{"url":"https:\/\/pubeurope.com\/@pl\/115736779805288045","error":""},"_links":{"self":[{"href":"https:\/\/www.europesays.com\/pl\/wp-json\/wp\/v2\/posts\/156723","targetHints":{"allow":["GET"]}}],"collection":[{"href":"https:\/\/www.europesays.com\/pl\/wp-json\/wp\/v2\/posts"}],"about":[{"href":"https:\/\/www.europesays.com\/pl\/wp-json\/wp\/v2\/types\/post"}],"author":[{"embeddable":true,"href":"https:\/\/www.europesays.com\/pl\/wp-json\/wp\/v2\/users\/2"}],"replies":[{"embeddable":true,"href":"https:\/\/www.europesays.com\/pl\/wp-json\/wp\/v2\/comments?post=156723"}],"version-history":[{"count":0,"href":"https:\/\/www.europesays.com\/pl\/wp-json\/wp\/v2\/posts\/156723\/revisions"}],"wp:featuredmedia":[{"embeddable":true,"href":"https:\/\/www.europesays.com\/pl\/wp-json\/wp\/v2\/media\/156682"}],"wp:attachment":[{"href":"https:\/\/www.europesays.com\/pl\/wp-json\/wp\/v2\/media?parent=156723"}],"wp:term":[{"taxonomy":"category","embeddable":true,"href":"https:\/\/www.europesays.com\/pl\/wp-json\/wp\/v2\/categories?post=156723"},{"taxonomy":"post_tag","embeddable":true,"href":"https:\/\/www.europesays.com\/pl\/wp-json\/wp\/v2\/tags?post=156723"}],"curies":[{"name":"wp","href":"https:\/\/api.w.org\/{rel}","templated":true}]}}