{"id":156731,"date":"2025-12-17T20:29:11","date_gmt":"2025-12-17T20:29:11","guid":{"rendered":"https:\/\/www.europesays.com\/pl\/156731\/"},"modified":"2025-12-17T20:29:11","modified_gmt":"2025-12-17T20:29:11","slug":"akty-dywersji-na-kolei-wystawiono-czerwone-noty-interpolu","status":"publish","type":"post","link":"https:\/\/www.europesays.com\/pl\/156731\/","title":{"rendered":"Akty dywersji na kolei. &#8222;Wystawiono czerwone noty Interpolu&#8221;"},"content":{"rendered":"<p>W skr\u00f3cie<\/p>\n<ul class=\"typography ids-typeset-body ids-typeset-body--preset-large list ids-list ids-list--unordered ids-list--size-large \" datatype=\"disc\">\n<li class=\"ids-list-item\">\n<p>Za podejrzanymi o akty dywersji na kolei wystawiono czerwone noty Interpolu.<\/p>\n<\/li>\n<li class=\"ids-list-item\">\n<p>Dw\u00f3ch m\u0119\u017cczyzn podejrzanych o sabota\u017c kolejowy podejrzewanych jest o wsp\u00f3\u0142prac\u0119 z rosyjskim wywiadem.<\/p>\n<\/li>\n<li class=\"ids-list-item\">\n<p>Trzecia osoba, zatrzymana przez polskie s\u0142u\u017cby, us\u0142ysza\u0142a zarzut pomocnictwa.<\/p>\n<\/li>\n<li class=\"ids-list-item\"><\/li>\n<\/ul>\n<p class=\"typography ids-typeset-body ids-typeset-body--preset-large link paragraph ids-paragraph ids-paragraph--default\">Komunikat Marcina Kierwi\u0144skiego pojawi\u0142 si\u0119 w \u015brod\u0119 wieczorem na platformie X.<\/p>\n<p class=\"typography ids-typeset-body ids-typeset-body--preset-large link paragraph ids-paragraph ids-paragraph--default\">Informacje przekazan\u0105 przez szefa MSWiA potwierdzi\u0142a tak\u017ce policja.<\/p>\n<p class=\"typography ids-typeset-body ids-typeset-body--preset-large link paragraph ids-paragraph ids-paragraph--default\">&#8222;17 grudnia br. Sekretariat Generalny Interpolu przekaza\u0142 do Biura Mi\u0119dzynarodowej Wsp\u00f3\u0142pracy Policji KGP informacj\u0119, \u017ce zosta\u0142y opublikowane czerwone noty dot. podejrzanych o dokonanie w powiecie garwoli\u0144skim w dniach 15-16 listopada br. akt\u00f3w dywersji o charakterze terrorystycznym na rzecz wywiadu Federacji Rosyjskiej&#8221; &#8211; czytamy w komunikacie.<\/p>\n<p>Akty dywersji na polskiej kolei. Za podejrzanymi wystawiono czerwone noty Interpolu<\/p>\n<p class=\"typography ids-typeset-body ids-typeset-body--preset-large link paragraph ids-paragraph ids-paragraph--default\">Wnioski o obj\u0119cie czerwon\u0105 not\u0105 Interpolu dw\u00f3ch podejrzanych o akty dywersji na trasie kolejowej Warszawa-Dorohusk zosta\u0142y z\u0142o\u017cone przez Prokuratur\u0119 Krajow\u0105 7 grudnia.<\/p>\n<p class=\"typography ids-typeset-body ids-typeset-body--preset-large link paragraph ids-paragraph ids-paragraph--default\">Obj\u0119cie czerwon\u0105 not\u0105 Interpolu oznacza, \u017ce podejrzani b\u0119d\u0105 \u015bcigani na terenie ponad 190 pa\u0144stw, a ka\u017cdy kraj, kt\u00f3ry ujawni osob\u0119 poszukiwan\u0105 czerwon\u0105 not\u0105 u siebie, zobligowany jest j\u0105 zatrzyma\u0107 i przekaza\u0107 stronie polskiej<\/p>\n<p class=\"typography ids-typeset-body ids-typeset-body--preset-large link paragraph ids-paragraph ids-paragraph--default\">Wystawienie za podejrzanymi czerwonej noty Interpolu jest konsekwencj\u0105 ustale\u0144 \u015bledczych, kt\u00f3rzy stwierdzili, \u017ce prawdopodobni sprawcy opu\u015bcili Polsk\u0119 jeszcze przed ustaleniem ich to\u017csamo\u015bci. Prawdopodobnie udali si\u0119 na Bia\u0142oru\u015b.<\/p>\n<p>Akty sabota\u017cu w Polsce. Poszukiwani us\u0142yszeli zarzuty<\/p>\n<p class=\"typography ids-typeset-body ids-typeset-body--preset-large link paragraph ids-paragraph ids-paragraph--default\">Poszukiwanym w zwi\u0105zku ze spraw\u0105 Jewgienijowi Iwanowowi i O\u0142eksandrowi Kononowowi prokuratura postawi\u0142a zarzuty, dotycz\u0105ce dokonania akt\u00f3w dywersji na rzecz wywiadu Federacji Rosyjskiej przeciwko Rzeczypospolitej Polskiej. Grozi im kara do\u017cywotniego pozbawienia wolno\u015bci.<\/p>\n<p class=\"typography ids-typeset-body ids-typeset-body--preset-large link paragraph ids-paragraph ids-paragraph--default\">Konkretnie chodzi o trzy artyku\u0142y &#8211; dotycz\u0105cy odmiany szpiegostwa w postaci akt\u00f3w sabota\u017cu na rzecz obcego wywiadu, spowodowania zagro\u017cenia katastrof\u0105 w ruchu l\u0105dowym i u\u017cywania materia\u0142\u00f3w wybuchowych.<\/p>\n<p class=\"typography ids-typeset-body ids-typeset-body--preset-large link paragraph ids-paragraph ids-paragraph--default\">Polskie s\u0142u\u017cby zatrzyma\u0142y tak\u017ce trzeci\u0105 osob\u0119 zwi\u0105zan\u0105 ze spraw\u0105 &#8211; Wo\u0142odymyra B, kt\u00f3ry us\u0142ysza\u0142 zarzut pomocnictwa w sprawie akt\u00f3w dywersji. M\u0119\u017cczyzna trafi\u0142 do aresztu.<\/p>\n<p class=\"typography ids-typeset-body ids-typeset-body--preset-large link paragraph ids-paragraph ids-paragraph--default\">Do akt\u00f3w dywersji na polskiej kolei dosz\u0142o w weekend, 15-16 listopada, na trasie Warszawa &#8211; Dorohusk. W Mice\u00a0eksplozja \u0142adunku wybuchowego zniszczy\u0142a tor kolejowy. W innym miejscu, niedaleko stacji kolejowej Go\u0142\u0105b, poci\u0105g z 475 pasa\u017cerami musia\u0142 nagle hamowa\u0107 z powodu uszkodzonej linii kolejowej.<\/p>\n<p>Morawiecki w &#8222;Go\u015bciu Wydarze\u0144&#8221; o Donaldzie Tusku: Prze\u015bcign\u0105\u0142 Jerzego UrbanaPolsat News<\/p>\n<p><a class=\"ids-undecorated-link source ids-page-info--source__link\" href=\"https:\/\/www.interia.pl\" rel=\"nofollow noopener\" target=\"_blank\"><img decoding=\"async\" class=\"ids-image-holder__img\" loading=\"lazy\" alt=\"\" title=\"\" height=\"24px\" src=\"https:\/\/www.europesays.com\/pl\/wp-content\/uploads\/2025\/12\/1765988111_375_0009A60QQ5I2TYF7-C202-F4.webp.webp\"\/><\/a><\/p>\n<p>Masz sugestie, uwagi albo widzisz b\u0142\u0105d? Napisz do nas<\/p>\n","protected":false},"excerpt":{"rendered":"W skr\u00f3cie Za podejrzanymi o akty dywersji na kolei wystawiono czerwone noty Interpolu. Dw\u00f3ch m\u0119\u017cczyzn podejrzanych o sabota\u017c&hellip;\n","protected":false},"author":2,"featured_media":69299,"comment_status":"","ping_status":"","sticky":false,"template":"","format":"standard","meta":{"footnotes":""},"categories":[12],"tags":[32,33,36,37,27,34,35,28,31,25,42,38,40,39,41,29,30,26],"class_list":{"0":"post-156731","1":"post","2":"type-post","3":"status-publish","4":"format-standard","5":"has-post-thumbnail","7":"category-polska","8":"tag-breaking-news","9":"tag-breakingnews","10":"tag-featured-news","11":"tag-featurednews","12":"tag-headlines","13":"tag-latest-news","14":"tag-latestnews","15":"tag-naglowki","16":"tag-najwazniejsze-artykuly","17":"tag-news","18":"tag-pl","19":"tag-poland","20":"tag-polish","21":"tag-polska","22":"tag-polski","23":"tag-top-stories","24":"tag-topstories","25":"tag-wiadomosci"},"share_on_mastodon":{"url":"https:\/\/pubeurope.com\/@pl\/115736803432343206","error":""},"_links":{"self":[{"href":"https:\/\/www.europesays.com\/pl\/wp-json\/wp\/v2\/posts\/156731","targetHints":{"allow":["GET"]}}],"collection":[{"href":"https:\/\/www.europesays.com\/pl\/wp-json\/wp\/v2\/posts"}],"about":[{"href":"https:\/\/www.europesays.com\/pl\/wp-json\/wp\/v2\/types\/post"}],"author":[{"embeddable":true,"href":"https:\/\/www.europesays.com\/pl\/wp-json\/wp\/v2\/users\/2"}],"replies":[{"embeddable":true,"href":"https:\/\/www.europesays.com\/pl\/wp-json\/wp\/v2\/comments?post=156731"}],"version-history":[{"count":0,"href":"https:\/\/www.europesays.com\/pl\/wp-json\/wp\/v2\/posts\/156731\/revisions"}],"wp:featuredmedia":[{"embeddable":true,"href":"https:\/\/www.europesays.com\/pl\/wp-json\/wp\/v2\/media\/69299"}],"wp:attachment":[{"href":"https:\/\/www.europesays.com\/pl\/wp-json\/wp\/v2\/media?parent=156731"}],"wp:term":[{"taxonomy":"category","embeddable":true,"href":"https:\/\/www.europesays.com\/pl\/wp-json\/wp\/v2\/categories?post=156731"},{"taxonomy":"post_tag","embeddable":true,"href":"https:\/\/www.europesays.com\/pl\/wp-json\/wp\/v2\/tags?post=156731"}],"curies":[{"name":"wp","href":"https:\/\/api.w.org\/{rel}","templated":true}]}}