{"id":156732,"date":"2025-12-17T20:30:13","date_gmt":"2025-12-17T20:30:13","guid":{"rendered":"https:\/\/www.europesays.com\/pl\/156732\/"},"modified":"2025-12-17T20:30:13","modified_gmt":"2025-12-17T20:30:13","slug":"morawiecki-z-wlasna-partia-nowy-sondaz-pokazuje-zaskakujacy-potencjal-2","status":"publish","type":"post","link":"https:\/\/www.europesays.com\/pl\/156732\/","title":{"rendered":"Morawiecki z w\u0142asn\u0105 parti\u0105? Nowy sonda\u017c pokazuje zaskakuj\u0105cy potencja\u0142"},"content":{"rendered":"<ul class=\"UnorderedList_container__nmfSl\">\n<li class=\"UnorderedList_listElement__Py7xi\" data-id=\"ai-summary-link\">Du\u017co czytania, a ma\u0142o czasu? Sprawd\u017a\u00a0skr\u00f3t\u00a0artyku\u0142u<\/li>\n<\/ul>\n<p class=\"Paragraph_desktopParagraph__U31Gm\">Sonda\u017c zosta\u0142 zrealizowany w dniach 16-17 grudnia 2025 r. przez agencj\u0119 SW RESEARCH metod\u0105 wywiad\u00f3w on-line (CAWI \u2014 Computer-Assisted Web Interview) na panelu internetowym SW Panel. W ramach badania przeprowadzono 827 ankiet z og\u00f3lnopolsk\u0105 pr\u00f3b\u0105 doros\u0142ych. Zastosowano dob\u00f3r kwotowy \u2014 pr\u00f3ba by\u0142a reprezentatywna ze wzgl\u0119du na \u0142\u0105czny rozk\u0142ad p\u0142ci, wieku i klasy wielko\u015bci miejscowo\u015bci zamieszkania.<\/p>\n<p class=\"Paragraph_desktopParagraph__U31Gm\">***<\/p>\n<p class=\"Paragraph_desktopParagraph__U31Gm\"><a href=\"https:\/\/wiadomosci.onet.pl\/tylko-w-onecie\/kuriozalna-sytuacja-po-afterze-u-morawieckiego-dzwonili-zeby-sie-wytlumaczyc\/7wsj37e\" id=\"36c48516-ee01-4160-8f4b-bbabdf2378f4\" rel=\"nofollow noopener\" target=\"_blank\">Prawo i Sprawiedliwo\u015b\u0107 (PiS) stoi w obliczu powa\u017cnego kryzysu wewn\u0119trznego<\/a>. Sp\u00f3r dotyczy m.in. kierunku, w kt\u00f3rym partia ma pod\u0105\u017ca\u0107 przed wyborami parlamentarnymi. W jej \u0142onie pojawi\u0142o si\u0119 stronnictwo tzw. ma\u015blarzy, kt\u00f3re domaga si\u0119 mocnego skr\u0119tu w prawo, by walczy\u0107 o elektorat Konfederacji i Korony. W ich ocenie Mateusz Morawiecki jest zbyt umiarkowany, by by\u0107 nadal twarz\u0105 ugrupowania. Sam by\u0142y premier zapewnia, \u017ce nie zamierza opuszcza\u0107 PiS, ale najnowszy sonda\u017c pokazuje, \u017ce jego nazwisko wci\u0105\u017c ma spore znaczenie. Jego nowy projekt polityczny m\u00f3g\u0142by zmieni\u0107 uk\u0142ad si\u0142 w 2027 r.<\/p>\n<p class=\"VideoPlayerText_videoPlayerText__iDwyz\">Dalszy ci\u0105g materia\u0142u pod wideo<\/p>\n<ul class=\"OchatFollowUps_wrapper__1ry7X\">\n<li class=\"OchatFollowUps_item__Dhyly OchatFollowUps_itemDesktop__R6aBv\">Jaki by\u0142 wynik sonda\u017cu dotycz\u0105cego nowej partii Morawieckiego?<\/li>\n<li class=\"OchatFollowUps_item__Dhyly OchatFollowUps_itemDesktop__R6aBv\">Ile procent ankietowanych rozwa\u017cy\u0142oby g\u0142os na parti\u0119 Morawieckiego?<\/li>\n<li class=\"OchatFollowUps_item__Dhyly OchatFollowUps_itemDesktop__R6aBv\">Co s\u0105dz\u0105 respondenci o kierunku politycznym PiS?<\/li>\n<li class=\"OchatFollowUps_item__Dhyly OchatFollowUps_itemDesktop__R6aBv\">Jakie s\u0105 preferencje wyborcze Polak\u00f3w w kontek\u015bcie Morawieckiego?<\/li>\n<\/ul>\n<p>Nowy sonda\u017c: Morawiecki ma potencja\u0142 na w\u0142asne ugrupowanie <\/p>\n<p class=\"Paragraph_desktopParagraph__U31Gm\">Pytanie zadane uczestnikom sonda\u017cu SW Research brzmia\u0142o: &#8222;Gdyby Mateusz Morawiecki za\u0142o\u017cy\u0142 now\u0105 parti\u0119, czy rozwa\u017cy\u0142(a)by Pan\/Pani oddanie na ni\u0105 g\u0142osu w wyborach w 2027 r.?&#8221;.<\/p>\n<p class=\"Paragraph_desktopParagraph__U31Gm\">Ponad 17 proc. ankietowanych deklaruje, \u017ce rozwa\u017cy\u0142oby g\u0142os na parti\u0119 Morawieckiego. To wynik, kt\u00f3ry w polskich realiach daje solidny &#8222;sufit&#8221; poparcia i realn\u0105 szans\u0119 na odegranie istotnej roli w powyborczym rozdaniu.<\/p>\n<p class=\"Paragraph_desktopParagraph__U31Gm\">Jednak zdecydowana wi\u0119kszo\u015b\u0107 respondent\u00f3w (60 proc.) nie widzi siebie w roli wyborc\u00f3w nowego ugrupowania by\u0142ego premiera. Ten wynik pokazuje, \u017ce cho\u0107 potencja\u0142 istnieje, droga do szerokiego poparcia by\u0142aby trudna.<\/p>\n<p class=\"Paragraph_desktopParagraph__U31Gm\">Co pi\u0105ty badany (22,9 proc.) nie potrafi jednoznacznie odpowiedzie\u0107. To grupa, kt\u00f3ra w przysz\u0142o\u015bci mo\u017ce przechyli\u0107 szal\u0119 \u2014 w zale\u017cno\u015bci od programu, lider\u00f3w i sytuacji politycznej.<\/p>\n","protected":false},"excerpt":{"rendered":"Du\u017co czytania, a ma\u0142o czasu? Sprawd\u017a\u00a0skr\u00f3t\u00a0artyku\u0142u Sonda\u017c zosta\u0142 zrealizowany w dniach 16-17 grudnia 2025 r. przez agencj\u0119 SW&hellip;\n","protected":false},"author":2,"featured_media":156733,"comment_status":"","ping_status":"","sticky":false,"template":"","format":"standard","meta":{"footnotes":""},"categories":[5],"tags":[32,33,36,37,27,67,34,35,1656,28,31,53,25,52,68,51,55,42,38,40,39,41,868,47,366,1129,29,30,65,50,26],"class_list":{"0":"post-156732","1":"post","2":"type-post","3":"status-publish","4":"format-standard","5":"has-post-thumbnail","7":"category-naglowki","8":"tag-breaking-news","9":"tag-breakingnews","10":"tag-featured-news","11":"tag-featurednews","12":"tag-headlines","13":"tag-intextvideo_splayer","14":"tag-latest-news","15":"tag-latestnews","16":"tag-mateusz_morawiecki_polityk","17":"tag-naglowki","18":"tag-najwazniejsze-artykuly","19":"tag-new_header","20":"tag-news","21":"tag-onet3","22":"tag-onet3d","23":"tag-onet3d_2i","24":"tag-phx","25":"tag-pl","26":"tag-poland","27":"tag-polish","28":"tag-polska","29":"tag-polski","30":"tag-prawo_i_sprawiedliwosc_pis","31":"tag-screening_general","32":"tag-sondaz","33":"tag-sondaze_sondaz","34":"tag-top-stories","35":"tag-topstories","36":"tag-update_me","37":"tag-v2021","38":"tag-wiadomosci"},"share_on_mastodon":{"url":"https:\/\/pubeurope.com\/@pl\/115736807025562017","error":""},"_links":{"self":[{"href":"https:\/\/www.europesays.com\/pl\/wp-json\/wp\/v2\/posts\/156732","targetHints":{"allow":["GET"]}}],"collection":[{"href":"https:\/\/www.europesays.com\/pl\/wp-json\/wp\/v2\/posts"}],"about":[{"href":"https:\/\/www.europesays.com\/pl\/wp-json\/wp\/v2\/types\/post"}],"author":[{"embeddable":true,"href":"https:\/\/www.europesays.com\/pl\/wp-json\/wp\/v2\/users\/2"}],"replies":[{"embeddable":true,"href":"https:\/\/www.europesays.com\/pl\/wp-json\/wp\/v2\/comments?post=156732"}],"version-history":[{"count":0,"href":"https:\/\/www.europesays.com\/pl\/wp-json\/wp\/v2\/posts\/156732\/revisions"}],"wp:featuredmedia":[{"embeddable":true,"href":"https:\/\/www.europesays.com\/pl\/wp-json\/wp\/v2\/media\/156733"}],"wp:attachment":[{"href":"https:\/\/www.europesays.com\/pl\/wp-json\/wp\/v2\/media?parent=156732"}],"wp:term":[{"taxonomy":"category","embeddable":true,"href":"https:\/\/www.europesays.com\/pl\/wp-json\/wp\/v2\/categories?post=156732"},{"taxonomy":"post_tag","embeddable":true,"href":"https:\/\/www.europesays.com\/pl\/wp-json\/wp\/v2\/tags?post=156732"}],"curies":[{"name":"wp","href":"https:\/\/api.w.org\/{rel}","templated":true}]}}