{"id":156734,"date":"2025-12-17T20:31:11","date_gmt":"2025-12-17T20:31:11","guid":{"rendered":"https:\/\/www.europesays.com\/pl\/156734\/"},"modified":"2025-12-17T20:31:11","modified_gmt":"2025-12-17T20:31:11","slug":"sensacyjny-bohater-finalu-gigant-swietuje-dramatyczne-rzuty-karne-przeglad-sportowy-onet","status":"publish","type":"post","link":"https:\/\/www.europesays.com\/pl\/156734\/","title":{"rendered":"Sensacyjny bohater fina\u0142u! Gigant \u015bwi\u0119tuje, dramatyczne rzuty karne &#8211; Przegl\u0105d Sportowy Onet"},"content":{"rendered":"<ol>\n<li><a href=\"https:\/\/news.google.com\/rss\/articles\/CBMi3gFBVV95cUxOMkVpaWZkRjZWSUZybm9kdkIzRmtYZVp6NFlwdktjMDRYMzVSZk1DRnR3cXFlaG9HdEFIYjNnaXF6ckNMNlY4OXFQaFNBclRhQmNOMVY0SXlVWTE3TjUxREI0WUV5N1BmMmpwN1JaalVETUtmWExEYXBzc0V1TUYwREJTOVU1RW9QcXVTeUJuUzdLZDhadlk4X1dWTVVCdEFWbDlWX1NWUmg5Zml2WXZ2OUdlQUltdXRCdl9RdC1hZTM2cHdrXzc2a1N1SVMxOF96emVJYlloZXEwM054MHc?oc=5\" target=\"_blank\" rel=\"nofollow noopener\">Sensacyjny bohater fina\u0142u! Gigant \u015bwi\u0119tuje, dramatyczne rzuty karne<\/a>&nbsp;&nbsp;Przegl\u0105d Sportowy Onet<\/li>\n<li><a href=\"https:\/\/news.google.com\/rss\/articles\/CBMipwFBVV95cUxQdm5SbU9QRmVOSFFRQ1V5QUpsVG14dXRvSkNoQjA1UlZMY054YmR4Wm1IV0JnMnhxSU5mOGhPSHNSeTFXMHVaenk3OXF5eThkQ2dFSVFGSTJwbHZrREJRMFByUUE1SUVzUzN6NUNwcXRQYWx6bDdZRW5aZnpCUmxhVFdybE1BZXI3RUpvTGNjTE5pNXJsWlcwUGJtRDByd01RMXd6U1BRaw?oc=5\" target=\"_blank\" rel=\"nofollow noopener\">PSG z kolejnym tytu\u0142em. Absurdalny konkurs rzut\u00f3w karnych<\/a>&nbsp;&nbsp;SportoweFakty<\/li>\n<li><a href=\"https:\/\/news.google.com\/rss\/articles\/CBMif0FVX3lxTE9FMkRweEdlR0RJTHlFMVNkNXBtX3FVMV9iNXZTM1NMbDhGeU9EMnVVMndQaUZ1Y1RQcmxsV0dlN3BNa0k1c1VRVnFoV0xUU0dsVVJlZWZEemM0R0l1S3I1Y3FwMTJTRHlXSGtDcTg5VGg1RW5TSEQ1T0VtQ2VLdW8?oc=5\" target=\"_blank\" rel=\"nofollow noopener\">PSG &#8211; Flamengo 17\/12\/2025 | Pi\u0142ka no\u017cna<\/a>&nbsp;&nbsp;Flashscore.pl<\/li>\n<li><a href=\"https:\/\/news.google.com\/rss\/articles\/CBMimwFBVV95cUxPV29kNUxOWFFteHRMNl9ZclRVSDdrRDhBZ29wcWJqVFo2X21JOFFBQWdycWduTWVwRDFlVXlqOUVOaXN4N0sxZURhVmtwb3k4eUZlbFJsY1liZWo3ZDBjdGZXQm9Wbm9hVndXMjFSanJ5RVhzQnp4UE1VZzZVb1p4ZXZ3dndnTm1BbHVmU3k3UldfcHBQV0RGTGFaZw?oc=5\" target=\"_blank\" rel=\"nofollow noopener\">Kosmiczny wyczyn PSG. To si\u0119 w g\u0142owie nie mie\u015bci<\/a>&nbsp;&nbsp;Meczyki.pl<\/li>\n<li><a href=\"https:\/\/news.google.com\/rss\/articles\/CBMivwFBVV95cUxQakJ5QUJreVM2YVF0VVNNLXlJWkE5SzI3Q1lqS2xUN0owUnRiTFhTMHRMUW1tNGcyMGJPQjl0R1ZoTXlsek5KcUplbUxXcHgwa3FNV2pYc21FeFpVQldMRlY1U0FnTW1icV9xelktNl9RdEV0ZURsSWZ5cXROS2IwY2FqV1ZITF9PZ2R3QlZwOWFLWDZ0VkZmem45NGR3MDZCZXBDclBJd2x6OVJSenQ0X0Q1OXk0dHFybFBxcTN1ONIBxAFBVV95cUxNcXNuVVp2dFZRVmtMazZIZjgtaW5nSTVhYnlQeTdWVjRhYmJGWTlPcjZVOUZ2VndvN0NySmFFX2J3Q1k2Ukt6VGxIMlRnNzFmSmQ0UkhnTXJ2RWcyNG5wcEhKOFpPc3dEU3l4UnZXX1R4eWZwOTZaYmRlNVZRbnZpOV94QWhSY292ZW1EbDJnSElFSThmRWFfaXBuelNhQl9KSHNfWWhTV3V0Q1lvWExxZW5kZjVOZjljWDM1ckV0OTBCNTBB?oc=5\" target=\"_blank\" rel=\"nofollow noopener\">Mecz Paris Saint-Germain \u2013 Flamengo w finale Pucharu Interkontynentalnego. Kiedy i o kt\u00f3rej godzinie?<\/a>&nbsp;&nbsp;sport.tvp.pl<\/li>\n<\/ol>\n","protected":false},"excerpt":{"rendered":"Sensacyjny bohater fina\u0142u! Gigant \u015bwi\u0119tuje, dramatyczne rzuty karne&nbsp;&nbsp;Przegl\u0105d Sportowy Onet PSG z kolejnym tytu\u0142em. Absurdalny konkurs rzut\u00f3w karnych&nbsp;&nbsp;SportoweFakty&hellip;\n","protected":false},"author":2,"featured_media":156735,"comment_status":"","ping_status":"","sticky":false,"template":"","format":"standard","meta":{"footnotes":""},"categories":[24],"tags":[1285,31020,67,30463,3507,42,38,40,39,41,136,28861,908,128,47,127,135,126,130],"class_list":{"0":"post-156734","1":"post","2":"type-post","3":"status-publish","4":"format-standard","5":"has-post-thumbnail","7":"category-sport","8":"tag-fifa","9":"tag-flamengo","10":"tag-intextvideo_splayer","11":"tag-klubowe_mistrzostwa_swiata","12":"tag-paris_saint_germain_f-c","13":"tag-pl","14":"tag-poland","15":"tag-polish","16":"tag-polska","17":"tag-polski","18":"tag-ps_detal_new","19":"tag-ps_omp_tst0","20":"tag-psg","21":"tag-psv2","22":"tag-screening_general","23":"tag-sport","24":"tag-sport_sport","25":"tag-sports","26":"tag-wiadomosci_sportowe"},"share_on_mastodon":{"url":"https:\/\/pubeurope.com\/@pl\/115736811036726350","error":""},"_links":{"self":[{"href":"https:\/\/www.europesays.com\/pl\/wp-json\/wp\/v2\/posts\/156734","targetHints":{"allow":["GET"]}}],"collection":[{"href":"https:\/\/www.europesays.com\/pl\/wp-json\/wp\/v2\/posts"}],"about":[{"href":"https:\/\/www.europesays.com\/pl\/wp-json\/wp\/v2\/types\/post"}],"author":[{"embeddable":true,"href":"https:\/\/www.europesays.com\/pl\/wp-json\/wp\/v2\/users\/2"}],"replies":[{"embeddable":true,"href":"https:\/\/www.europesays.com\/pl\/wp-json\/wp\/v2\/comments?post=156734"}],"version-history":[{"count":0,"href":"https:\/\/www.europesays.com\/pl\/wp-json\/wp\/v2\/posts\/156734\/revisions"}],"wp:featuredmedia":[{"embeddable":true,"href":"https:\/\/www.europesays.com\/pl\/wp-json\/wp\/v2\/media\/156735"}],"wp:attachment":[{"href":"https:\/\/www.europesays.com\/pl\/wp-json\/wp\/v2\/media?parent=156734"}],"wp:term":[{"taxonomy":"category","embeddable":true,"href":"https:\/\/www.europesays.com\/pl\/wp-json\/wp\/v2\/categories?post=156734"},{"taxonomy":"post_tag","embeddable":true,"href":"https:\/\/www.europesays.com\/pl\/wp-json\/wp\/v2\/tags?post=156734"}],"curies":[{"name":"wp","href":"https:\/\/api.w.org\/{rel}","templated":true}]}}