{"id":156742,"date":"2025-12-17T20:36:13","date_gmt":"2025-12-17T20:36:13","guid":{"rendered":"https:\/\/www.europesays.com\/pl\/156742\/"},"modified":"2025-12-17T20:36:13","modified_gmt":"2025-12-17T20:36:13","slug":"mokotow-szukaja-mezczyzn-ze-zdjec-chodzi-o-grozby","status":"publish","type":"post","link":"https:\/\/www.europesays.com\/pl\/156742\/","title":{"rendered":"Mokot\u00f3w. Szukaj\u0105 m\u0119\u017cczyzn ze zdj\u0119\u0107, chodzi o gro\u017aby"},"content":{"rendered":"<p><img decoding=\"async\" src=\"https:\/\/www.europesays.com\/pl\/wp-content\/uploads\/2025\/12\/1766003770_309_WEBP_FREE_320.webp\"   alt=\"Policja poszukuje dw\u00f3ch m\u0119\u017cczyzn podejrzanych o kierowanie gr\u00f3\u017ab \" loading=\"lazy\" class=\"sc-eqUAAyy sc-fqkvVRy rseJJy gAuUMIy Picture Picture--free\" part=\"Picture Picture--free\"\/><\/p>\n<p>Policja poszukuje dw\u00f3ch m\u0119\u017cczyzn podejrzanych o kierowanie gr\u00f3\u017ab <\/p>\n<p>\u0179r\u00f3d\u0142o: KRP II<\/p>\n<p><img decoding=\"async\" src=\"https:\/\/www.europesays.com\/pl\/wp-content\/uploads\/2025\/12\/1766003771_304_WEBP_FREE_320.webp\"   alt=\"Policja poszukuje dw\u00f3ch m\u0119\u017cczyzn podejrzanych o kierowanie gr\u00f3\u017ab \" loading=\"lazy\" class=\"sc-eqUAAyy sc-fqkvVRy rseJJy gAuUMIy Picture Picture--free\" part=\"Picture Picture--free\"\/><\/p>\n<p>Policja poszukuje dw\u00f3ch m\u0119\u017cczyzn podejrzanych o kierowanie gr\u00f3\u017ab <\/p>\n<p>\u0179r\u00f3d\u0142o: KRP II<\/p>\n<p><img decoding=\"async\" src=\"https:\/\/www.europesays.com\/pl\/wp-content\/uploads\/2025\/12\/1766003772_763_WEBP_FREE_320.webp\"   alt=\"Policja poszukuje dw\u00f3ch m\u0119\u017cczyzn podejrzanych o kierowanie gr\u00f3\u017ab \" loading=\"lazy\" class=\"sc-eqUAAyy sc-fqkvVRy rseJJy gAuUMIy Picture Picture--free\" part=\"Picture Picture--free\"\/><\/p>\n<p>Policja poszukuje dw\u00f3ch m\u0119\u017cczyzn podejrzanych o kierowanie gr\u00f3\u017ab <\/p>\n<p>\u0179r\u00f3d\u0142o: KRP II<\/p>\n<p><img decoding=\"async\" src=\"https:\/\/www.europesays.com\/pl\/wp-content\/uploads\/2025\/12\/1766003773_947_WEBP_FREE_320.webp\"   alt=\"Policja poszukuje dw\u00f3ch m\u0119\u017cczyzn podejrzanych o kierowanie gr\u00f3\u017ab \" loading=\"lazy\" class=\"sc-eqUAAyy sc-fqkvVRy rseJJy gAuUMIy Picture Picture--free\" part=\"Picture Picture--free\"\/><\/p>\n<p>Policja poszukuje dw\u00f3ch m\u0119\u017cczyzn podejrzanych o kierowanie gr\u00f3\u017ab <\/p>\n<p>\u0179r\u00f3d\u0142o: KRP II<\/p>\n<p>Policjanci z Mokotowa poszukuj\u0105 dw\u00f3ch m\u0119\u017cczyzn w zwi\u0105zku z gro\u017abami karalnymi wobec pracownika sklepu jubilerskiego. Mogli oni odwiedzi\u0107 wi\u0119cej sklep\u00f3w. Opublikowano zdj\u0119cia z monitoringu, na kt\u00f3rych wida\u0107 wizerunki podejrzewanych. <\/p>\n<p class=\"sc-aXZVgy sc-gEvEery ldavXXy dUmtgUy sc-gHCuMny sc-dkkA-Dcy chcjuDy iqYeLUy Paragraph TextBox\" part=\"Paragraph TextBox\" data-paragraph=\"\">Jak informuje w komunikacie Komenda Rejonowa Policji Warszawa II, do zdarzenia dosz\u0142o 12 listopada 2025 r. w Warszawie przy ul. Sonaty. M\u0119\u017cczy\u017ani mieli grozi\u0107 pracownikowi sklepu jubilerskiego. Policja nie ujawnia z jakiego powodu. Z dotychczasowych ustale\u0144 wynika jednak, \u017ce mogli oni tego dnia odwiedzi\u0107 wi\u0119cej sklep\u00f3w.<\/p>\n<p>Policja publikuje wizerunki podejrzanych <\/p>\n<p class=\"sc-aXZVgy sc-gEvEery ldavXXy dUmtgUy sc-gHCuMny sc-dkkA-Dcy chcjuDy iqYeLUy Paragraph TextBox\" part=\"Paragraph TextBox\" data-paragraph=\"\">Jeden z m\u0119\u017cczyzn, kt\u00f3rego zarejestrowa\u0142y kamery monitoringu ma oko\u0142o 50 &#8211; 60 lat, \u015bredni\u0105 budow\u0119 cia\u0142a, oko\u0142o 170 cm wzrostu, siwy zarost na twarzy i charakterystyczne bruzdy nosowe. W momencie zdarzenia na szyi mia\u0142 zawieszone s\u0142uchawki bezprzewodowe koloru szarego, czarn\u0105 czapk\u0119 z daszkiem, czarne spodnie, kurtk\u0119 na suwak koloru czerwonego oraz podr\u00f3\u017cn\u0105 walizk\u0119 koloru niebieskiego.<\/p>\n<p class=\"sc-aXZVgy sc-gEvEery ldavXXy dUmtgUy sc-gHCuMny sc-dkkA-Dcy chcjuDy iqYeLUy Paragraph TextBox\" part=\"Paragraph TextBox\" data-paragraph=\"\">Druga z os\u00f3b, kt\u00f3ra r\u00f3wnie\u017c mog\u0142a mie\u0107 zwi\u0105zek ze zdarzeniem, to m\u0119\u017cczyzna w wieku oko\u0142o 50 lat, \u015bredniej budowy cia\u0142a, z d\u0142u\u017cszymi w\u0142osami zaczesanymi do ty\u0142u w kucyk, mierz\u0105cy oko\u0142o 180 cm wzrostu, ubrany w kurtk\u0119 koloru ciemnozielonego, szar\u0105 bluz\u0119 z kapturem, spodnie dresowe koloru szarego b\u0105d\u017a granatowego i be\u017cowe buty.<\/p>\n<p class=\"sc-aXZVgy sc-gEvEery ldavXXy dUmtgUy sc-gHCuMny sc-dkkA-Dcy chcjuDy iqYeLUy Paragraph TextBox\" part=\"Paragraph TextBox\" data-paragraph=\"\">&#8222;Wszystkie osoby, kt\u00f3re rozpoznaj\u0105 m\u0119\u017cczyzn zach\u0119camy do kontaktu z policjantami prowadz\u0105cymi t\u0119 spraw\u0119, w siedzibie jednostki przy ul. Malczewskiego lub pod numerem tel. 47 723 92 50 lub 47 723 92 52. Informacje mo\u017cna te\u017c przesy\u0142a\u0107 na adres e-mail: oficer.prasowy.krp2@ksp.policja.gov.pl&#8221; &#8211; informuje policja. <\/p>\n<p class=\"sc-aXZVgy sc-gEvEery ldavXXy dUmtgUy sc-gHCuMny sc-dkkA-Dcy chcjuDy iqYeLUy sc-eRdibty sc-dTciy iXTDvxy bKTejPy ArticleMetaItem Paragraph TextBox\" part=\"ArticleMetaItem Paragraph TextBox\">Autorka\/Autor: dg\/gp<\/p>\n<p class=\"sc-aXZVgy sc-gEvEery ldavXXy dUmtgUy sc-gHCuMny sc-dkkA-Dcy chcjuDy iqYeLUy sc-eRdibty sc-dTciy iXTDvxy bKTejPy ArticleMetaItem Paragraph TextBox\" part=\"ArticleMetaItem Paragraph TextBox\">\u0179r\u00f3d\u0142o: tvnwarszawa.pl<\/p>\n<p class=\"sc-aXZVgy sc-gEvEery ldavXXy dUmtgUy sc-gHCuMny sc-dkkA-Dcy chcjuDy iqYeLUy sc-eRdibty sc-dTciy iXTDvxy bKTejPy ArticleMetaItem Paragraph TextBox\" part=\"ArticleMetaItem Paragraph TextBox\">\u0179r\u00f3d\u0142o zdj\u0119cia g\u0142\u00f3wnego: KRP II<\/p>\n","protected":false},"excerpt":{"rendered":"Policja poszukuje dw\u00f3ch m\u0119\u017cczyzn podejrzanych o kierowanie gr\u00f3\u017ab \u0179r\u00f3d\u0142o: KRP II Policja poszukuje dw\u00f3ch m\u0119\u017cczyzn podejrzanych o kierowanie&hellip;\n","protected":false},"author":2,"featured_media":156743,"comment_status":"","ping_status":"","sticky":false,"template":"","format":"standard","meta":{"footnotes":""},"categories":[12],"tags":[32,33,36,37,27,34,35,28,31,25,42,38,40,39,41,29,30,26],"class_list":{"0":"post-156742","1":"post","2":"type-post","3":"status-publish","4":"format-standard","5":"has-post-thumbnail","7":"category-polska","8":"tag-breaking-news","9":"tag-breakingnews","10":"tag-featured-news","11":"tag-featurednews","12":"tag-headlines","13":"tag-latest-news","14":"tag-latestnews","15":"tag-naglowki","16":"tag-najwazniejsze-artykuly","17":"tag-news","18":"tag-pl","19":"tag-poland","20":"tag-polish","21":"tag-polska","22":"tag-polski","23":"tag-top-stories","24":"tag-topstories","25":"tag-wiadomosci"},"share_on_mastodon":{"url":"https:\/\/pubeurope.com\/@pl\/115736830824090492","error":""},"_links":{"self":[{"href":"https:\/\/www.europesays.com\/pl\/wp-json\/wp\/v2\/posts\/156742","targetHints":{"allow":["GET"]}}],"collection":[{"href":"https:\/\/www.europesays.com\/pl\/wp-json\/wp\/v2\/posts"}],"about":[{"href":"https:\/\/www.europesays.com\/pl\/wp-json\/wp\/v2\/types\/post"}],"author":[{"embeddable":true,"href":"https:\/\/www.europesays.com\/pl\/wp-json\/wp\/v2\/users\/2"}],"replies":[{"embeddable":true,"href":"https:\/\/www.europesays.com\/pl\/wp-json\/wp\/v2\/comments?post=156742"}],"version-history":[{"count":0,"href":"https:\/\/www.europesays.com\/pl\/wp-json\/wp\/v2\/posts\/156742\/revisions"}],"wp:featuredmedia":[{"embeddable":true,"href":"https:\/\/www.europesays.com\/pl\/wp-json\/wp\/v2\/media\/156743"}],"wp:attachment":[{"href":"https:\/\/www.europesays.com\/pl\/wp-json\/wp\/v2\/media?parent=156742"}],"wp:term":[{"taxonomy":"category","embeddable":true,"href":"https:\/\/www.europesays.com\/pl\/wp-json\/wp\/v2\/categories?post=156742"},{"taxonomy":"post_tag","embeddable":true,"href":"https:\/\/www.europesays.com\/pl\/wp-json\/wp\/v2\/tags?post=156742"}],"curies":[{"name":"wp","href":"https:\/\/api.w.org\/{rel}","templated":true}]}}