{"id":156748,"date":"2025-12-17T20:39:15","date_gmt":"2025-12-17T20:39:15","guid":{"rendered":"https:\/\/www.europesays.com\/pl\/156748\/"},"modified":"2025-12-17T20:39:15","modified_gmt":"2025-12-17T20:39:15","slug":"30-letnia-helen-mirren-w-bikini-to-zdjecie-rozbilo-internet","status":"publish","type":"post","link":"https:\/\/www.europesays.com\/pl\/156748\/","title":{"rendered":"30-letnia Helen Mirren w bikini. To zdj\u0119cie &#8222;rozbi\u0142o&#8221; internet"},"content":{"rendered":"<p class=\"ods-c-paragraph \"><a href=\"https:\/\/plejada.pl\/temat\/helen-mirren\/61e000w\" id=\"f2989b9d-2781-455c-a61a-8507cd73485c\" rel=\"nofollow noopener\" target=\"_blank\">Helen Mirren<\/a> jest jedyn\u0105 osob\u0105, kt\u00f3ra zdoby\u0142a zar\u00f3wno ameryka\u0144sk\u0105, jak i brytyjsk\u0105 Potr\u00f3jn\u0105 Koron\u0119 Aktorstwa. Otrzyma\u0142a Oscara, nagrod\u0119 Emmy oraz Tony, a tak\u017ce nagrody BAFTA i Laurence Olivier Award. W 2003 r. zosta\u0142a uhonorowana tytu\u0142em Dame Commander Orderu Imperium Brytyjskiego (DBE).<\/p>\n<p class=\"ods-c-paragraph \">Do najbardziej znanych r\u00f3l Helen Mirren nale\u017cy posta\u0107 nadinspektor Jane Tennison w serialu &#8222;Prime Suspect&#8221;. Za t\u0119 kreacj\u0119 aktorka zdoby\u0142a uznanie zar\u00f3wno widz\u00f3w, jak i krytyk\u00f3w. W jej dorobku znajduje si\u0119 r\u00f3wnie\u017c nagrodzona Emmy rola kr\u00f3lowej El\u017cbiety I w miniserialu &#8222;Elizabeth I&#8221;. Mirren zyska\u0142a mi\u0119dzynarodow\u0105 s\u0142aw\u0119 dzi\u0119ki wyrazistym rolom historycznych kobiet. Jej interpretacje postaci kr\u00f3lewskich oraz silnych, niezale\u017cnych bohaterek ugruntowa\u0142y jej pozycj\u0119 w \u015bwiatowym kinie. Aktorka otrzyma\u0142a Oscara za rol\u0119 w filmie &#8222;Kr\u00f3lowa&#8221;.<\/p>\n<p>Dalszy ci\u0105g artyku\u0142u pod materia\u0142em wideo<\/p>\n<p> Jakie nagrody zdoby\u0142a Helen Mirren? <\/p>\n<p> W jakim serialu gra\u0142a Helen Mirren? <\/p>\n<p> Jakie zdj\u0119cie sta\u0142o si\u0119 popularne w sieci? <\/p>\n<p> Kiedy wykonano zdj\u0119cie Helen Mirren w bikini? <\/p>\n<p>  Tak wygl\u0105da\u0142a Helen Mirren 50 lat temu<\/p>\n<p class=\"ods-c-paragraph \">Na Instagramie pojawi\u0142o si\u0119 zdj\u0119cie, kt\u00f3re przedstawia 30-letni\u0105 Helen Mirren w niebieskim bikini. Fotografia wykonana w 1975 r. szybko zdoby\u0142a popularno\u015b\u0107 w sieci.<\/p>\n<blockquote class=\"ods-o-quota\">\n<p class=\"ods-o-quota__paragraph\">Wygl\u0105da\u0142a i wygl\u0105da zjawiskowo!<\/p>\n<\/blockquote>\n<p class=\"ods-c-paragraph \">&#8222;To naprawd\u0119 ona?!&#8221;, &#8222;By\u0142a i jest gor\u0105ca&#8221;, &#8222;To zdj\u0119cie ostatnio pojawia si\u0119 we wszystkich social mediach&#8221; \u2014 pisali internauci.<\/p>\n<p><img decoding=\"async\" src=\"https:\/\/www.europesays.com\/pl\/wp-content\/uploads\/2025\/12\/cbUk9lBaHR0cHM6Ly9vY2RuLmV1L3B1bHNjbXMvTURBXy84NmI3YmE0MjkxOTM1MmQ2N2ZmMGQwOTZlZDlmYTI3OS5qcGeRlQLNA.jpeg\" height=\"529\" width=\"940\" alt=\"Helen Mirren (2023 r.)\" loading=\"lazy\" class=\"ods-c-image__img ods-c-image__img--vertical\"\/><\/p>\n<p>Helen Mirren (2023 r.)Fred Duval \/ Shutterstock<\/p>\n<p> <img decoding=\"async\" src=\"https:\/\/www.europesays.com\/pl\/wp-content\/uploads\/2025\/12\/JjUk9lBaHR0cHM6Ly9vY2RuLmV1L3B1bHNjbXMvTURBXy81MDQzMTVlM2U5ZGFiNmZmNGZkZWM2YTg0MTljMTlkOC5qcGeRlQLNB.jpeg\" height=\"627\" width=\"940\" alt=\"Helen Mirren\" loading=\"lazy\" class=\"ods-c-image__img ods-c-image__img--viewport-width\"\/><\/p>\n<p>Helen Mirrentaniavolobueva \/ Shutterstock<\/p>\n<p class=\"ods-c-paragraph \">Dzi\u0119kujemy, \u017ce przeczyta\u0142a\u015b\/e\u015b nasz artyku\u0142 do ko\u0144ca. W serwisie Plejada.pl ka\u017cdego dnia piszemy o najwa\u017cniejszych wydarzeniach show-biznesowych. B\u0105d\u017a na bie\u017c\u0105co! <a rel=\"nofollow noopener\" href=\"https:\/\/profile.google.com\/cp\/Cg0vZy8xMWJ6X19wdHBx\" id=\"fddc7745-eff8-446f-b88e-4c600425227e\" target=\"_blank\">Obserwuj<\/a> Plejad\u0119 w Google. Odwied\u017a nas tak\u017ce na <a rel=\"nofollow noopener\" href=\"https:\/\/www.facebook.com\/plejadapl\" id=\"c3c3f878-9a3d-4a56-ba83-8502695bcea5\" target=\"_blank\">Facebooku<\/a>, <a rel=\"nofollow noopener\" href=\"https:\/\/www.instagram.com\/plejadapl\/\" id=\"e9eb5c22-2371-4dea-a04d-c131e0a9895a\" target=\"_blank\">Instagramie<\/a>, <a rel=\"nofollow noopener\" href=\"https:\/\/www.youtube.com\/c\/plejada\" id=\"98b01a1c-6069-4613-86a5-3e444b7e8a55\" target=\"_blank\">YouTubie<\/a> oraz <a rel=\"nofollow noopener\" href=\"https:\/\/www.tiktok.com\/@plejada_pl\" id=\"7fcf0eb1-3fbd-4313-947a-46e80732aa7a\" target=\"_blank\">TikToku<\/a>.<\/p>\n<p class=\"ods-c-paragraph \">Chcesz podzieli\u0107 si\u0119 ciekawym newsem lub zaproponowa\u0107 temat? Skontaktuj si\u0119 z nami, pisz\u0105c maila na adres: <a rel=\"nofollow noopener\" href=\"https:\/\/plejada.pl\/newsy\/30-letnia-helen-mirren-w-bikini-to-zdjecie-rozbilo-internet\/mailto:plejada@redakcjaonet.pl\" id=\"23b26585-9a02-444b-9594-638177d59889\" target=\"_blank\">plejada@redakcjaon<\/a><a href=\"https:\/\/et.pl\" id=\"9b043e96-8a35-4d9f-b489-4e32f893ef2e\" rel=\"nofollow noopener\" target=\"_blank\">et.pl<\/a>.<\/p>\n<p><script async src=\"\/\/www.instagram.com\/embed.js\"><\/script><script async src=\"\/\/www.tiktok.com\/embed.js\"><\/script><\/p>\n","protected":false},"excerpt":{"rendered":"Helen Mirren jest jedyn\u0105 osob\u0105, kt\u00f3ra zdoby\u0142a zar\u00f3wno ameryka\u0144sk\u0105, jak i brytyjsk\u0105 Potr\u00f3jn\u0105 Koron\u0119 Aktorstwa. Otrzyma\u0142a Oscara, nagrod\u0119&hellip;\n","protected":false},"author":2,"featured_media":156749,"comment_status":"","ping_status":"","sticky":false,"template":"","format":"standard","meta":{"footnotes":""},"categories":[22],"tags":[122,23157,48,125,46,42,38,40,39,41,25199,123,47],"class_list":{"0":"post-156748","1":"post","2":"type-post","3":"status-publish","4":"format-standard","5":"has-post-thumbnail","7":"category-rozrywka","8":"tag-entertainment","9":"tag-helen_mirren","10":"tag-nat_styl","11":"tag-newsy","12":"tag-omp","13":"tag-pl","14":"tag-poland","15":"tag-polish","16":"tag-polska","17":"tag-polski","18":"tag-rebrand_ai_tst1","19":"tag-rozrywka","20":"tag-screening_general"},"share_on_mastodon":{"url":"https:\/\/pubeurope.com\/@pl\/115736842340283705","error":""},"_links":{"self":[{"href":"https:\/\/www.europesays.com\/pl\/wp-json\/wp\/v2\/posts\/156748","targetHints":{"allow":["GET"]}}],"collection":[{"href":"https:\/\/www.europesays.com\/pl\/wp-json\/wp\/v2\/posts"}],"about":[{"href":"https:\/\/www.europesays.com\/pl\/wp-json\/wp\/v2\/types\/post"}],"author":[{"embeddable":true,"href":"https:\/\/www.europesays.com\/pl\/wp-json\/wp\/v2\/users\/2"}],"replies":[{"embeddable":true,"href":"https:\/\/www.europesays.com\/pl\/wp-json\/wp\/v2\/comments?post=156748"}],"version-history":[{"count":0,"href":"https:\/\/www.europesays.com\/pl\/wp-json\/wp\/v2\/posts\/156748\/revisions"}],"wp:featuredmedia":[{"embeddable":true,"href":"https:\/\/www.europesays.com\/pl\/wp-json\/wp\/v2\/media\/156749"}],"wp:attachment":[{"href":"https:\/\/www.europesays.com\/pl\/wp-json\/wp\/v2\/media?parent=156748"}],"wp:term":[{"taxonomy":"category","embeddable":true,"href":"https:\/\/www.europesays.com\/pl\/wp-json\/wp\/v2\/categories?post=156748"},{"taxonomy":"post_tag","embeddable":true,"href":"https:\/\/www.europesays.com\/pl\/wp-json\/wp\/v2\/tags?post=156748"}],"curies":[{"name":"wp","href":"https:\/\/api.w.org\/{rel}","templated":true}]}}