{"id":156750,"date":"2025-12-17T20:41:11","date_gmt":"2025-12-17T20:41:11","guid":{"rendered":"https:\/\/www.europesays.com\/pl\/156750\/"},"modified":"2025-12-17T20:41:11","modified_gmt":"2025-12-17T20:41:11","slug":"pgz-z-rekordami-finansowymi-i-eksportem-uzbrojenia-defence24","status":"publish","type":"post","link":"https:\/\/www.europesays.com\/pl\/156750\/","title":{"rendered":"PGZ z rekordami finansowymi i eksportem uzbrojenia &#8211; Defence24"},"content":{"rendered":"<ol>\n<li><a href=\"https:\/\/news.google.com\/rss\/articles\/CBMihwFBVV95cUxPbGJuMG1yaG9VSHN5ekNkclNxOWJORzNaRUhhbGY5c0k3T2w2Vm1VR0JuYm5qZzgtNC1fTlhIV2x0NjdtMzQ4N1kta2dhWG56MzdMR1pPNS1BUUlYZ0RROVpPT3BhY3Zuem9fR25EVlZtUGJ2UndzakliR1FMajBtaDFycWs5bzA?oc=5\" target=\"_blank\" rel=\"nofollow noopener\">PGZ z rekordami finansowymi i eksportem uzbrojenia<\/a>&nbsp;&nbsp;Defence24<\/li>\n<li><a href=\"https:\/\/news.google.com\/rss\/articles\/CBMi2gFBVV95cUxQRVFtMHdkeEQ0bThiMUxOTkNHM09xUFpsLUlncDJZdkZINm5Dc0V2ZmsxRWVXV3ptUHktX2JMU05BSnZkelZUajJ2RUNKYWhtWWlsUjFheHdMZHFUV2czQ2RWYjh2UjR4Y2JVMllDT3lmZ19ydkw4Q21XdHRMbTNGT1NuYnJjQ0sxZFItNVF3ZnR0Tk5GdkRvZGtETXhaWm9zdVpFbjhXcllIMktVVEdrcWw0dHdVOWFCcUVpUVpxTVN5UWFiYXRiTnZXN0pHallla29SWmM2Z08wdw?oc=5\" target=\"_blank\" rel=\"nofollow noopener\">Najwi\u0119kszy polski holding obronny zapowiada likwidacj\u0119 jednej ze sp\u00f3\u0142ek. &#8222;Od dekady nierentowna&#8221;<\/a>&nbsp;&nbsp;wnp.pl<\/li>\n<li><a href=\"https:\/\/news.google.com\/rss\/articles\/CBMiugFBVV95cUxPdG9QcndJUGkyQWcyYzl0bmQ5UWpDTmlwcnRDb2xQdm1INk5ZYlBVN0hIcTIxNTc2MXdrOEZ5bk9kX2l6UHV0Zng4bXFISDE0VHJUQ0syejlQMWRRQ1owNDdUdFZ5T09WNEtIU0UydnpGdVRsSlBvN29Yc3BMcl9XSTh2SGhTeUZoeVZXTFpNQjJqRVdYaE44bEM5SUhYSlV6WTRFcEJ2bGFzeTMybFVOR25UQTltdmpGTkE?oc=5\" target=\"_blank\" rel=\"nofollow noopener\">Polska zbrojeni\u00f3wka idzie jak burza. Na rynku rz\u0105dz\u0105 dwaj giganci<\/a>&nbsp;&nbsp;Money.pl<\/li>\n<li><a href=\"https:\/\/news.google.com\/rss\/articles\/CBMitAFBVV95cUxQTHhpQ1hreEhYQ1E0d2Y5WklTMmI3SlNoci0wRDcwSEd4QjBia3c4VWI0SGhfVXpCWlFsZWhaZnBwTlBwTTJ2U05DTkRQZXhzd1ZCM1BmWlZqamw1STVMVmpiQmVWeGZCOVBkWDdaem5VZWRaRm8tVVRsbVFqOTV1aTE1YklnNmFEcHBZYjZ0RU5DdEVhS1FwN2Nla1FtdkFwMFE3TEVzbktwVWtzcndoWURBeTk?oc=5\" target=\"_blank\" rel=\"nofollow noopener\">Polska armia b\u0119dzie silna, zwarta i gotowa? Nie b\u0119dzie. Musia\u0142by\u015b p\u00f3j\u015b\u0107 w kamasze albo p\u0142aci\u0107 podatek<\/a>&nbsp;&nbsp;Gazeta<\/li>\n<li><a href=\"https:\/\/news.google.com\/rss\/articles\/CBMijgFBVV95cUxORE11Mmx5dWdDbmk0ZUVEQzhtSEwxOHRLT0FWYjFYc2l6ZHpDMzhpanJXR01ZVmRuc2g4c3ZwcGRmbFd6MlpmNmJuVmh0VlR0ejdTejVyeHhxVUdFUkVLY05IWm1zc0VSN3V1RHlYU2ZWMWZqSnZleTJGM212Z1VUTldqWmR6akFrNWJxbm9R?oc=5\" target=\"_blank\" rel=\"nofollow noopener\">Polak potrafi. Ta bran\u017ca ro\u015bnie jak na dro\u017cd\u017cach, w 2025 r. kolejny rekord<\/a>&nbsp;&nbsp;Rzeczpospolita<\/li>\n<\/ol>\n","protected":false},"excerpt":{"rendered":"PGZ z rekordami finansowymi i eksportem uzbrojenia&nbsp;&nbsp;Defence24 Najwi\u0119kszy polski holding obronny zapowiada likwidacj\u0119 jednej ze sp\u00f3\u0142ek. &#8222;Od dekady&hellip;\n","protected":false},"author":2,"featured_media":156751,"comment_status":"","ping_status":"","sticky":false,"template":"","format":"standard","meta":{"footnotes":""},"categories":[16],"tags":[113,112,2979,388,5521,42,38,40,39,5516,41,161],"class_list":{"0":"post-156750","1":"post","2":"type-post","3":"status-publish","4":"format-standard","5":"has-post-thumbnail","7":"category-biznes","8":"tag-biznes","9":"tag-business","10":"tag-eksport","11":"tag-finanse","12":"tag-pgz","13":"tag-pl","14":"tag-poland","15":"tag-polish","16":"tag-polska","17":"tag-polska-grupa-zbrojeniowa","18":"tag-polski","19":"tag-wojsko"},"share_on_mastodon":{"url":"https:\/\/pubeurope.com\/@pl\/115736850225766033","error":""},"_links":{"self":[{"href":"https:\/\/www.europesays.com\/pl\/wp-json\/wp\/v2\/posts\/156750","targetHints":{"allow":["GET"]}}],"collection":[{"href":"https:\/\/www.europesays.com\/pl\/wp-json\/wp\/v2\/posts"}],"about":[{"href":"https:\/\/www.europesays.com\/pl\/wp-json\/wp\/v2\/types\/post"}],"author":[{"embeddable":true,"href":"https:\/\/www.europesays.com\/pl\/wp-json\/wp\/v2\/users\/2"}],"replies":[{"embeddable":true,"href":"https:\/\/www.europesays.com\/pl\/wp-json\/wp\/v2\/comments?post=156750"}],"version-history":[{"count":0,"href":"https:\/\/www.europesays.com\/pl\/wp-json\/wp\/v2\/posts\/156750\/revisions"}],"wp:featuredmedia":[{"embeddable":true,"href":"https:\/\/www.europesays.com\/pl\/wp-json\/wp\/v2\/media\/156751"}],"wp:attachment":[{"href":"https:\/\/www.europesays.com\/pl\/wp-json\/wp\/v2\/media?parent=156750"}],"wp:term":[{"taxonomy":"category","embeddable":true,"href":"https:\/\/www.europesays.com\/pl\/wp-json\/wp\/v2\/categories?post=156750"},{"taxonomy":"post_tag","embeddable":true,"href":"https:\/\/www.europesays.com\/pl\/wp-json\/wp\/v2\/tags?post=156750"}],"curies":[{"name":"wp","href":"https:\/\/api.w.org\/{rel}","templated":true}]}}