{"id":156762,"date":"2025-12-17T20:49:10","date_gmt":"2025-12-17T20:49:10","guid":{"rendered":"https:\/\/www.europesays.com\/pl\/156762\/"},"modified":"2025-12-17T20:49:10","modified_gmt":"2025-12-17T20:49:10","slug":"europoslowie-przeciwko-importowi-gazu-z-rosji-jest-rozporzadzenie-2","status":"publish","type":"post","link":"https:\/\/www.europesays.com\/pl\/156762\/","title":{"rendered":"Europos\u0142owie przeciwko importowi gazu z Rosji. Jest rozporz\u0105dzenie"},"content":{"rendered":"<ul class=\"UnorderedList_container__nmfSl\">\n<li class=\"UnorderedList_listElement__Py7xi\" data-id=\"ai-summary-link\">Du\u017co czytania, a ma\u0142o czasu? Sprawd\u017a\u00a0skr\u00f3t\u00a0artyku\u0142u<\/li>\n<\/ul>\n<p class=\"Paragraph_desktopParagraph__U31Gm\">500 europos\u0142\u00f3w opowiedzia\u0142o si\u0119 w \u015brod\u0119 za ca\u0142kowitym zakazem importu rosyjskiego gazu, 120 by\u0142o przeciw, 32 nie odda\u0142o g\u0142osu. Tym sposobem PE oficjalnie zatwierdzi\u0142 porozumienie wynegocjowane na pocz\u0105tku grudnia mi\u0119dzy du\u0144sk\u0105 prezydencj\u0105 w Radzie UE w imieniu pa\u0144stw cz\u0142onkowskich a przedstawicielami europarlamentu.<\/p>\n<p class=\"Paragraph_desktopParagraph__U31Gm\">Rozporz\u0105dzenie, kt\u00f3re wejdzie w \u017cycie na pocz\u0105tku 2026 r., zak\u0142ada stopniowe wycofywanie si\u0119 UE z importu gazu skroplonego. Rosyjski LNG ma zosta\u0107 ca\u0142kowicie wycofany do ko\u0144ca grudnia 2026 r. 30 wrze\u015bnia 2027 r. zacznie natomiast obowi\u0105zywa\u0107 zakaz importu gazu ruroci\u0105gowego. O wyd\u0142u\u017cenie tego okresu wnioskowa\u0142y S\u0142owacja i W\u0119gry, kt\u00f3re sprzeciwi\u0142y si\u0119 rozporz\u0105dzeniu.<\/p>\n<p class=\"VideoPlayerText_videoPlayerText__iDwyz\">Dalszy ci\u0105g materia\u0142u pod wideo<\/p>\n<ul class=\"OchatFollowUps_wrapper__1ry7X\">\n<li class=\"OchatFollowUps_item__Dhyly OchatFollowUps_itemDesktop__R6aBv\">Jakie decyzje podj\u0119to w sprawie importu gazu z Rosji?<\/li>\n<li class=\"OchatFollowUps_item__Dhyly OchatFollowUps_itemDesktop__R6aBv\">Kiedy wejdzie w \u017cycie nowe rozporz\u0105dzenie?<\/li>\n<li class=\"OchatFollowUps_item__Dhyly OchatFollowUps_itemDesktop__R6aBv\">Jakie kary wprowadza nowe rozporz\u0105dzenie?<\/li>\n<li class=\"OchatFollowUps_item__Dhyly OchatFollowUps_itemDesktop__R6aBv\">Co z zakazem importu ropy naftowej z Rosji?<\/li>\n<\/ul>\n<p>&#8222;Ka\u017cde euro finansuje mordy w Ukrainie&#8221; <\/p>\n<p class=\"Paragraph_desktopParagraph__U31Gm\">Ustalono te\u017c, \u017ce je\u015bli jakie\u015b pa\u0144stwa cz\u0142onkowskie nie b\u0119d\u0105 w stanie wype\u0142ni\u0107 wymaganych norm magazynowania gazu, zakaz importu zacznie je obowi\u0105zywa\u0107 dopiero od 1 listopada 2027 r.<\/p>\n<p class=\"Paragraph_desktopParagraph__U31Gm\">Nowe regulacje ustanawiaj\u0105 r\u00f3wnie\u017c kary, kt\u00f3re pa\u0144stwa cz\u0142onkowskie b\u0119d\u0105 mia\u0142y nak\u0142ada\u0107 na operator\u00f3w za naruszenia przepis\u00f3w. G\u0142osowanie poprzedzi\u0142a \u2014 we wtorek \u2014 debata w PE.<\/p>\n<p class=\"Paragraph_desktopParagraph__U31Gm\">\u2014 To rozporz\u0105dzenie, to nie tylko kwestia energetyczna czy handlowa, to decyzja polityczna, ekonomiczna i moralna. Od pocz\u0105tku pe\u0142noskalowej wojny Rosji przeciwko Ukrainie UE zap\u0142aci\u0142a ponad 216 mld euro za rosyjskie paliwa kopalne. Nadal p\u0142acimy oko\u0142o 40 mln euro dziennie, a ka\u017cde z tych euro finansuje mordy w Ukrainie \u2014 powiedzia\u0142a \u0142otewska europos\u0142anka Inese Vaidere (EPL).<\/p>\n<p class=\"Paragraph_desktopParagraph__U31Gm\">Fi\u0144ski Zielony Ville Niinisto okre\u015bli\u0142 wycofanie si\u0119 przez UE z rosyjskiego gazu mianem &#8222;historycznego osi\u0105gni\u0119cia&#8221;. \u2014 Rosja ju\u017c nigdy wi\u0119cej nie b\u0119dzie wykorzystywa\u0107 eksportu paliw kopalnych jako broni \u2014 oceni\u0142.<\/p>\n<p class=\"Paragraph_desktopParagraph__U31Gm\">Pos\u0142anka PiS Beata Szyd\u0142o ostrzeg\u0142a natomiast, \u017ce odchodzenie od rosyjskiego gazu nie mo\u017ce by\u0107 decyzj\u0105 tymczasow\u0105.<\/p>\n<p class=\"Paragraph_desktopParagraph__U31Gm\">PE ju\u017c podczas negocjacji z du\u0144sk\u0105 prezydencj\u0105 w Radzie UE domaga\u0142 si\u0119 tak\u017ce zakazu importu rosyjskiej ropy naftowej. Komisja Europejska zobowi\u0105za\u0142a si\u0119 przedstawi\u0107 przepisy w tym zakresie na pocz\u0105tku 2026 r., aby skuteczny zakaz m\u00f3g\u0142 wej\u015b\u0107 w \u017cycie jak najszybciej i nie p\u00f3\u017aniej ni\u017c pod koniec 2027 r.<\/p>\n<p class=\"Paragraph_desktopParagraph__U31Gm\">Nowe przepisy musz\u0105 teraz zosta\u0107 oficjalnie zatwierdzone przez Rad\u0119 UE, czyli pa\u0144stwa cz\u0142onkowskie, a nast\u0119pnie opublikowane w Dzienniku Urz\u0119dowym UE.<\/p>\n","protected":false},"excerpt":{"rendered":"Du\u017co czytania, a ma\u0142o czasu? Sprawd\u017a\u00a0skr\u00f3t\u00a0artyku\u0142u 500 europos\u0142\u00f3w opowiedzia\u0142o si\u0119 w \u015brod\u0119 za ca\u0142kowitym zakazem importu rosyjskiego gazu,&hellip;\n","protected":false},"author":2,"featured_media":156763,"comment_status":"","ping_status":"","sticky":false,"template":"","format":"standard","meta":{"footnotes":""},"categories":[14],"tags":[32,33,4779,27,67,34,35,28,31,53,25,52,68,51,31174,8190,55,40,41,62,47,80,29,30,61,65,50,26,82,83,84],"class_list":{"0":"post-156762","1":"post","2":"type-post","3":"status-publish","4":"format-standard","5":"has-post-thumbnail","7":"category-swiat","8":"tag-breaking-news","9":"tag-breakingnews","10":"tag-gaz","11":"tag-headlines","12":"tag-intextvideo_splayer","13":"tag-latest-news","14":"tag-latestnews","15":"tag-naglowki","16":"tag-najwazniejsze-artykuly","17":"tag-new_header","18":"tag-news","19":"tag-onet3","20":"tag-onet3d","21":"tag-onet3d_2i","22":"tag-paliwa_kopalne","23":"tag-parlament_europejski_pe_europarlament","24":"tag-phx","25":"tag-polish","26":"tag-polski","27":"tag-rosja_kraj_rosjanin_rosjanie_rosjanka_rosjanki","28":"tag-screening_general","29":"tag-swiat","30":"tag-top-stories","31":"tag-topstories","32":"tag-ue_unia_europejska_komisja_rada_komisarze","33":"tag-update_me","34":"tag-v2021","35":"tag-wiadomosci","36":"tag-world","37":"tag-world-news","38":"tag-worldnews"},"share_on_mastodon":{"url":"","error":"Validation failed: Text character limit of 500 exceeded"},"_links":{"self":[{"href":"https:\/\/www.europesays.com\/pl\/wp-json\/wp\/v2\/posts\/156762","targetHints":{"allow":["GET"]}}],"collection":[{"href":"https:\/\/www.europesays.com\/pl\/wp-json\/wp\/v2\/posts"}],"about":[{"href":"https:\/\/www.europesays.com\/pl\/wp-json\/wp\/v2\/types\/post"}],"author":[{"embeddable":true,"href":"https:\/\/www.europesays.com\/pl\/wp-json\/wp\/v2\/users\/2"}],"replies":[{"embeddable":true,"href":"https:\/\/www.europesays.com\/pl\/wp-json\/wp\/v2\/comments?post=156762"}],"version-history":[{"count":0,"href":"https:\/\/www.europesays.com\/pl\/wp-json\/wp\/v2\/posts\/156762\/revisions"}],"wp:featuredmedia":[{"embeddable":true,"href":"https:\/\/www.europesays.com\/pl\/wp-json\/wp\/v2\/media\/156763"}],"wp:attachment":[{"href":"https:\/\/www.europesays.com\/pl\/wp-json\/wp\/v2\/media?parent=156762"}],"wp:term":[{"taxonomy":"category","embeddable":true,"href":"https:\/\/www.europesays.com\/pl\/wp-json\/wp\/v2\/categories?post=156762"},{"taxonomy":"post_tag","embeddable":true,"href":"https:\/\/www.europesays.com\/pl\/wp-json\/wp\/v2\/tags?post=156762"}],"curies":[{"name":"wp","href":"https:\/\/api.w.org\/{rel}","templated":true}]}}