{"id":156782,"date":"2025-12-17T21:04:14","date_gmt":"2025-12-17T21:04:14","guid":{"rendered":"https:\/\/www.europesays.com\/pl\/156782\/"},"modified":"2025-12-17T21:04:14","modified_gmt":"2025-12-17T21:04:14","slug":"uwaga-zawyja-syreny-alarmowe-na-calym-dolnym-slasku-sprawdza-system-ostrzegania-wroclaw-pl","status":"publish","type":"post","link":"https:\/\/www.europesays.com\/pl\/156782\/","title":{"rendered":"Uwaga! Zawyj\u0105 syreny alarmowe na ca\u0142ym Dolnym \u015al\u0105sku. Sprawdz\u0105 system ostrzegania &#8211; wroclaw.pl"},"content":{"rendered":"<ol>\n<li><a href=\"https:\/\/news.google.com\/rss\/articles\/CBMikwFBVV95cUxNN0dlMG9UbHFPRTV2eGVXdzFYVk43QV9zN1ljc2V4aUY5SGRVWklNbHU1Szd5VnZ0RjY3eEFQaEtqUlRxWjEzTUExNXJrLUR0Vk5HelRXaTNYZXhZdXFPdjZwZEhaTnE1c0gxRDRNSkpKZkZCaVR5T242WXBSZ2tpWGhpaWQtcWtrQXMwSTJuZWpXQTg?oc=5\" target=\"_blank\" rel=\"nofollow noopener\">Uwaga! Zawyj\u0105 syreny alarmowe na ca\u0142ym Dolnym \u015al\u0105sku. Sprawdz\u0105 system ostrzegania<\/a>&nbsp;&nbsp;wroclaw.pl<\/li>\n<li><a href=\"https:\/\/news.google.com\/rss\/articles\/CBMilAFBVV95cUxQSFYwUE4yM0o4cXdWVTV3NDh5Tm1uWktWNnJTUFNpOXp6eHdLa281V3lXVjd4dFdKM2dPN3NPb01JMmM1ZWd1ZkxpdjZsa2M4QnpveVlWZGw5VDEtNTg4ZlZnMlBHdWowb0xUdVhycDlBVWcxOGxrZlVLZHVPRzR5eXp3S0lSbXJHVFZlMlQ5M2pvQjhx?oc=5\" target=\"_blank\" rel=\"nofollow noopener\">Po co \u0107wiczenia syren i alerty RCB? &#8222;Jak kurczak z odci\u0119t\u0105 g\u0142ow\u0105&#8221;<\/a>&nbsp;&nbsp;TOK FM<\/li>\n<li><a href=\"https:\/\/news.google.com\/rss\/articles\/CBMiwAFBVV95cUxQcy1DWDM5OE5ieHFRZ0VZZXVBNGRranBFSVBWTldTZEJhclVkcWoyRi1OanJya0NVa1RPaWZlX0dhZVkzTWxsRk1feC1lSGVUZTJTcl9rT2JjcnYwT1VhNlZ6bXJiOGNnLU1OTlprb2VyR29fWXVHdGVYR1pkaTRudVRvZlh6X1JOQ29HRkxnQk5paG1SVjR2MGhVRGw0MXZWeXlpWDltaFpzX3Zhc25qSHNQS3d2VTctcG9Pbl9zNXg?oc=5\" target=\"_blank\" rel=\"nofollow noopener\">Test systemu alarmowania z wykorzystaniem syren jednostek OSP na terenie powiatu \u0142askiego<\/a>&nbsp;&nbsp;Gov.pl<\/li>\n<li><a href=\"https:\/\/news.google.com\/rss\/articles\/CBMimwFBVV95cUxNQzA4UW56LWJGQzVPbW9zc3Zabm9uTGl1QXcyT0g3QVJBOEdWRmhmckxTczlXTDFZSmZfOEJBM0Fwb0VQNTNNeWhuaVVSMUMxcjlWWG1hb1pVeTdqcEItbGpzdVJHaXBHWVRjSkJNWEs0a1ZqNy1kOGxWWmkyY1FwdlJBcGJaZ0pBWXhZc3FfMjUtRFg1anZqclBIRQ?oc=5\" target=\"_blank\" rel=\"nofollow noopener\">W Szczecinie zawyj\u0105 syreny alarmowe. Mieszka\u0144cy proszeni s\u0105 o pomoc<\/a>&nbsp;&nbsp;wSzczecinie<\/li>\n<li><a href=\"https:\/\/news.google.com\/rss\/articles\/CBMipwFBVV95cUxPRDl4d0g5UHJ6aWl1RDlsMmRleGhHRkNYQXFaa0o2OFJQVm9RdmIzb3Q5QmtpY2tLeE9McWNPOFZuN2tDS1pnWENhSlQ0aFBkYlZlWE5ZQnlwdDljMTdBWE0yeEpKRGtVYWtrMWxMaXlBSHZYYnlxaFlPYWR0R0RKWmptN0wxUFpRRU9hd0JUY1M5azhrS1ZOcHRaa29CZ3g1Qmh3SURLZw?oc=5\" target=\"_blank\" rel=\"nofollow noopener\">\u0106wiczenia RCB. W powiecie brzozowskim zostan\u0105 uruchomione syreny alarmowe<\/a>&nbsp;&nbsp;TVP Rzesz\u00f3w<\/li>\n<\/ol>\n","protected":false},"excerpt":{"rendered":"Uwaga! Zawyj\u0105 syreny alarmowe na ca\u0142ym Dolnym \u015al\u0105sku. Sprawdz\u0105 system ostrzegania&nbsp;&nbsp;wroclaw.pl Po co \u0107wiczenia syren i alerty RCB?&hellip;\n","protected":false},"author":2,"featured_media":78377,"comment_status":"","ping_status":"","sticky":false,"template":"","format":"standard","meta":{"footnotes":""},"categories":[12],"tags":[32,33,36,37,27,34,35,28,31,25,42,38,40,39,41,29,30,26],"class_list":{"0":"post-156782","1":"post","2":"type-post","3":"status-publish","4":"format-standard","5":"has-post-thumbnail","7":"category-polska","8":"tag-breaking-news","9":"tag-breakingnews","10":"tag-featured-news","11":"tag-featurednews","12":"tag-headlines","13":"tag-latest-news","14":"tag-latestnews","15":"tag-naglowki","16":"tag-najwazniejsze-artykuly","17":"tag-news","18":"tag-pl","19":"tag-poland","20":"tag-polish","21":"tag-polska","22":"tag-polski","23":"tag-top-stories","24":"tag-topstories","25":"tag-wiadomosci"},"share_on_mastodon":{"url":"https:\/\/pubeurope.com\/@pl\/115736940569245617","error":""},"_links":{"self":[{"href":"https:\/\/www.europesays.com\/pl\/wp-json\/wp\/v2\/posts\/156782","targetHints":{"allow":["GET"]}}],"collection":[{"href":"https:\/\/www.europesays.com\/pl\/wp-json\/wp\/v2\/posts"}],"about":[{"href":"https:\/\/www.europesays.com\/pl\/wp-json\/wp\/v2\/types\/post"}],"author":[{"embeddable":true,"href":"https:\/\/www.europesays.com\/pl\/wp-json\/wp\/v2\/users\/2"}],"replies":[{"embeddable":true,"href":"https:\/\/www.europesays.com\/pl\/wp-json\/wp\/v2\/comments?post=156782"}],"version-history":[{"count":0,"href":"https:\/\/www.europesays.com\/pl\/wp-json\/wp\/v2\/posts\/156782\/revisions"}],"wp:featuredmedia":[{"embeddable":true,"href":"https:\/\/www.europesays.com\/pl\/wp-json\/wp\/v2\/media\/78377"}],"wp:attachment":[{"href":"https:\/\/www.europesays.com\/pl\/wp-json\/wp\/v2\/media?parent=156782"}],"wp:term":[{"taxonomy":"category","embeddable":true,"href":"https:\/\/www.europesays.com\/pl\/wp-json\/wp\/v2\/categories?post=156782"},{"taxonomy":"post_tag","embeddable":true,"href":"https:\/\/www.europesays.com\/pl\/wp-json\/wp\/v2\/tags?post=156782"}],"curies":[{"name":"wp","href":"https:\/\/api.w.org\/{rel}","templated":true}]}}