{"id":156792,"date":"2025-12-17T21:12:11","date_gmt":"2025-12-17T21:12:11","guid":{"rendered":"https:\/\/www.europesays.com\/pl\/156792\/"},"modified":"2025-12-17T21:12:11","modified_gmt":"2025-12-17T21:12:11","slug":"weto-na-ustawie-lancuchowej-utrzymane-jest-reakcja-donalda-tuska","status":"publish","type":"post","link":"https:\/\/www.europesays.com\/pl\/156792\/","title":{"rendered":"Weto na &#8222;ustawie \u0142a\u0144cuchowej&#8221; utrzymane. Jest reakcja Donalda Tuska"},"content":{"rendered":"<p class=\"ods-c-paragraph \"><a href=\"https:\/\/wiadomosci.onet.pl\/kraj\/weto-karola-nawrockiego-do-ustawy-lancuchowej-sejm-podjal-decyzje\/76rpf64\" id=\"34d5538c-3e8d-4172-91c1-d7b109cd6a41\" rel=\"nofollow noopener\" target=\"_blank\">Sejm w \u015brod\u0119 zag\u0142osowa\u0142 przeciwko odrzuceniu weta prezydenta Karola Nawrockiego dotycz\u0105cego tzw. ustawy \u0142a\u0144cuchowej<\/a>. Za projektem g\u0142osowa\u0142o 246 pos\u0142\u00f3w, przeciw \u2014 192. Tymczasem do odrzucenia weta potrzebne by\u0142o 3\/5 g\u0142os\u00f3w w obecno\u015bci co najmniej po\u0142owy ustawowej liczby pos\u0142\u00f3w, czyli 263 g\u0142osy.<\/p>\n<p>Dalszy ci\u0105g artyku\u0142u pod materia\u0142em wideo<\/p>\n<p> Kto zareagowa\u0142 na decyzj\u0119 pos\u0142\u00f3w w sprawie weta prezydenta? <\/p>\n<p> Jakie argumenty poda\u0142 prezydent Nawrocki przy wetowaniu ustawy? <\/p>\n<p> Ile g\u0142os\u00f3w by\u0142o potrzebnych do odrzucenia weta? <\/p>\n<p> Jakie warunki dotycz\u0105ce kojc\u00f3w wprowadza\u0142a nowelizacja ustawy? <\/p>\n<p class=\"ods-c-paragraph \">Na decyzj\u0119 pos\u0142\u00f3w zareagowa\u0142 w mediach spo\u0142eczno\u015bciowych premier Donald Tusk. &#8222;PiS potulnie podkuli\u0142 ogon i podtrzyma\u0142 weto prezydenta. Symboliczna kapitulacja Kaczy\u0144skiego \u2014 nie mia\u0142 odwagi stan\u0105\u0107 w obronie zwierz\u0105t i uciek\u0142 przed g\u0142osowaniem. Tylko ps\u00f3w \u017cal&#8221; \u2014 napisa\u0142.<\/p>\n<p>    &#8222;Ustawa \u0142a\u0144cuchowa&#8221;. Weto utrzymane w mocy<\/p>\n<p class=\"ods-c-paragraph \"><a href=\"https:\/\/wiadomosci.onet.pl\/kraj\/karol-nawrocki-wetuje-kolejna-ustawe-chodzi-o-ochrone-zwierzat\/397gsmz\" id=\"6fe291fc-b559-4535-8007-b3cba4120d36\" rel=\"nofollow noopener\" target=\"_blank\">Prezydent Karol Nawrocki na pocz\u0105tku grudnia zawetowa\u0142 nowelizacj\u0119 ustawy o ochronie zwierz\u0105t, tzw. Ustaw\u0119 \u0142a\u0144cuchow\u0105<\/a>, kt\u00f3ra zak\u0142ada\u0142a wprowadzenie zakazu trzymania ps\u00f3w na uwi\u0119zi. Podkre\u015bli\u0142, \u017ce cho\u0107 intencja wzmocnienia ochrony zwierz\u0105t jest s\u0142uszna i szlachetna, to, jego zdaniem, przepisy by\u0142y \u017ale przygotowane, a proponowane w ustawie normy dotycz\u0105ce kojc\u00f3w ca\u0142kowicie nierealne do spe\u0142nienia.<\/p>\n<p class=\"ods-c-paragraph \">Nowelizacja zak\u0142ada\u0142a zakaz trzymania ps\u00f3w na uwi\u0119zi oraz definiowa\u0142a kojec jako miejsce poza lokalem mieszkalnym, z kt\u00f3rego nieprzywi\u0105zany pies nie mo\u017ce samodzielnie si\u0119 wydosta\u0107. W\u0142a\u015bciciele ps\u00f3w mieliby obowi\u0105zek zapewni\u0107 kojce utwardzone i w przewa\u017caj\u0105cej cz\u0119\u015bci zadaszone, o powierzchni co najmniej 10 m kw. dla psa o masie poni\u017cej 20 kg, 15 m kw. dla psa wa\u017c\u0105cego od 20 do 30 kg oraz 20 m kw. dla psa o masie powy\u017cej 30 kg. Powierzchnia kojca mia\u0142a by\u0107 dodatkowo zwi\u0119kszana wraz z liczb\u0105 przebywaj\u0105cych w nim zwierz\u0105t.<\/p>\n","protected":false},"excerpt":{"rendered":"Sejm w \u015brod\u0119 zag\u0142osowa\u0142 przeciwko odrzuceniu weta prezydenta Karola Nawrockiego dotycz\u0105cego tzw. ustawy \u0142a\u0144cuchowej. Za projektem g\u0142osowa\u0142o 246&hellip;\n","protected":false},"author":2,"featured_media":156793,"comment_status":"","ping_status":"","sticky":false,"template":"","format":"standard","meta":{"footnotes":""},"categories":[5],"tags":[32,33,212,36,37,27,43,49,34,35,28,31,48,25,46,31246,42,38,40,39,41,47,29,30,8206,26],"class_list":{"0":"post-156792","1":"post","2":"type-post","3":"status-publish","4":"format-standard","5":"has-post-thumbnail","7":"category-naglowki","8":"tag-breaking-news","9":"tag-breakingnews","10":"tag-donald_tusk","11":"tag-featured-news","12":"tag-featurednews","13":"tag-headlines","14":"tag-karol_nawrocki","15":"tag-kraj","16":"tag-latest-news","17":"tag-latestnews","18":"tag-naglowki","19":"tag-najwazniejsze-artykuly","20":"tag-nat_styl","21":"tag-news","22":"tag-omp","23":"tag-pies_psy","24":"tag-pl","25":"tag-poland","26":"tag-polish","27":"tag-polska","28":"tag-polski","29":"tag-screening_general","30":"tag-top-stories","31":"tag-topstories","32":"tag-weto","33":"tag-wiadomosci"},"share_on_mastodon":{"url":"https:\/\/pubeurope.com\/@pl\/115736972125092561","error":""},"_links":{"self":[{"href":"https:\/\/www.europesays.com\/pl\/wp-json\/wp\/v2\/posts\/156792","targetHints":{"allow":["GET"]}}],"collection":[{"href":"https:\/\/www.europesays.com\/pl\/wp-json\/wp\/v2\/posts"}],"about":[{"href":"https:\/\/www.europesays.com\/pl\/wp-json\/wp\/v2\/types\/post"}],"author":[{"embeddable":true,"href":"https:\/\/www.europesays.com\/pl\/wp-json\/wp\/v2\/users\/2"}],"replies":[{"embeddable":true,"href":"https:\/\/www.europesays.com\/pl\/wp-json\/wp\/v2\/comments?post=156792"}],"version-history":[{"count":0,"href":"https:\/\/www.europesays.com\/pl\/wp-json\/wp\/v2\/posts\/156792\/revisions"}],"wp:featuredmedia":[{"embeddable":true,"href":"https:\/\/www.europesays.com\/pl\/wp-json\/wp\/v2\/media\/156793"}],"wp:attachment":[{"href":"https:\/\/www.europesays.com\/pl\/wp-json\/wp\/v2\/media?parent=156792"}],"wp:term":[{"taxonomy":"category","embeddable":true,"href":"https:\/\/www.europesays.com\/pl\/wp-json\/wp\/v2\/categories?post=156792"},{"taxonomy":"post_tag","embeddable":true,"href":"https:\/\/www.europesays.com\/pl\/wp-json\/wp\/v2\/tags?post=156792"}],"curies":[{"name":"wp","href":"https:\/\/api.w.org\/{rel}","templated":true}]}}