{"id":156800,"date":"2025-12-17T21:17:10","date_gmt":"2025-12-17T21:17:10","guid":{"rendered":"https:\/\/www.europesays.com\/pl\/156800\/"},"modified":"2025-12-17T21:17:10","modified_gmt":"2025-12-17T21:17:10","slug":"grzegorz-braun-za-importem-rosyjskiego-gazu-fala-komentarzy-glos-kremla-w-europie-onet","status":"publish","type":"post","link":"https:\/\/www.europesays.com\/pl\/156800\/","title":{"rendered":"Grzegorz Braun za importem rosyjskiego gazu. Fala komentarzy. &quot;G\u0142os Kremla w Europie&quot; &#8211; Onet"},"content":{"rendered":"<ol>\n<li><a href=\"https:\/\/news.google.com\/rss\/articles\/CBMi0AFBVV95cUxOSVVCUzRjMHhmX3FWQmJGNmszVHlhS2hfV0duZGNhSEc2Y2dQbUlGY29JOHpYTWQxblVzbnBUQXVYeXpsMTRpMGRrWG52cGxKNG1icDRjNGZrOGRUNTE4c1B4NWhEUV9nd29jTlNQYmttZ09JeUsxUGpsMmNoS0w1ZDdfZmhKbzR4TkNoMUk1dUoyRzFYM1gyd2xNUThiUi1feFpSTFRFQjY1UmtPR3gwdUNDdE5ybWhUY2UyOTdPR2RWWGRhVDNLVTVBNkltNWV0?oc=5\" target=\"_blank\" rel=\"nofollow noopener\">Grzegorz Braun za importem rosyjskiego gazu. Fala komentarzy. &#8222;G\u0142os Kremla w Europie&#8221;<\/a>&nbsp;&nbsp;Onet<\/li>\n<li><a href=\"https:\/\/news.google.com\/rss\/articles\/CBMiwAFBVV95cUxNOUo0UHlubGlTTnZiUkI4SE1YaHhxQmw2eTEyZHRaaHZoNjdDbHlpR2FJbV9Va1d5WjdGUUF5TklkWDU3X25mdFVmWnU2YnR0cmg0cktRN2Vzam1qRU1HSWhjX2JoZFBFbFY3Y3p4aGdOLW1qWXVpQ3Zhd2Vlb0J6clp0MWlWYmlPb1ZWZTRIX3d3cWdpSzV6REl1V1BXa2w4eGRwNGczQUpkd0c5VXN1TXphZ2NSeWlqNEtReEpzSlY?oc=5\" target=\"_blank\" rel=\"nofollow noopener\">Parlament Europejski za zakazem importu rosyjskiego gazu. Jeden Polak przeciw<\/a>&nbsp;&nbsp;Gazeta<\/li>\n<li><a href=\"https:\/\/news.google.com\/rss\/articles\/CBMipwFBVV95cUxQaTdNdWVUU1dTZy14bVJhZ3JhMVFCcUx4MkdHZ1ZKclF3U3Vsa21sakV1YzVqbjZ1Sm9RS2JscVpYaUpEc0dZWXRMbTg5YTVpTEJwTF9mUjQ1bGxWYzNhWmhJNmxyUkdRbVZ0UUpuTXpnTkZyYmNVUFNrOWJ4VEVQZGlaa0c4aW9Fb2VGckNDQVBIWm1WUmcyYUQ5VWV3ZnZlREJEb0FWSQ?oc=5\" target=\"_blank\" rel=\"nofollow noopener\">Braun zag\u0142osowa\u0142 za rosyjskim gazem. W sieci lawina komentarzy<\/a>&nbsp;&nbsp;WP Wiadomo\u015bci<\/li>\n<li><a href=\"https:\/\/news.google.com\/rss\/articles\/CBMitgFBVV95cUxNUmtkaXB1c1l2dkR3NjdxVTZVeHJFYkdkSnB4d2pCRDlRdTFmZWpUcktMX0hWTVNoQnhvajNpREJKMGNRVTBIblRUVWVGNFk2N1c0NUFpYlAwQkFjWlh2eWRrblFXSXhqbzlQWG03cmtrSGVuVEVyc2VGVzhUUTdoMklYZnlCQTB6czhLczVLQ3N6U3RGNFNfdTJFN0dpcFhnX0hhMm9Jc3ZoMDc1WUlZYWlkVHR3UQ?oc=5\" target=\"_blank\" rel=\"nofollow noopener\">Sankcje by\u0142y \u201cdziurawe\u201d. Rosyjski gaz wp\u0142ywa\u0142 na rynek, czas dokr\u0119ci\u0107 kurek<\/a>&nbsp;&nbsp;Biznes Interia<\/li>\n<li><a href=\"https:\/\/news.google.com\/rss\/articles\/CBMi0wFBVV95cUxObmJUR1dTRTZDWS1zUTlNU2doSjVzcDQ2bFhwZzhvNUEtME9sQmJqSFlUbVotNW9WcEs5elFIMGVzRFo2eXhUT1B5TTJYNDZpbGtjcmdpOGluSlFuTW9aRm5iX2FrOGE0RGhHTld2Q3lwUW9zSjR4RFFDUFRZY1BFSDBzUHhNRlZOUi1jX21RREVGSVZxWkoxbS1wWWRBUkMwNEJFVTk0LTZLUkR3ckQ3SGlDS3Nnd0pfbTZmeFNUMG10MlB4UXNqVWZ2UzlYZ2tJbEVz?oc=5\" target=\"_blank\" rel=\"nofollow noopener\">Kolejny cios w Rosj\u0119. UE wprowadza zakaz importu gazu i ropy<\/a>&nbsp;&nbsp;TVP Info<\/li>\n<\/ol>\n","protected":false},"excerpt":{"rendered":"Grzegorz Braun za importem rosyjskiego gazu. Fala komentarzy. &#8222;G\u0142os Kremla w Europie&#8221;&nbsp;&nbsp;Onet Parlament Europejski za zakazem importu rosyjskiego&hellip;\n","protected":false},"author":2,"featured_media":130231,"comment_status":"","ping_status":"","sticky":false,"template":"","format":"standard","meta":{"footnotes":""},"categories":[14],"tags":[32,33,7514,27,67,34,35,28,31,53,25,52,68,51,8190,55,40,41,62,47,80,29,30,61,65,50,26,82,83,84],"class_list":{"0":"post-156800","1":"post","2":"type-post","3":"status-publish","4":"format-standard","5":"has-post-thumbnail","7":"category-swiat","8":"tag-breaking-news","9":"tag-breakingnews","10":"tag-grzegorz_braun_polityk_rezyser","11":"tag-headlines","12":"tag-intextvideo_splayer","13":"tag-latest-news","14":"tag-latestnews","15":"tag-naglowki","16":"tag-najwazniejsze-artykuly","17":"tag-new_header","18":"tag-news","19":"tag-onet3","20":"tag-onet3d","21":"tag-onet3d_2i","22":"tag-parlament_europejski_pe_europarlament","23":"tag-phx","24":"tag-polish","25":"tag-polski","26":"tag-rosja_kraj_rosjanin_rosjanie_rosjanka_rosjanki","27":"tag-screening_general","28":"tag-swiat","29":"tag-top-stories","30":"tag-topstories","31":"tag-ue_unia_europejska_komisja_rada_komisarze","32":"tag-update_me","33":"tag-v2021","34":"tag-wiadomosci","35":"tag-world","36":"tag-world-news","37":"tag-worldnews"},"share_on_mastodon":{"url":"","error":"Validation failed: Text character limit of 500 exceeded"},"_links":{"self":[{"href":"https:\/\/www.europesays.com\/pl\/wp-json\/wp\/v2\/posts\/156800","targetHints":{"allow":["GET"]}}],"collection":[{"href":"https:\/\/www.europesays.com\/pl\/wp-json\/wp\/v2\/posts"}],"about":[{"href":"https:\/\/www.europesays.com\/pl\/wp-json\/wp\/v2\/types\/post"}],"author":[{"embeddable":true,"href":"https:\/\/www.europesays.com\/pl\/wp-json\/wp\/v2\/users\/2"}],"replies":[{"embeddable":true,"href":"https:\/\/www.europesays.com\/pl\/wp-json\/wp\/v2\/comments?post=156800"}],"version-history":[{"count":0,"href":"https:\/\/www.europesays.com\/pl\/wp-json\/wp\/v2\/posts\/156800\/revisions"}],"wp:featuredmedia":[{"embeddable":true,"href":"https:\/\/www.europesays.com\/pl\/wp-json\/wp\/v2\/media\/130231"}],"wp:attachment":[{"href":"https:\/\/www.europesays.com\/pl\/wp-json\/wp\/v2\/media?parent=156800"}],"wp:term":[{"taxonomy":"category","embeddable":true,"href":"https:\/\/www.europesays.com\/pl\/wp-json\/wp\/v2\/categories?post=156800"},{"taxonomy":"post_tag","embeddable":true,"href":"https:\/\/www.europesays.com\/pl\/wp-json\/wp\/v2\/tags?post=156800"}],"curies":[{"name":"wp","href":"https:\/\/api.w.org\/{rel}","templated":true}]}}