{"id":156801,"date":"2025-12-17T21:18:09","date_gmt":"2025-12-17T21:18:09","guid":{"rendered":"https:\/\/www.europesays.com\/pl\/156801\/"},"modified":"2025-12-17T21:18:09","modified_gmt":"2025-12-17T21:18:09","slug":"19-latek-mial-planowac-zamach-na-jarmark-ekspert-o-mozliwych-motywach","status":"publish","type":"post","link":"https:\/\/www.europesays.com\/pl\/156801\/","title":{"rendered":"19-latek mia\u0142 planowa\u0107 zamach na jarmark. Ekspert o mo\u017cliwych motywach"},"content":{"rendered":"<p class=\"ods-c-paragraph \"><a href=\"https:\/\/wiadomosci.onet.pl\/warszawa\/student-kul-u-planowal-przeprowadzic-zamach-na-jarmark-nowe-fakty-o-19-latku\/8ssrye4\" id=\"b38369ad-72df-4ad0-a031-ccdd29f2f4b6\" rel=\"nofollow noopener\" target=\"_blank\">19-letniego studenta pierwszego roku prawa KUL zatrzymano 30 listopada w wynajmowanym mieszkaniu w Lublinie. O sprawie we wtorek poinformowa\u0142y s\u0142u\u017cby.<\/a> Wed\u0142ug naszych ustale\u0144 nie stawia\u0142 oporu. R\u00f3wnocze\u015bnie funkcjonariusze przeszukali jego rodzinny dom pod \u0141odzi\u0105, zabezpieczaj\u0105c no\u015bniki danych oraz przedmioty zwi\u0105zane z islamem, m.in. broszury religijne i Koran.<\/p>\n<p class=\"ods-c-paragraph \">W mediach spo\u0142eczno\u015bciowych Mateusz W. u\u017cywa\u0142 muzu\u0142ma\u0144skiego imienia. <a href=\"https:\/\/wiadomosci.onet.pl\/lublin\/sasiedzi-mateusza-w-w-szoku-nie-moge-w-to-uwierzyc\/v1gc6e8\" id=\"1cdedc05-2262-4349-b260-09564ccd8cc7\" rel=\"nofollow noopener\" target=\"_blank\">Analiza jego aktywno\u015bci wskazuje, \u017ce od ponad dw\u00f3ch lat interesowa\u0142 si\u0119 radykalnym islamem. <\/a>Publikowa\u0142 zdj\u0119cia w tradycyjnym nakryciu g\u0142owy oraz grafiki z bojownikami. W marcu udost\u0119pni\u0142 <a href=\"https:\/\/wiadomosci.onet.pl\/swiat\/unabomber-nie-zyje-jego-cialo-znaleziono-w-wieziennej-celi\/qtbytn3\" id=\"f93a4652-727f-4cd2-84bd-86005767dd42\" rel=\"nofollow noopener\" target=\"_blank\">wizerunek &#8222;Unabombera&#8221; \u2014 Teda Kaczy\u0144skiego<\/a>. Najwi\u0119ksza radykalizacja nast\u0105pi\u0142a wiosn\u0105 tego roku. W kwietniu zamie\u015bci\u0142 tzw. flag\u0119 d\u017cihadu, a w maju fotografi\u0119 stylizowan\u0105 na wizerunek bojownika ISIS. W opisie profilu umie\u015bci\u0142 szahad\u0119, muzu\u0142ma\u0144skie wyznanie wiary.<\/p>\n<p>Dalszy ci\u0105g artyku\u0142u pod materia\u0142em wideo<\/p>\n<p> Dlaczego 19-latek nawi\u0105zywa\u0142 kontakt z Pa\u0144stwem Islamskim? <\/p>\n<p> Jakie materia\u0142y zwi\u0105zane z islamem znaleziono w domu Mateusza W.? <\/p>\n<p> Co kieruje osobami planuj\u0105cymi akt terroru? <\/p>\n<p> Jakie metody stosuj\u0105 s\u0142u\u017cby do namierzania os\u00f3b planuj\u0105cych terroryzm? <\/p>\n<p>  Dlaczego 19-latek wybra\u0142 Pa\u0144stwo Islamskie?<\/p>\n<p class=\"ods-c-paragraph \">\u2014 Trudno tu m\u00f3wi\u0107 o klarownej przynale\u017cno\u015bci ideologicznej. Je\u015bli wcze\u015bniej Mateusz W. publikowa\u0142 w mediach spo\u0142eczno\u015bciowych zdj\u0119cia Teda Kaczy\u0144skiego &#8222;Unabombera&#8221;, czyli samotnego terrorysty, kt\u00f3ry kierowa\u0142 si\u0119 wy\u0142\u0105cznie w\u0142asn\u0105, przez siebie stworzon\u0105 ideologi\u0105 i nie inspirowa\u0142 si\u0119 \u017cadnymi innymi ruchami, to pozostaje to w sprzeczno\u015bci z jego p\u00f3\u017aniejsz\u0105 pr\u00f3b\u0105 uto\u017csamienia si\u0119 z fundamentalistyczn\u0105 organizacj\u0105, jak Pa\u0144stwo Islamskie \u2014 m\u00f3wi w rozmowie z Onetem Andrzej Mroczek, zast\u0119pca dyrektora Centrum Bada\u0144 nad Terroryzmem Uniwersytetu Civitas.<\/p>\n<p>   <img decoding=\"async\" src=\"https:\/\/cdn.wiadomosci.onet.pl\/1\/eJik9lBaHR0cHM6Ly9vY2RuLmV1L3B1bHNjbXMvTURBXy85YmMwZDMwYmNjMWQ2ZDIxZDVlNjYxOTg1NmNkOWQzYy5qcGeSlQMAAM0DBc0C0pUCzQdYAMLD3gACoTAHoTEE\" height=\"722\" width=\"773\" alt=\"Zdj\u0119cie Mateusza W. w mediach spo\u0142eczno\u015bciowych\" loading=\"lazy\" class=\"ods-c-image__img ods-c-image__img--viewport-width\"\/><\/p>\n<p>Zdj\u0119cie Mateusza W. w mediach spo\u0142eczno\u015bciowychFacebook<\/p>\n<p class=\"ods-c-paragraph \">Ekspert zastanawia si\u0119, dlaczego 19-latek wybra\u0142 akurat Pa\u0144stwo Islamskie, a nie Al-Kaid\u0119. \u2014 Podejrzewam, \u017ce wi\u0119ksze wra\u017cenie wywiera\u0142 na nim sam spos\u00f3b funkcjonowania Pa\u0144stwa Islamskiego jako pewnego rodzaju bytu \u2014 bardziej wyrazistego, jednoznacznego w swoim przekazie i formie, nowocze\u015bniejszego, co najwyra\u017aniej dzia\u0142a\u0142o na 19-latka silniej \u2014 m\u00f3wi.<\/p>\n<p class=\"ods-c-paragraph \">Rozm\u00f3wca Onetu podkre\u015bla, \u017ce Pa\u0144stwo Islamskie charakteryzuje du\u017c\u0105 dynamik\u0105, specyficzn\u0105 form\u0105 konspiracji, szczeg\u00f3lnie je\u015bli chodzi o pozyskiwanie nowych zwolennik\u00f3w. \u2014 Dost\u0119p do ich tre\u015bci propagandowych jest stosunkowo \u0142atwy, a organizacja prowadzi w\u0142asne strony internetowe. Mateusz W. korzysta\u0142 z takich witryn, pr\u00f3buj\u0105c nawi\u0105za\u0107 kontakt w spos\u00f3b aspiracyjny, pokazuj\u0105c ch\u0119\u0107 przynale\u017cno\u015bci \u2014 m\u00f3wi.<\/p>\n<p class=\"ods-c-paragraph \">Ekspert dodaje jednak, \u017ce z drugiej jednak strony organizacja musi w takich przypadkach zachowa\u0107 daleko id\u0105c\u0105 ostro\u017cno\u015b\u0107. \u2014 Nie wiedz\u0105 przecie\u017c, kto do nich pisze \u2014 a kontaktuj\u0105 si\u0119 z nimi tysi\u0105ce ludzi. St\u0105d konieczno\u015b\u0107 weryfikacji. Kto\u015b, kto chce przyst\u0105pi\u0107, musi si\u0119 czym\u015b wykaza\u0107, udowodni\u0107, \u017ce nie jest agentem \u017cadnej s\u0142u\u017cby \u2014 t\u0142umaczy.<\/p>\n<p class=\"ods-c-paragraph \">Andrzej Mroczek zauwa\u017ca, \u017ce Mateusz W. takie pr\u00f3by kontaktu podejmowa\u0142. \u2014 Trudno jednak powiedzie\u0107, na ile by\u0142y skuteczne \u2014 nie mamy na ten temat wystarczaj\u0105cych informacji. Wiemy jedynie, \u017ce kontaktowa\u0142 si\u0119 z nimi przez internet, korzystaj\u0105c z dost\u0119pnych kana\u0142\u00f3w propagandowych Pa\u0144stwa Islamskiego \u2014 zauwa\u017ca.<\/p>\n<p class=\"ods-c-paragraph \">Pytam eksperta szerzej, co kieruje takimi osobami, kt\u00f3re decyduj\u0105 si\u0119 na akt terroru. \u2014 Takie osoby \u2014 i nie m\u00f3wi\u0119 tu o przypadku Mateusza W. \u2014 bardzo cz\u0119sto pochodz\u0105 z pozornie porz\u0105dnych, dobrze funkcjonuj\u0105cych rodzin, nierzadko skrajnie fundamentalistycznych. Wychowuj\u0105 si\u0119 w \u015brodowisku, w kt\u00f3rym wiara jest im silnie narzucana, a oni sami nie zawsze si\u0119 z ni\u0105 uto\u017csamiaj\u0105. To mo\u017ce rodzi\u0107 bunt, szczeg\u00f3lnie w okresie dojrzewania. M\u0142ody cz\u0142owiek nie akceptuje tego, co narzucaj\u0105 mu rodzice, i szuka drogi wyj\u015bcia, czasem w formie sprzeciwu wobec warto\u015bci, w kt\u00f3rych zosta\u0142 wychowany \u2014 zaznacza ekspert.<\/p>\n<p>   &#8222;Oczy s\u0142u\u017cb&#8221;<\/p>\n<p class=\"ods-c-paragraph \">W dalszej cz\u0119\u015bci rozmowy zast\u0119pca dyrektora Centrum Bada\u0144 nad Terroryzmem Uniwersytetu Civitas wyja\u015bnia, w jaki spos\u00f3b s\u0142u\u017cby namierzaj\u0105 osoby planuj\u0105ce dzia\u0142ania o charakterze terrorystycznym. \u2014 To mechanizm jest wieloetapowy. Pierwszym elementem jest klasyczna praca operacyjno-rozpoznawcza oparta na osobowych \u017ar\u00f3d\u0142ach informacji. To fundament, kt\u00f3ry pozwala wychwyci\u0107 sygna\u0142y o potencjalnych zagro\u017ceniach ju\u017c na wczesnym etapie \u2014 zaznacza.<\/p>\n<p class=\"ods-c-paragraph \">\u2014 Drugim filarem jest wykorzystanie nowych technologii, w tym algorytm\u00f3w wy\u0142apuj\u0105cych specyficzne wyra\u017cenia, slogany czy charakterystyczne zwroty komunikacyjne, jakie pojawiaj\u0105 si\u0119 w przestrzeni internetowej. R\u00f3wnolegle monitorowane s\u0105 strony propaguj\u0105ce tre\u015bci ekstremistyczne i terrorystyczne. Algorytmy potrafi\u0105 identyfikowa\u0107 materia\u0142y o brutalnym charakterze oraz wzorce zachowa\u0144, kt\u00f3re mog\u0105 wskazywa\u0107 na radykalizacj\u0119 \u2014 wylicza dalej m\u00f3j rozm\u00f3wca.<\/p>\n<p class=\"ods-c-paragraph \">Jako kolejny element, Andrzej Mroczek, wymienia wsp\u00f3\u0142prac\u0119 ze spo\u0142ecze\u0144stwem. \u2014 To obywatele s\u0105 &#8222;oczami s\u0142u\u017cb&#8221;, to oni najcz\u0119\u015bciej pierwsi dostrzegaj\u0105 nienaturalne, niepokoj\u0105ce zachowania i je zg\u0142aszaj\u0105. Takie sygna\u0142y s\u0105 ogromnie cenne \u2014 dodaje.<\/p>\n<p class=\"ods-c-paragraph \">\u2014 Istotn\u0105 rol\u0119 odgrywa r\u00f3wnie\u017c mi\u0119dzynarodowa wymiana informacji mi\u0119dzy s\u0142u\u017cbami. Wsp\u00f3\u0142pracuj\u0105ce pa\u0144stwa przekazuj\u0105 sobie dane o osobach, kt\u00f3re mog\u0105 stanowi\u0107 zagro\u017cenie, oraz o aktywnych trendach radykalizacyjnych \u2014 konkluduje Andrzej Mroczek.<\/p>\n<p>Gro\u017ane incydenty w Polsce<\/p>\n<p class=\"ods-c-paragraph \">W ostatnich latach dosz\u0142o w Polsce do kilku g\u0142o\u015bnych spraw o pod\u0142o\u017cu terrorystycznym.<\/p>\n<p class=\"ods-c-paragraph \">W 2012 r. ABW zatrzyma\u0142a Brunona Kwietnia, wyk\u0142adowc\u0119 chemii z Krakowa, kt\u00f3ry wed\u0142ug \u015bledczych planowa\u0142 wysadzenie pojazdu wojskowego SKOT z \u0142adunkiem wybuchowym przed Sejmem w czasie posiedzenia z udzia\u0142em najwy\u017cszych w\u0142adz pa\u0144stwowych. Z ustale\u0144 wynika\u0142o, \u017ce prowadzi\u0142 rozpoznanie terenu i gromadzi\u0142 \u015brodki do budowy \u0142adunku. S\u0105d uzna\u0142, \u017ce dzia\u0142ania te stanowi\u0142y przygotowanie do zamachu terrorystycznego na organy konstytucyjne RP i skaza\u0142 go na wieloletnie pozbawienie wolno\u015bci. <a href=\"https:\/\/wiadomosci.onet.pl\/kraj\/brunon-kwiecien-nie-zyje\/r28m11t\" id=\"baa4575d-55f8-4574-9ffc-e83d81802302\" rel=\"nofollow noopener\" target=\"_blank\">M\u0119\u017cczyzna zmar\u0142 w 2019 r.<\/a><\/p>\n<p class=\"ods-c-paragraph \">W maju 2016 r. we Wroc\u0142awiu w jednym z autobus\u00f3w miejskich pozostawiono metalowy garnek zawieraj\u0105cy improwizowany \u0142adunek wybuchowy. Kierowca wyni\u00f3s\u0142 pakunek na przystanek, gdzie dosz\u0142o do eksplozji, w wyniku kt\u00f3rej ranna zosta\u0142a jedna osoba. <a href=\"https:\/\/wiadomosci.onet.pl\/wroclaw\/20-lat-wiezienia-za-podlozenie-ladunku-wybuchowego-w-autobusie\/pzxj71q\" id=\"87bd0ecb-7433-4056-b0bf-e6857169d6e0\" rel=\"nofollow noopener\" target=\"_blank\">Sprawc\u0105 okaza\u0142 si\u0119 student chemii Pawe\u0142 R., kt\u00f3ry skonstruowa\u0142 bomb\u0119 oraz kierowa\u0142 do w\u0142adz \u017c\u0105dania okupu<\/a>; jego czyn zosta\u0142 zakwalifikowany jako przest\u0119pstwo o charakterze terrorystycznym.<\/p>\n<p class=\"ods-c-paragraph \"><a href=\"https:\/\/wiadomosci.onet.pl\/kraj\/polak-chcial-przeprowadzic-zamach-terrorystyczny-najblizsze-trzy-miesiace-spedzi-w\/7c89b9c\" id=\"5d8da78a-7c5e-4dc0-b3b1-0cf223ee6eb2\" rel=\"nofollow noopener\" target=\"_blank\">W 2019 r. ABW zatrzyma\u0142a w Warszawie Miko\u0142aja B., pos\u0142uguj\u0105cego si\u0119 imieniem Mohammed.<\/a> Wed\u0142ug informacji s\u0142u\u017cb prowadzi\u0142 on przygotowania do zamachu terrorystycznego motywowanego radykaln\u0105 interpretacj\u0105 islamu, obejmuj\u0105ce m.in. zapowiedzi ataku w miejscu publicznym oraz zainteresowanie materia\u0142ami propagandowymi organizacji d\u017cihadystycznych. <\/p>\n<p class=\"ods-c-paragraph \"><a href=\"https:\/\/wiadomosci.onet.pl\/kraj\/18-latek-planowal-zamach-terrorystyczny-w-polsce-inspirowal-sie-bin-ladenem\/zsrck4t\" id=\"264cad3c-3bb2-4e2c-93d4-69b8b99a6d06\" rel=\"nofollow noopener\" target=\"_blank\">W czerwcu 2023 r. ABW zatrzyma\u0142a 18-letniego obywatela Polski z Dolnego \u015al\u0105ska<\/a>, kt\u00f3ry nied\u0142ugo wcze\u015bniej przeszed\u0142 na islam i deklarowa\u0142 poparcie dla Pa\u0144stwa Islamskiego. Wed\u0142ug materia\u0142\u00f3w \u015bledztwa interesowa\u0142 si\u0119 on zamachami samob\u00f3jczymi i planowa\u0142 atak na budynek urz\u0119du pa\u0144stwowego z u\u017cyciem pasa szahida. <\/p>\n<p class=\"ods-c-paragraph \">W 2025 r. ABW uj\u0119\u0142a trzech 19-latk\u00f3w podejrzanych o przygotowywanie zamachu terrorystycznego na szko\u0142\u0119 \u015bredni\u0105 w Olsztynie. Z ustale\u0144 \u015bledczych wynika, \u017ce<a href=\"https:\/\/wiadomosci.onet.pl\/olsztyn\/trzech-19-latkow-planowalo-ataki-na-obiekty-sakralne-i-szkoly-w-polsce-wstrzasajace\/w37ql6v\" id=\"9e25fac2-0274-481b-878b-319063505276\" rel=\"nofollow noopener\" target=\"_blank\"> m\u0142odzi m\u0119\u017cczy\u017ani inspirowali si\u0119 sprawcami masowych atak\u00f3w, takimi jak Anders Breivik czy Brenton Tarrant<\/a>, gromadzili materia\u0142y dotycz\u0105ce konstruowania \u0142adunk\u00f3w oraz odbywali treningi strzeleckie.<\/p>\n","protected":false},"excerpt":{"rendered":"19-letniego studenta pierwszego roku prawa KUL zatrzymano 30 listopada w wynajmowanym mieszkaniu w Lublinie. O sprawie we wtorek&hellip;\n","protected":false},"author":2,"featured_media":156802,"comment_status":"","ping_status":"","sticky":false,"template":"","format":"standard","meta":{"footnotes":""},"categories":[12],"tags":[145,32,33,36,37,27,28691,14181,49,34,35,28,31,48,25,46,42,38,40,39,41,47,952,29,30,26,1152],"class_list":{"0":"post-156801","1":"post","2":"type-post","3":"status-publish","4":"format-standard","5":"has-post-thumbnail","7":"category-polska","8":"tag-abw","9":"tag-breaking-news","10":"tag-breakingnews","11":"tag-featured-news","12":"tag-featurednews","13":"tag-headlines","14":"tag-isis_panstwo_islamskie","15":"tag-islamisci","16":"tag-kraj","17":"tag-latest-news","18":"tag-latestnews","19":"tag-naglowki","20":"tag-najwazniejsze-artykuly","21":"tag-nat_styl","22":"tag-news","23":"tag-omp","24":"tag-pl","25":"tag-poland","26":"tag-polish","27":"tag-polska","28":"tag-polski","29":"tag-screening_general","30":"tag-terroryzm","31":"tag-top-stories","32":"tag-topstories","33":"tag-wiadomosci","34":"tag-zamach"},"share_on_mastodon":{"url":"https:\/\/pubeurope.com\/@pl\/115736996082920364","error":""},"_links":{"self":[{"href":"https:\/\/www.europesays.com\/pl\/wp-json\/wp\/v2\/posts\/156801","targetHints":{"allow":["GET"]}}],"collection":[{"href":"https:\/\/www.europesays.com\/pl\/wp-json\/wp\/v2\/posts"}],"about":[{"href":"https:\/\/www.europesays.com\/pl\/wp-json\/wp\/v2\/types\/post"}],"author":[{"embeddable":true,"href":"https:\/\/www.europesays.com\/pl\/wp-json\/wp\/v2\/users\/2"}],"replies":[{"embeddable":true,"href":"https:\/\/www.europesays.com\/pl\/wp-json\/wp\/v2\/comments?post=156801"}],"version-history":[{"count":0,"href":"https:\/\/www.europesays.com\/pl\/wp-json\/wp\/v2\/posts\/156801\/revisions"}],"wp:featuredmedia":[{"embeddable":true,"href":"https:\/\/www.europesays.com\/pl\/wp-json\/wp\/v2\/media\/156802"}],"wp:attachment":[{"href":"https:\/\/www.europesays.com\/pl\/wp-json\/wp\/v2\/media?parent=156801"}],"wp:term":[{"taxonomy":"category","embeddable":true,"href":"https:\/\/www.europesays.com\/pl\/wp-json\/wp\/v2\/categories?post=156801"},{"taxonomy":"post_tag","embeddable":true,"href":"https:\/\/www.europesays.com\/pl\/wp-json\/wp\/v2\/tags?post=156801"}],"curies":[{"name":"wp","href":"https:\/\/api.w.org\/{rel}","templated":true}]}}