{"id":156815,"date":"2025-12-17T21:27:14","date_gmt":"2025-12-17T21:27:14","guid":{"rendered":"https:\/\/www.europesays.com\/pl\/156815\/"},"modified":"2025-12-17T21:27:14","modified_gmt":"2025-12-17T21:27:14","slug":"oskar-pietuszewski-w-fc-porto-grzegorz-mielcarski-to-bylby-bardzo-dobry-ruch-sport-tvp-pl","status":"publish","type":"post","link":"https:\/\/www.europesays.com\/pl\/156815\/","title":{"rendered":"Oskar Pietuszewski w FC Porto? Grzegorz Mielcarski: to by\u0142by bardzo dobry ruch &#8211; sport.tvp.pl"},"content":{"rendered":"<ol>\n<li><a href=\"https:\/\/news.google.com\/rss\/articles\/CBMiqgFBVV95cUxNM0NNeGRJZUd2VkpObFNtdmphRDFmNm1ibm1pTXJ1bmNJYlpETHo1eEJVLVVrdlhwZHpVZVhjYk54eGJjcTFUNHd0QmNDN2ljLWY4Tkwxdms3RDQxaHB3dktTZUU2SWpiczlPal92UU45cW40aG5OWUpUOVNNOGZoUVAzTE1yTFBKSDB5OHU2a29TY0d5MVJGYkxBdTBFVzRjUko2RjZFX0xqZ9IBrwFBVV95cUxPTWtNQndIV0hyS1pxQ3FhN1NST3dORC1odGRubG1rLWhrYzlvNGNKRE8zTzBsRVMycHBtdEhtWmZPQzZoMXV1N3BzNTBSbGc1eHo0Wkw0Wm0wakVGTjBuRkUzSlVxVnIzZHBGVVJBU2t6M2d1dlJkZ1dzT0ZNa2FOVkN3bmQtQktIOXpDTllkUDlzeXFQa1R0R29nZnBlYWE2a1BwM2t4ZWhMdWpKVlZr?oc=5\" target=\"_blank\" rel=\"nofollow noopener\">Oskar Pietuszewski w FC Porto? Grzegorz Mielcarski: to by\u0142by bardzo dobry ruch<\/a>&nbsp;&nbsp;sport.tvp.pl<\/li>\n<li><a href=\"https:\/\/news.google.com\/rss\/articles\/CBMipgFBVV95cUxQeWQyQjl1TEptbWVwV01sbDR3LTNSTHhWMHBPTU96Ym1zdmo5Sy1oUG9qZzRnTVRGM25OLTZiU3FGT1l4cUNQMVdVS2g5VTlxT183QjhHRnlkeXd5aFdOMG01N2NpWWo3ZjFjaE4zNDU5eWxKZm1XbmRsRWtianJmZjVBWENYOGhqXzZrV0U5UUpjd1hHV3BCVnZFZThtTmU5QUtJOGpn?oc=5\" target=\"_blank\" rel=\"nofollow noopener\">Oskar Pietruszewski \u0142\u0105czony z gigantem. Ale\u017c doniesienia<\/a>&nbsp;&nbsp;SportoweFakty<\/li>\n<li><a href=\"https:\/\/news.google.com\/rss\/articles\/CBMirgFBVV95cUxPZ200TWhaenFYR3B3a19Vc3lZY1FnNjdzQlNpb1RhRW00RTdwclFvbzJtaFdIemN3VnFZSzVtRTJxcWRxVnA0aHhEcVNUQ3RsVFZvQzNzQWZ4UXJRYURCbmdUVE5ad1hpQ3BPR1ZGUG9qdW9HOXVBc1dld0JTMVZrRzc1WE5aVnFSUThWZkwtenpranl3WlZ3dDFEMGxNVVdQTTV0RW1MZlhLQmpKZ1E?oc=5\" target=\"_blank\" rel=\"nofollow noopener\">Polski 17-latek rozchwytywany przez gigant\u00f3w. Ujawniaj\u0105 plan na przysz\u0142o\u015b\u0107<\/a>&nbsp;&nbsp;Sport.pl<\/li>\n<li><a href=\"https:\/\/news.google.com\/rss\/articles\/CBMiuAFBVV95cUxOTGZSZ0dBMkllWkNYREtMbmhzY3pOa0FfSmNVZ3VrVlJDYldwOFluYUhVOFZRWF9VVVBuM2Nnd0tEYm9STmczUHA5VGtjbXlMOWRXT3VtV3NPUU5sdUlnNElPc1ZLdklweGlWT1ZwVEJCTnUwSVloTUxlbW9XRF9CLVpwM0J5YmFsalJwbHlXaGFwMlpBLW5qRXhCSmF0eVdjZlBmZGV4eHhSc0dpR0FVVHlmMEhjTUFs?oc=5\" target=\"_blank\" rel=\"nofollow noopener\">&#8222;Nawet 15 mln euro&#8221;. To on ma pobi\u0107 transferowy rekord Ekstraklasy<\/a>&nbsp;&nbsp;Przegl\u0105d Sportowy Onet<\/li>\n<li><a href=\"https:\/\/news.google.com\/rss\/articles\/CBMisgFBVV95cUxOQ0NLLW5lYXBjUHlHNnA1clFYVVpueENIYnVTWEMyTWpjdTkzNVRWMFdPMFJGSm5MYk0yek13V2EtempVWkFQSnJSMDl2SVhsaVRGUmFsQi1wb0hqd2Z0djkyTWJ3SmFyclBLMkNaN0UyZHJYQzhCdS1IaWFLVWduWDVTZTVDX1ZNWnYwRXN5ZFBqTW56NkprbTItVndHaXlBMjlScGoxaUlWZjEzUmM3cmh3?oc=5\" target=\"_blank\" rel=\"nofollow noopener\">Agent Pietuszewskiego wprost o transferze. &#8222;Idziemy w tym kierunku&#8221;<\/a>&nbsp;&nbsp;Meczyki.pl<\/li>\n<\/ol>\n","protected":false},"excerpt":{"rendered":"Oskar Pietuszewski w FC Porto? Grzegorz Mielcarski: to by\u0142by bardzo dobry ruch&nbsp;&nbsp;sport.tvp.pl Oskar Pietruszewski \u0142\u0105czony z gigantem. Ale\u017c&hellip;\n","protected":false},"author":2,"featured_media":156816,"comment_status":"","ping_status":"","sticky":false,"template":"","format":"standard","meta":{"footnotes":""},"categories":[24],"tags":[5436,536,2615,7575,42,38,40,39,41,537,12046,127,334,126],"class_list":{"0":"post-156815","1":"post","2":"type-post","3":"status-publish","4":"format-standard","5":"has-post-thumbnail","7":"category-sport","8":"tag-fc-porto","9":"tag-grzegorz-mielcarski","10":"tag-jagiellonia-bialystok","11":"tag-oskar-pietuszewski","12":"tag-pl","13":"tag-poland","14":"tag-polish","15":"tag-polska","16":"tag-polski","17":"tag-reprezentacja-polski","18":"tag-reprezentacja-polski-u21","19":"tag-sport","20":"tag-sport-tvp-pl","21":"tag-sports"},"share_on_mastodon":{"url":"https:\/\/pubeurope.com\/@pl\/115737031439934146","error":""},"_links":{"self":[{"href":"https:\/\/www.europesays.com\/pl\/wp-json\/wp\/v2\/posts\/156815","targetHints":{"allow":["GET"]}}],"collection":[{"href":"https:\/\/www.europesays.com\/pl\/wp-json\/wp\/v2\/posts"}],"about":[{"href":"https:\/\/www.europesays.com\/pl\/wp-json\/wp\/v2\/types\/post"}],"author":[{"embeddable":true,"href":"https:\/\/www.europesays.com\/pl\/wp-json\/wp\/v2\/users\/2"}],"replies":[{"embeddable":true,"href":"https:\/\/www.europesays.com\/pl\/wp-json\/wp\/v2\/comments?post=156815"}],"version-history":[{"count":0,"href":"https:\/\/www.europesays.com\/pl\/wp-json\/wp\/v2\/posts\/156815\/revisions"}],"wp:featuredmedia":[{"embeddable":true,"href":"https:\/\/www.europesays.com\/pl\/wp-json\/wp\/v2\/media\/156816"}],"wp:attachment":[{"href":"https:\/\/www.europesays.com\/pl\/wp-json\/wp\/v2\/media?parent=156815"}],"wp:term":[{"taxonomy":"category","embeddable":true,"href":"https:\/\/www.europesays.com\/pl\/wp-json\/wp\/v2\/categories?post=156815"},{"taxonomy":"post_tag","embeddable":true,"href":"https:\/\/www.europesays.com\/pl\/wp-json\/wp\/v2\/tags?post=156815"}],"curies":[{"name":"wp","href":"https:\/\/api.w.org\/{rel}","templated":true}]}}