{"id":156817,"date":"2025-12-17T21:28:08","date_gmt":"2025-12-17T21:28:08","guid":{"rendered":"https:\/\/www.europesays.com\/pl\/156817\/"},"modified":"2025-12-17T21:28:08","modified_gmt":"2025-12-17T21:28:08","slug":"kabaret-hrabi-wraca-z-nowym-programem-do-grupy-dolaczy-znany-artysta","status":"publish","type":"post","link":"https:\/\/www.europesays.com\/pl\/156817\/","title":{"rendered":"Kabaret Hrabi wraca z nowym programem. Do grupy do\u0142\u0105czy znany artysta"},"content":{"rendered":"<p class=\"ods-c-paragraph \">Wiadomo\u015b\u0107, kt\u00f3ra pojawi\u0142a si\u0119 17 grudnia, natychmiast zelektryzowa\u0142a \u015brodowisko kabaretowe i rzesze wiernych widz\u00f3w. Wojtek Kami\u0144ski, popularny artysta kabaretowy, opublikowa\u0142 w mediach spo\u0142eczno\u015bciowych wpis, w kt\u00f3rym z dum\u0105 poinformowa\u0142 o do\u0142\u0105czeniu do <a href=\"https:\/\/plejada.pl\/temat\/hrabi\/xqzs07c#google_vignette\" id=\"e164713c-fa02-4e4c-9497-26745aa72385\" rel=\"nofollow noopener\" target=\"_blank\">Kabaretu Hrabi<\/a>.<\/p>\n<p>Dalszy ci\u0105g artyku\u0142u pod materia\u0142em wideo<\/p>\n<p> Kto do\u0142\u0105cza do Kabaretu Hrabi? <\/p>\n<p> Kiedy zaczyna si\u0119 nowy program Kabaretu Hrabi? <\/p>\n<p> Jak nazywa si\u0119 nowy program, w kt\u00f3rym wyst\u0105pi Wojtek Kami\u0144ski? <\/p>\n<p> Co spowodowa\u0142o trudne miesi\u0105ce dla Kabaretu Hrabi? <\/p>\n<p>  Znany artysta do\u0142\u0105cza do kabaretu Hrabi. &#8222;Przyj\u0105\u0142em ten zaszczyt&#8221;<\/p>\n<p class=\"ods-c-paragraph \">Na swoim facebookowym profilu Wojtek Kami\u0144ski napisa\u0142:<\/p>\n<blockquote class=\"ods-o-quota\">\n<p class=\"ods-o-quota__paragraph\">Dziel\u0119 si\u0119 z wami znakomit\u0105 wiadomo\u015bci\u0105. Kabaret Hrabi zaprosi\u0142 mnie do wsp\u00f3lnego kabaretowego projektu. Przyj\u0105\u0142em ten zaszczyt z rado\u015bci\u0105 i ekscytacj\u0105. Ju\u017c niebawem, bo z pocz\u0105tkiem nowego roku, rozpoczn\u0119 tw\u00f3rcz\u0105 przygod\u0119 w ramach programu &#8222;By\u0107 facetem&#8221;.<\/p>\n<\/blockquote>\n<p class=\"ods-c-paragraph \">Decyzja Kabaretu Hrabi to odpowied\u017a na trudne miesi\u0105ce po odej\u015bciu Joanny Ko\u0142aczkowskiej. 5 pa\u017adziernika zesp\u00f3\u0142 wyda\u0142 o\u015bwiadczenie, w kt\u00f3rym jasno zadeklarowa\u0142, \u017ce nie zamierza zmienia\u0107 sta\u0142ego sk\u0142adu, lecz otwiera si\u0119 na go\u015bcinne wyst\u0119py zaprzyja\u017anionych artyst\u00f3w.<\/p>\n<p class=\"ods-c-paragraph \">W\u0142a\u015bnie w takim kontek\u015bcie zaproszenie otrzyma\u0142 Wojtek Kami\u0144ski, kt\u00f3ry zapowiada tw\u00f3rcz\u0105 wsp\u00f3\u0142prac\u0119, ekscytacj\u0119 i \u2014 co najwa\u017cniejsze \u2014 dobr\u0105 zabaw\u0119, do kt\u00f3rej zaprasza publiczno\u015b\u0107.<\/p>\n<p class=\"ods-c-paragraph \">Dzi\u0119kujemy, \u017ce przeczyta\u0142a\u015b\/e\u015b nasz artyku\u0142 do ko\u0144ca. W serwisie Plejada.pl ka\u017cdego dnia piszemy o najwa\u017cniejszych wydarzeniach show-biznesowych. B\u0105d\u017a na bie\u017c\u0105co! <a rel=\"nofollow noopener\" href=\"https:\/\/profile.google.com\/cp\/Cg0vZy8xMWJ6X19wdHBx\" id=\"bec79530-c231-476b-98e8-a0edb425b502\" target=\"_blank\">Obserwuj<\/a> Plejad\u0119 w Google. Odwied\u017a nas tak\u017ce na <a rel=\"nofollow noopener\" href=\"https:\/\/www.facebook.com\/plejadapl\" id=\"f0e174a5-4ba8-4244-bdf9-5262347aaa7d\" target=\"_blank\">Facebooku<\/a>, <a rel=\"nofollow noopener\" href=\"https:\/\/www.instagram.com\/plejadapl\/\" id=\"57cf473b-21f4-4a05-b902-729c429ff3a8\" target=\"_blank\">Instagramie<\/a>, <a rel=\"nofollow noopener\" href=\"https:\/\/www.youtube.com\/c\/plejada\" id=\"5ce2f151-1aa5-4899-ab89-6a5eda07d9db\" target=\"_blank\">YouTubie<\/a> oraz <a rel=\"nofollow noopener\" href=\"https:\/\/www.tiktok.com\/@plejada_pl\" id=\"e06ded9f-c7a2-443a-ab08-83ab0eea3476\" target=\"_blank\">TikToku<\/a>.<\/p>\n<p class=\"ods-c-paragraph \">Chcesz podzieli\u0107 si\u0119 ciekawym newsem lub zaproponowa\u0107 temat? Skontaktuj si\u0119 z nami, pisz\u0105c maila na adres: <a rel=\"nofollow noopener\" href=\"https:\/\/plejada.pl\/newsy\/kabaret-hrabi-wraca-z-nowym-programem-do-grupy-dolaczy-znany-artysta\/mailto:plejada@redakcjaonet.pl\" id=\"aad44f49-bd69-4277-ac6c-e7dfb0f912d4\" target=\"_blank\">plejada@redakcjaon<\/a><a href=\"https:\/\/et.pl\" id=\"d73be221-f2fe-44ec-8bda-da839d563401\" rel=\"nofollow noopener\" target=\"_blank\">et.pl<\/a>.<\/p>\n<p><script async src=\"\/\/www.instagram.com\/embed.js\"><\/script><script async src=\"\/\/www.tiktok.com\/embed.js\"><\/script><\/p>\n","protected":false},"excerpt":{"rendered":"Wiadomo\u015b\u0107, kt\u00f3ra pojawi\u0142a si\u0119 17 grudnia, natychmiast zelektryzowa\u0142a \u015brodowisko kabaretowe i rzesze wiernych widz\u00f3w. Wojtek Kami\u0144ski, popularny artysta&hellip;\n","protected":false},"author":2,"featured_media":156818,"comment_status":"","ping_status":"","sticky":false,"template":"","format":"standard","meta":{"footnotes":""},"categories":[22],"tags":[122,2472,11265,48,125,46,42,38,40,39,41,25199,123,47],"class_list":{"0":"post-156817","1":"post","2":"type-post","3":"status-publish","4":"format-standard","5":"has-post-thumbnail","7":"category-rozrywka","8":"tag-entertainment","9":"tag-kabaret_hrabi","10":"tag-kabarety_kabaret","11":"tag-nat_styl","12":"tag-newsy","13":"tag-omp","14":"tag-pl","15":"tag-poland","16":"tag-polish","17":"tag-polska","18":"tag-polski","19":"tag-rebrand_ai_tst1","20":"tag-rozrywka","21":"tag-screening_general"},"share_on_mastodon":{"url":"https:\/\/pubeurope.com\/@pl\/115737034922203028","error":""},"_links":{"self":[{"href":"https:\/\/www.europesays.com\/pl\/wp-json\/wp\/v2\/posts\/156817","targetHints":{"allow":["GET"]}}],"collection":[{"href":"https:\/\/www.europesays.com\/pl\/wp-json\/wp\/v2\/posts"}],"about":[{"href":"https:\/\/www.europesays.com\/pl\/wp-json\/wp\/v2\/types\/post"}],"author":[{"embeddable":true,"href":"https:\/\/www.europesays.com\/pl\/wp-json\/wp\/v2\/users\/2"}],"replies":[{"embeddable":true,"href":"https:\/\/www.europesays.com\/pl\/wp-json\/wp\/v2\/comments?post=156817"}],"version-history":[{"count":0,"href":"https:\/\/www.europesays.com\/pl\/wp-json\/wp\/v2\/posts\/156817\/revisions"}],"wp:featuredmedia":[{"embeddable":true,"href":"https:\/\/www.europesays.com\/pl\/wp-json\/wp\/v2\/media\/156818"}],"wp:attachment":[{"href":"https:\/\/www.europesays.com\/pl\/wp-json\/wp\/v2\/media?parent=156817"}],"wp:term":[{"taxonomy":"category","embeddable":true,"href":"https:\/\/www.europesays.com\/pl\/wp-json\/wp\/v2\/categories?post=156817"},{"taxonomy":"post_tag","embeddable":true,"href":"https:\/\/www.europesays.com\/pl\/wp-json\/wp\/v2\/tags?post=156817"}],"curies":[{"name":"wp","href":"https:\/\/api.w.org\/{rel}","templated":true}]}}