{"id":156821,"date":"2025-12-17T21:31:23","date_gmt":"2025-12-17T21:31:23","guid":{"rendered":"https:\/\/www.europesays.com\/pl\/156821\/"},"modified":"2025-12-17T21:31:23","modified_gmt":"2025-12-17T21:31:23","slug":"jarmark-bozonarodzeniowy-zaskoczyl-gosci-puscili-antysemickie-piosenki","status":"publish","type":"post","link":"https:\/\/www.europesays.com\/pl\/156821\/","title":{"rendered":"Jarmark bo\u017conarodzeniowy zaskoczy\u0142 go\u015bci. Pu\u015bcili antysemickie piosenki"},"content":{"rendered":"<p class=\"ods-c-paragraph \">Jak donosi lokalna gazeta &#8222;Kreiszeitung Wochenblatt&#8221;, w miniony weekend podczas jarmarku bo\u017conarodzeniowego w miejscowo\u015bci Otterndorf ko\u0142o Hamburga nieznane osoby w\u0142\u0105czy\u0142y przez g\u0142o\u015bniki utwory zawieraj\u0105ce tre\u015bci skrajnie prawicowe, w tym antysemickie. W\u015br\u00f3d odtwarzanych nagra\u0144 znalaz\u0142a si\u0119 popularna niemiecka piosenka, w kt\u00f3rej padaj\u0105 s\u0142owa &#8222;na wybrze\u017cu Morza P\u00f3\u0142nocnego&#8221;. Jednak kto\u015b zmieni\u0142 fragment tak, \u017ce mo\u017cna by\u0142o us\u0142ysze\u0107 fraz\u0119 &#8222;am arischen Strand&#8221; (&#8222;na aryjskiej pla\u017cy&#8221;).<\/p>\n<p>Dalszy ci\u0105g artyku\u0142u pod materia\u0142em wideo<\/p>\n<p> Jakie piosenki odtwarzano na jarmarku bo\u017conarodzeniowym? <\/p>\n<p> Jak zareagowali organizatorzy na sytuacj\u0119? <\/p>\n<p> Kto bada spraw\u0119 dotycz\u0105c\u0105 odtwarzanej muzyki? <\/p>\n<p> Jakie tre\u015bci zawiera\u0142y puszczane utwory? <\/p>\n<p>  Podczas jarmarku pu\u015bcili antysemickie piosenki<\/p>\n<p class=\"ods-c-paragraph \">Podczas jarmarku odtwarzana by\u0142a m.in. muzyka zespo\u0142u Landser, kt\u00f3ry zosta\u0142 prawnie uznany za organizacj\u0119 przest\u0119pcz\u0105. Jak dodaje serwis Express, puszczano r\u00f3wnie\u017c pie\u015bni innych antysemickich formacji z nurtu &#8222;Rechtsrock&#8221;.<\/p>\n<p class=\"ods-c-paragraph \">B\u0119d\u0105ca na jarmarku kobieta tak opowiedzia\u0142a o zaj\u015bciu lokalnej gazecie &#8222;Nordsee-Zeitung&#8221;: &#8222;Czuli\u015bmy si\u0119 strasznie nieswojo&#8221; \u2014 m\u00f3wi\u0142a &#8222;Nordsee-Zeitung&#8221;. Podczas jarmarku podesz\u0142a do niej para m\u0142odych ludzi. &#8222;Spytali, czy ta \u015bwietna muzyka pochodzi od nas. Powiedzieli, \u017ce to pi\u0119kna, tradycyjna muzyka ludowa, kt\u00f3ra \u015bwietnie pasuje do Bo\u017cego Narodzenia&#8221; \u2014 relacjonuje kobieta.<\/p>\n<p>    Policja bada spraw\u0119 antysemickich piosenek na jarmarku<\/p>\n<p class=\"ods-c-paragraph \">Wed\u0142ug dotychczasowych ustale\u0144 policji system nag\u0142o\u015bnienia zapewnia\u0142 zewn\u0119trzny us\u0142ugodawca. Zabezpieczono pami\u0119\u0107 USB, na kt\u00f3rej znajdowa\u0142a si\u0119 muzyka. Ma ona zosta\u0107 teraz zbadana. Nie jest jasne, kto dok\u0142adnie mia\u0142 do niej dost\u0119p i m\u00f3g\u0142 zmieni\u0107 wyb\u00f3r utwor\u00f3w. Ponadto maj\u0105 zosta\u0107 przes\u0142uchani kolejni \u015bwiadkowie.<\/p>\n<p class=\"ods-c-paragraph \">Od zdarzenia odci\u0119li si\u0119 organizatorzy oraz burmistrz miejscowo\u015bci. &#8222;Wyra\u017anie dystansujemy si\u0119 od wszelkich form ekstremizmu. Odtwarzanie muzyki zosta\u0142o natychmiast przerwane&#8221; \u2014 napisano na stronie internetowej jarmarku.<\/p>\n","protected":false},"excerpt":{"rendered":"Jak donosi lokalna gazeta &#8222;Kreiszeitung Wochenblatt&#8221;, w miniony weekend podczas jarmarku bo\u017conarodzeniowego w miejscowo\u015bci Otterndorf ko\u0142o Hamburga nieznane&hellip;\n","protected":false},"author":2,"featured_media":156822,"comment_status":"","ping_status":"","sticky":false,"template":"","format":"standard","meta":{"footnotes":""},"categories":[14],"tags":[210,23150,32,33,27,34,35,28,31,48,25,295,46,55,40,41,47,80,29,30,26,82,83,84],"class_list":{"0":"post-156821","1":"post","2":"type-post","3":"status-publish","4":"format-standard","5":"has-post-thumbnail","7":"category-swiat","8":"tag-aktualnosci","9":"tag-boze_narodzenie_wigilia","10":"tag-breaking-news","11":"tag-breakingnews","12":"tag-headlines","13":"tag-latest-news","14":"tag-latestnews","15":"tag-naglowki","16":"tag-najwazniejsze-artykuly","17":"tag-nat_styl","18":"tag-news","19":"tag-niemcy","20":"tag-omp","21":"tag-phx","22":"tag-polish","23":"tag-polski","24":"tag-screening_general","25":"tag-swiat","26":"tag-top-stories","27":"tag-topstories","28":"tag-wiadomosci","29":"tag-world","30":"tag-world-news","31":"tag-worldnews"},"share_on_mastodon":{"url":"https:\/\/pubeurope.com\/@pl\/115737046845507746","error":""},"_links":{"self":[{"href":"https:\/\/www.europesays.com\/pl\/wp-json\/wp\/v2\/posts\/156821","targetHints":{"allow":["GET"]}}],"collection":[{"href":"https:\/\/www.europesays.com\/pl\/wp-json\/wp\/v2\/posts"}],"about":[{"href":"https:\/\/www.europesays.com\/pl\/wp-json\/wp\/v2\/types\/post"}],"author":[{"embeddable":true,"href":"https:\/\/www.europesays.com\/pl\/wp-json\/wp\/v2\/users\/2"}],"replies":[{"embeddable":true,"href":"https:\/\/www.europesays.com\/pl\/wp-json\/wp\/v2\/comments?post=156821"}],"version-history":[{"count":0,"href":"https:\/\/www.europesays.com\/pl\/wp-json\/wp\/v2\/posts\/156821\/revisions"}],"wp:featuredmedia":[{"embeddable":true,"href":"https:\/\/www.europesays.com\/pl\/wp-json\/wp\/v2\/media\/156822"}],"wp:attachment":[{"href":"https:\/\/www.europesays.com\/pl\/wp-json\/wp\/v2\/media?parent=156821"}],"wp:term":[{"taxonomy":"category","embeddable":true,"href":"https:\/\/www.europesays.com\/pl\/wp-json\/wp\/v2\/categories?post=156821"},{"taxonomy":"post_tag","embeddable":true,"href":"https:\/\/www.europesays.com\/pl\/wp-json\/wp\/v2\/tags?post=156821"}],"curies":[{"name":"wp","href":"https:\/\/api.w.org\/{rel}","templated":true}]}}