{"id":156838,"date":"2025-12-17T21:40:09","date_gmt":"2025-12-17T21:40:09","guid":{"rendered":"https:\/\/www.europesays.com\/pl\/156838\/"},"modified":"2025-12-17T21:40:09","modified_gmt":"2025-12-17T21:40:09","slug":"weto-na-ustawie-lancuchowej-utrzymane-jest-reakcja-donalda-tuska-onet","status":"publish","type":"post","link":"https:\/\/www.europesays.com\/pl\/156838\/","title":{"rendered":"Weto na &quot;ustawie \u0142a\u0144cuchowej&quot; utrzymane. Jest reakcja Donalda Tuska &#8211; Onet"},"content":{"rendered":"<ol>\n<li><a href=\"https:\/\/news.google.com\/rss\/articles\/CBMixgFBVV95cUxOcFN2YnpmckJSeWdCQnR1WlJOQV91SllQY29vRGUzMFlHWmY5V2xWRDFoTHhFRzlFSVVaY2hKczJId0xXanlCTEs0QVhxMWVDNDdLcVhpcU8tY2s2TFl6U0p0SGFrTVhHVWJiVUVTenpFczNwbUg3bWgwU2dtcGRHb3dCT1drSkhQbEJfNk83bmJJazVWYmZBVTRwYVZxMmZHSmliQkUzcFZhLUVRQkFVZUhEVGlMOXVBTE9QdTF1M0JJM1NTbkE?oc=5\" target=\"_blank\" rel=\"nofollow noopener\">Weto na &#8222;ustawie \u0142a\u0144cuchowej&#8221; utrzymane. Jest reakcja Donalda Tuska<\/a>&nbsp;&nbsp;Onet<\/li>\n<li><a href=\"https:\/\/news.google.com\/rss\/articles\/CBMiswFBVV95cUxNckZuSnctd1pMVGtwNnhtc1NIYlRIUFpNRzhjRlk2b1dwSFRMM3ZzZWkyNDcyeUloM09IOGhtMDVVdW0taU9sYUVMMGNqRmdLMDBjQ0pVUG5kQjRudzFFUXVPMTd2UUk2SVVOdlZsQUhIb21YaGZ6WGxYMDJHX25WS0dSeDRQZjRxSmh0ZEkwVFJETWRkaUd0c2FUQ2lxNkR6bWdHdmJxU3RaNXF3UUViQXNlaw?oc=5\" target=\"_blank\" rel=\"nofollow noopener\">Prezydencki minister uderzy\u0142 w Tuska. &#8222;Na czyim by\u0142 pan \u0142a\u0144cuchu?&#8221;<\/a>&nbsp;&nbsp;Wydarzenia w INTERIA.PL<\/li>\n<li><a href=\"https:\/\/news.google.com\/rss\/articles\/CBMiugFBVV95cUxObTUyaXNNMlRYckhqVXFKY0twNUFYSkxUdUtUQmZvYjdCNE9TaHc2SnZKcVl5Z2pJTlpkaDVIZTd6cXVPdkk5Tjl2by1tSVhGRGtfbldRTkhwcXMtZ016SFo4cThnY3F2RWZsT1BxUXBsS3dPTGgxLWVsR291MnZRX1RVVlhGYk1uTlFDOVdsWUdTenR6YkRWS3pNdDB3WXpzOVNBREhCLUp5SENyVllaTU5YVzlOOFpBLVE?oc=5\" target=\"_blank\" rel=\"nofollow noopener\">Giertych nie gryz\u0142 si\u0119 w j\u0119zyk ws. prezydenckiego ministra. &#8222;Ten burak, cham i prostak&#8221;<\/a>&nbsp;&nbsp;Gazeta<\/li>\n<li><a href=\"https:\/\/news.google.com\/rss\/articles\/CBMixgFBVV95cUxOeDZoWFpUM2tlMVNlYTBPWFowUVJvM2pTcVdxUmIyTVJhX09UbC1GeFpXYk5KSFZjZXllX0MxbkRKWkJlXzRlUzRlN050a2VtVnFEVkFlSnJOWU5jZ2lWQzhiaDhJdnBtMEI3YmpuZUs4cGJveGE2WG5rUmtJbHR5M01PVDQxcGtnV21qMTJCc1FJT3d4a0hIZl9CV3l5Qm00d2tGNFlmYzQ1UE5mZ2FoTG51dWFLeUJodU9NSDdpTmQzem51bGc?oc=5\" target=\"_blank\" rel=\"nofollow noopener\">&#8222;PiS podkuli\u0142 ogon&#8221;, &#8222;symboliczna kapitulacja Kaczy\u0144skiego&#8221;. Tusk po g\u0142osowaniu w sprawie weta<\/a>&nbsp;&nbsp;TVN24<\/li>\n<li><a href=\"https:\/\/news.google.com\/rss\/articles\/CBMirgFBVV95cUxQcGxTOVBZeF8zYVBQNzdUVUx4dm11S0l0SmE4d2gwR2xrTDdma2t0NTU5LV93aTVVVXptYWt6TFVxbnN6VWRaX0Y5SV9sS09iM2ljOTJZT0pIRDl3YnFjZU16LU43NGtUNmtFZjRQcEJxc0lsU29reVZ5RGdORVlrWnlFLWo4LXp4Wm5qMjdnblMzb2d4dzA1anhjcnc1ZFRmU0U1eFZlenFIaTl2Vmc?oc=5\" target=\"_blank\" rel=\"nofollow noopener\">W sieci wrze po kluczowym g\u0142osowaniu w Sejmie. &#8222;Symboliczna kapitulacja Kaczy\u0144skiego&#8221;<\/a>&nbsp;&nbsp;Onet Wiadomo\u015bci<\/li>\n<\/ol>\n","protected":false},"excerpt":{"rendered":"Weto na &#8222;ustawie \u0142a\u0144cuchowej&#8221; utrzymane. Jest reakcja Donalda Tuska&nbsp;&nbsp;Onet Prezydencki minister uderzy\u0142 w Tuska. &#8222;Na czyim by\u0142 pan&hellip;\n","protected":false},"author":2,"featured_media":156839,"comment_status":"","ping_status":"","sticky":false,"template":"","format":"standard","meta":{"footnotes":""},"categories":[5],"tags":[32,33,200,36,37,27,67,240,34,35,28,31,53,25,52,68,51,55,20571,42,38,40,39,41,47,29,30,65,50,8206,26],"class_list":{"0":"post-156838","1":"post","2":"type-post","3":"status-publish","4":"format-standard","5":"has-post-thumbnail","7":"category-naglowki","8":"tag-breaking-news","9":"tag-breakingnews","10":"tag-donald_tusk_polityk","11":"tag-featured-news","12":"tag-featurednews","13":"tag-headlines","14":"tag-intextvideo_splayer","15":"tag-karol_nawrocki_prezydent","16":"tag-latest-news","17":"tag-latestnews","18":"tag-naglowki","19":"tag-najwazniejsze-artykuly","20":"tag-new_header","21":"tag-news","22":"tag-onet3","23":"tag-onet3d","24":"tag-onet3d_2i","25":"tag-phx","26":"tag-pies_psy_zwierze","27":"tag-pl","28":"tag-poland","29":"tag-polish","30":"tag-polska","31":"tag-polski","32":"tag-screening_general","33":"tag-top-stories","34":"tag-topstories","35":"tag-update_me","36":"tag-v2021","37":"tag-weto","38":"tag-wiadomosci"},"share_on_mastodon":{"url":"https:\/\/pubeurope.com\/@pl\/115737082433744124","error":""},"_links":{"self":[{"href":"https:\/\/www.europesays.com\/pl\/wp-json\/wp\/v2\/posts\/156838","targetHints":{"allow":["GET"]}}],"collection":[{"href":"https:\/\/www.europesays.com\/pl\/wp-json\/wp\/v2\/posts"}],"about":[{"href":"https:\/\/www.europesays.com\/pl\/wp-json\/wp\/v2\/types\/post"}],"author":[{"embeddable":true,"href":"https:\/\/www.europesays.com\/pl\/wp-json\/wp\/v2\/users\/2"}],"replies":[{"embeddable":true,"href":"https:\/\/www.europesays.com\/pl\/wp-json\/wp\/v2\/comments?post=156838"}],"version-history":[{"count":0,"href":"https:\/\/www.europesays.com\/pl\/wp-json\/wp\/v2\/posts\/156838\/revisions"}],"wp:featuredmedia":[{"embeddable":true,"href":"https:\/\/www.europesays.com\/pl\/wp-json\/wp\/v2\/media\/156839"}],"wp:attachment":[{"href":"https:\/\/www.europesays.com\/pl\/wp-json\/wp\/v2\/media?parent=156838"}],"wp:term":[{"taxonomy":"category","embeddable":true,"href":"https:\/\/www.europesays.com\/pl\/wp-json\/wp\/v2\/categories?post=156838"},{"taxonomy":"post_tag","embeddable":true,"href":"https:\/\/www.europesays.com\/pl\/wp-json\/wp\/v2\/tags?post=156838"}],"curies":[{"name":"wp","href":"https:\/\/api.w.org\/{rel}","templated":true}]}}