{"id":156856,"date":"2025-12-17T21:49:11","date_gmt":"2025-12-17T21:49:11","guid":{"rendered":"https:\/\/www.europesays.com\/pl\/156856\/"},"modified":"2025-12-17T21:49:11","modified_gmt":"2025-12-17T21:49:11","slug":"edyta-pazura-ubrala-dom-na-swieta-gigantyczne-kokardy-to-nie-wszystko-wideo-onet","status":"publish","type":"post","link":"https:\/\/www.europesays.com\/pl\/156856\/","title":{"rendered":"Edyta Pazura ubra\u0142a dom na \u015bwi\u0119ta. Gigantyczne kokardy to nie wszystko [WIDEO] &#8211; Onet"},"content":{"rendered":"<ol>\n<li><a href=\"https:\/\/news.google.com\/rss\/articles\/CBMiywFBVV95cUxPRVhwQ2x1ams1Z25tRnFpSG1fWE9feUxNdEw3LUdxY2U0N1pEUkVsbm1aWWpjOEFreElOS3ZrUGJQVnpiZENVdG5sNzE3bDByYS1FOWlmZjJCRjlZTEpUSVlmdmFjbWprOW9OM2J4Uk5aZTE0SHlwRmhySjJablFKcENNVXlISXJmTkVxQTBmUzVfbmlGNTdDTkl3Zld5ZEZqV3c3YWhIY29PRzNvbGZJSUgwdDdaWURvUnNoMUVkaWZvNnNNTE8zb0FGdw?oc=5\" target=\"_blank\" rel=\"nofollow noopener\">Edyta Pazura ubra\u0142a dom na \u015bwi\u0119ta. Gigantyczne kokardy to nie wszystko [WIDEO]<\/a>&nbsp;&nbsp;Onet<\/li>\n<li><a href=\"https:\/\/news.google.com\/rss\/articles\/CBMi1gFBVV95cUxPTUNHc3JINUpYTlI3MTgtQnl1dHRhajhVSmZNQm02S3JnR2F5RE1YM21ib29xQ1BZZkp5NVUxeEMtSzJZWHJneFJTR3BPMjRlRmFfOExVRzI4dE53OF9SN1ZucHFFeU14NlNWRFdkR0o0TVhoT1Z1cjdLR1BPSnN3RkVISFEwMGlFNDdqY2pQNVlrUUYxSmNrUHR6eEpyaU13UzBtdTVqZ01GZ1E4aWQwdzByd1dvVFdXY195aXRSbklDMS1FeWVzN0ZPN3E0MFVkbjQtZ3Jn?oc=5\" target=\"_blank\" rel=\"nofollow noopener\">Edyta Pazura w \u015bwi\u0105tecznej pi\u017camie dekoruje dom na Bo\u017ce Narodzenie: \u015bwiece, kokardy, figurki (ZDJ\u0118CIA)<\/a>&nbsp;&nbsp;Pudelek<\/li>\n<li><a href=\"https:\/\/news.google.com\/rss\/articles\/CBMitAFBVV95cUxPNV9NNEdoQzA3QVZVeTNqdGx4X0dUdHBianRvR1FxX0JGamxTOFBGcXpQOHpCMEFNdjVsa3lzdDFTdy1fNW1HTDQxUDF0eFZwMElBdjFDR3ZrbkpPaVhBNjN0V3prWkUxN0s2SkFWZFlGbUtjVkdmaHVBVm96a05aendqX3lzaHJuWjltRFg4MWNNNHZsVGJTXy16d3p5b3Q1R1BCX2ZoN016RFBsalFhbjR0TG8?oc=5\" target=\"_blank\" rel=\"nofollow noopener\">Pazura ozdobi\u0142a dom na \u015bwi\u0119ta. Wielka kokarda nad kominkiem to pocz\u0105tek<\/a>&nbsp;&nbsp;Plotek.pl<\/li>\n<li><a href=\"https:\/\/news.google.com\/rss\/articles\/CBMiqgFBVV95cUxOVlZaN0NLeVNuZ0gtRFA5QllaUzVBS3l5QXpjdUtVRmdHZkZZMUdQSllvcHNqY0NxUGhLdXlWTS1vNVBFVzBlMTE0a1RJTE1EdFJkM1M4bW50bjB2UFkzaHZhN1JRYWMycVo4RGZ6VDB2SXoxeHpXSDV2ZFljOS1pYmc3aldPOEVUNHlqM1lPRkdOakpSZ2ZqbVFFRXNIUkllM2hhV3F3STZ1dw?oc=5\" target=\"_blank\" rel=\"nofollow noopener\">\u015awi\u0119ta u Edyty Pazury. Tak teraz wygl\u0105da jej dom na Wilanowie<\/a>&nbsp;&nbsp;Kozaczek<\/li>\n<li><a href=\"https:\/\/news.google.com\/rss\/articles\/CBMi-AFBVV95cUxONnBwbGwzNFJmQmkxTVFfTXNsNWhjRGxuRUdsNHM5ckFldjRnakoxNWRGcnlocjZlVS1nQ3FIZkFPNFhJeVlDNGtQMFNZR1lkSGJxQUhNWXl3bFJ1WlBrRGRGblBjS3ByTlhiYkR3N0FiVGVQdUs1eW5XelVfcTdpODdKem9JYTRyVnJnakhYRjBmR2ZmaFN4R1dsRjcyU2hTSm53ZW9oOEdrcHRhc000ZVpWYjVoelJCOUc5MVVfZ1JVY21RTnJVemRNblFFazBCdEk5MkF2clRNaW1Ga1l4ZnE5ekxDeGlodkhNVTBqbHRpWXJjTnZKVA?oc=5\" target=\"_blank\" rel=\"nofollow noopener\">Dom Cezarego Pazury robi wra\u017cenie. Pi\u0119kne wn\u0119trza. Urodzony pod \u0141odzi\u0105 aktor mieszka \u017con\u0105 Edyt\u0105 w przytulnym gniazdku<\/a>&nbsp;&nbsp;Express Ilustrowany<\/li>\n<\/ol>\n","protected":false},"excerpt":{"rendered":"Edyta Pazura ubra\u0142a dom na \u015bwi\u0119ta. Gigantyczne kokardy to nie wszystko [WIDEO]&nbsp;&nbsp;Onet Edyta Pazura w \u015bwi\u0105tecznej pi\u017camie dekoruje&hellip;\n","protected":false},"author":2,"featured_media":156857,"comment_status":"","ping_status":"","sticky":false,"template":"","format":"standard","meta":{"footnotes":""},"categories":[22],"tags":[18916,27076,22269,122,67,53,52,68,51,55,42,38,40,39,41,123,47,196,5806,65,50],"class_list":{"0":"post-156856","1":"post","2":"type-post","3":"status-publish","4":"format-standard","5":"has-post-thumbnail","7":"category-rozrywka","8":"tag-boze_narodzenie_swieta_bozego_narodzenia_wigilia","9":"tag-dekoracje_swiateczne","10":"tag-edyta_pazura","11":"tag-entertainment","12":"tag-intextvideo_splayer","13":"tag-new_header","14":"tag-onet3","15":"tag-onet3d","16":"tag-onet3d_2i","17":"tag-phx","18":"tag-pl","19":"tag-poland","20":"tag-polish","21":"tag-polska","22":"tag-polski","23":"tag-rozrywka","24":"tag-screening_general","25":"tag-styl_zycia","26":"tag-swieta","27":"tag-update_me","28":"tag-v2021"},"share_on_mastodon":{"url":"https:\/\/pubeurope.com\/@pl\/115737117763703995","error":""},"_links":{"self":[{"href":"https:\/\/www.europesays.com\/pl\/wp-json\/wp\/v2\/posts\/156856","targetHints":{"allow":["GET"]}}],"collection":[{"href":"https:\/\/www.europesays.com\/pl\/wp-json\/wp\/v2\/posts"}],"about":[{"href":"https:\/\/www.europesays.com\/pl\/wp-json\/wp\/v2\/types\/post"}],"author":[{"embeddable":true,"href":"https:\/\/www.europesays.com\/pl\/wp-json\/wp\/v2\/users\/2"}],"replies":[{"embeddable":true,"href":"https:\/\/www.europesays.com\/pl\/wp-json\/wp\/v2\/comments?post=156856"}],"version-history":[{"count":0,"href":"https:\/\/www.europesays.com\/pl\/wp-json\/wp\/v2\/posts\/156856\/revisions"}],"wp:featuredmedia":[{"embeddable":true,"href":"https:\/\/www.europesays.com\/pl\/wp-json\/wp\/v2\/media\/156857"}],"wp:attachment":[{"href":"https:\/\/www.europesays.com\/pl\/wp-json\/wp\/v2\/media?parent=156856"}],"wp:term":[{"taxonomy":"category","embeddable":true,"href":"https:\/\/www.europesays.com\/pl\/wp-json\/wp\/v2\/categories?post=156856"},{"taxonomy":"post_tag","embeddable":true,"href":"https:\/\/www.europesays.com\/pl\/wp-json\/wp\/v2\/tags?post=156856"}],"curies":[{"name":"wp","href":"https:\/\/api.w.org\/{rel}","templated":true}]}}