{"id":156860,"date":"2025-12-17T21:51:14","date_gmt":"2025-12-17T21:51:14","guid":{"rendered":"https:\/\/www.europesays.com\/pl\/156860\/"},"modified":"2025-12-17T21:51:14","modified_gmt":"2025-12-17T21:51:14","slug":"kiedy-wejdzie-cyfrowe-euro-nareszcie-wiemy-wiecej-o-walucie-ue","status":"publish","type":"post","link":"https:\/\/www.europesays.com\/pl\/156860\/","title":{"rendered":"Kiedy wejdzie cyfrowe euro? Nareszcie wiemy wi\u0119cej o walucie UE"},"content":{"rendered":"<p data-section=\"detail-body\">Ministrowie finans\u00f3w Unii Europejskiej porozumieli si\u0119 w sprawie budowy cyfrowego euro. To kluczowy krok w kierunku wprowadzenia cyfrowej waluty w strefie euro. Projekt ma na celu uniezale\u017cnienie Europy od ameryka\u0144skich firm w zakresie p\u0142atno\u015bci oraz dostosowanie si\u0119 do coraz rzadszego u\u017cycia got\u00f3wki.<\/p>\n<p class=\"article_p\" data-section=\"detail-body\">Zobacz tak\u017ce: <a href=\"https:\/\/businessinsider.com.pl\/prawo\/nowelizacja-ustawy-ceidg-przedsiebiorcy-przejda-na-cyfrowe-wnioski\/23s6dcj\" id=\"b3397a58-6aac-4a69-a221-c30f3c277d1b\" rel=\"nofollow noopener\" target=\"_blank\">B\u0119dzie nowa funkcja w mObywatelu. Rz\u0105d chce rewolucyjnych zmian dla przedsi\u0119biorc\u00f3w<\/a><\/p>\n<p class=\"article_p\" data-section=\"detail-body\">Jak przypomina niemiecki &#8222;Handelsblatt&#8221;, cyfrowe euro to odpowied\u017a na zmieniaj\u0105ce si\u0119 potrzeby rynku i rosn\u0105c\u0105 cyfryzacj\u0119 p\u0142atno\u015bci. Wprowadzenie tej waluty ma wzmocni\u0107 suwerenno\u015b\u0107 Europy w obszarze finans\u00f3w, ograniczaj\u0105c zale\u017cno\u015b\u0107 od ameryka\u0144skich gigant\u00f3w, takich jak Visa czy Mastercard.<\/p>\n<p class=\"article_p\" data-section=\"detail-body\">Dalszy ci\u0105g tekstu pod materia\u0142em wideo<\/p>\n<p>            Czytaj tak\u017ce w BUSINESS INSIDER<\/p>\n<p class=\"article_p\" data-section=\"detail-body\">Projekt budzi kontrowersje, szczeg\u00f3lnie w kontek\u015bcie koszt\u00f3w i potencjalnych skutk\u00f3w dla sektora bankowego.<\/p>\n<p>        Zapad\u0142a decyzja w sprawie cyfrowego euro. UE m\u00f3wi o historycznym kroku<\/p>\n<p class=\"article_p\" data-section=\"detail-body\">Porozumienie ministr\u00f3w finans\u00f3w UE w sprawie cyfrowej waluty du\u0144ska minister finans\u00f3w Stephanie Lose, kre\u015bli\u0142a jako wa\u017cny krok. Valdis Dombrovskis, unijny komisarz ds. gospodarczych, podkre\u015bli\u0142, \u017ce to &#8222;kamie\u0144 milowy&#8221;. A sama decyzja Rady UE to sygna\u0142 dla Parlamentu Europejskiego, kt\u00f3ry ma ustali\u0107 swoje stanowisko w 2026 r. Dopiero po tym rozpoczn\u0105 si\u0119 negocjacje nad ostatecznym kszta\u0142tem ustawy.<\/p>\n<p class=\"article_p\" data-section=\"detail-body\">Zobacz tak\u017ce: <a href=\"https:\/\/businessinsider.com.pl\/praca\/cyfrowe-kompetencje-polskie-firmy-musza-nadrobic-zaleglosci\/hq7be1d\" id=\"b304b1af-f934-44ba-968d-0449ead47ceb\" rel=\"nofollow noopener\" target=\"_blank\">Cyfrowa przepa\u015b\u0107 w polskim biznesie. &#8222;Startujemy z bardzo niskiego pu\u0142apu&#8221;<\/a><\/p>\n<p class=\"article_p\" data-section=\"detail-body\">&#8222;Porozumienie wzmacnia europejsk\u0105 suwerenno\u015b\u0107, a cyfrowe euro stanie si\u0119 symbolem cyfrowej integracji Europy \u2013 powiedzia\u0142 niemiecki minister finans\u00f3w Lars Klingbeil, kt\u00f3rego s\u0142owa przytacza &#8222;Handelsblatt&#8221;.<\/p>\n<p class=\"article_p\" data-section=\"detail-body\">Niemiecka gazeta wyja\u015bnia, \u017ce Europejski Bank Centralny (EBC) planuje rozpocz\u0105\u0107 projekt pilota\u017cowy cyfrowego euro w 2027 r. Je\u015bli wszystko p\u00f3jdzie zgodnie z planem, waluta mog\u0142aby zosta\u0107 wprowadzona w 2029 r. Cyfrowe euro ma by\u0107 uzupe\u0142nieniem got\u00f3wki, a nie jej zast\u0119pstwem, co podkre\u015blaj\u0105 zar\u00f3wno EBC, jak i Komisja Europejska.<\/p>\n","protected":false},"excerpt":{"rendered":"Ministrowie finans\u00f3w Unii Europejskiej porozumieli si\u0119 w sprawie budowy cyfrowego euro. To kluczowy krok w kierunku wprowadzenia cyfrowej&hellip;\n","protected":false},"author":2,"featured_media":156861,"comment_status":"","ping_status":"","sticky":false,"template":"","format":"standard","meta":{"footnotes":""},"categories":[16],"tags":[113,112,42,38,40,39,41],"class_list":{"0":"post-156860","1":"post","2":"type-post","3":"status-publish","4":"format-standard","5":"has-post-thumbnail","7":"category-biznes","8":"tag-biznes","9":"tag-business","10":"tag-pl","11":"tag-poland","12":"tag-polish","13":"tag-polska","14":"tag-polski"},"share_on_mastodon":{"url":"https:\/\/pubeurope.com\/@pl\/115737125533260118","error":""},"_links":{"self":[{"href":"https:\/\/www.europesays.com\/pl\/wp-json\/wp\/v2\/posts\/156860","targetHints":{"allow":["GET"]}}],"collection":[{"href":"https:\/\/www.europesays.com\/pl\/wp-json\/wp\/v2\/posts"}],"about":[{"href":"https:\/\/www.europesays.com\/pl\/wp-json\/wp\/v2\/types\/post"}],"author":[{"embeddable":true,"href":"https:\/\/www.europesays.com\/pl\/wp-json\/wp\/v2\/users\/2"}],"replies":[{"embeddable":true,"href":"https:\/\/www.europesays.com\/pl\/wp-json\/wp\/v2\/comments?post=156860"}],"version-history":[{"count":0,"href":"https:\/\/www.europesays.com\/pl\/wp-json\/wp\/v2\/posts\/156860\/revisions"}],"wp:featuredmedia":[{"embeddable":true,"href":"https:\/\/www.europesays.com\/pl\/wp-json\/wp\/v2\/media\/156861"}],"wp:attachment":[{"href":"https:\/\/www.europesays.com\/pl\/wp-json\/wp\/v2\/media?parent=156860"}],"wp:term":[{"taxonomy":"category","embeddable":true,"href":"https:\/\/www.europesays.com\/pl\/wp-json\/wp\/v2\/categories?post=156860"},{"taxonomy":"post_tag","embeddable":true,"href":"https:\/\/www.europesays.com\/pl\/wp-json\/wp\/v2\/tags?post=156860"}],"curies":[{"name":"wp","href":"https:\/\/api.w.org\/{rel}","templated":true}]}}