{"id":156874,"date":"2025-12-17T21:58:24","date_gmt":"2025-12-17T21:58:24","guid":{"rendered":"https:\/\/www.europesays.com\/pl\/156874\/"},"modified":"2025-12-17T21:58:24","modified_gmt":"2025-12-17T21:58:24","slug":"zus-oglosil-wyplate-15-emerytury","status":"publish","type":"post","link":"https:\/\/www.europesays.com\/pl\/156874\/","title":{"rendered":"ZUS og\u0142osi\u0142 wyp\u0142at\u0119 15. emerytury"},"content":{"rendered":"<ul>&#13;<\/p>\n<li>W grudniu ZUS zmieni harmonogram wyp\u0142at emerytur, przez co cz\u0119\u015b\u0107 senior\u00f3w otrzyma dwa przelewy zamiast jednego.<\/li>\n<p>&#13;<\/p>\n<li>W 2026 roku waloryzacja \u015bwiadcze\u0144 mo\u017ce wynie\u015b\u0107 nawet 4,9 proc., co prze\u0142o\u017cy si\u0119 na wzrost emerytur o kilkadziesi\u0105t z\u0142otych.<\/li>\n<p>&#13;<\/p>\n<li>Z uwagi na Bo\u017ce Narodzenie i Nowy Rok niekt\u00f3re \u015bwiadczenia trafi\u0105 do emeryt\u00f3w wcze\u015bniej ni\u017c w standardowych terminach.<\/li>\n<p>&#13;\n<\/ul>\n<p>        <a href=\"https:\/\/www.pulshr.pl\/zwiazki-zawodowe\/inspekcja-pracy-wchodzi-do-dino-pracownicy-skarza-sie-na-zle-warunki-pracy,115913.html\" class=\"read-more-box-img-cnt\" rel=\"nofollow noopener\" target=\"_blank\"><br \/>\n        \t            <img decoding=\"async\" src=\"https:\/\/www.europesays.com\/pl\/wp-content\/uploads\/2025\/12\/131910_r0_300.jpg\" class=\"read-more-box-img\" loading=\"lazy\" alt=\"Inspekcja pracy wchodzi do Dino. Pracownicy skar\u017c\u0105 si\u0119 na z\u0142e warunki pracy\" width=\"300\" height=\"200\"\/><br \/>\n                    <\/a><\/p>\n<p>W jakich dniach ZUS wyp\u0142aca emerytury? W grudniu b\u0119d\u0105 zmiany<\/p>\n<p>Zwykle ZUS wyp\u0142aca emerytury w konkretnych terminach &#8211;\u00a01., 6., 10., 15., 20. i 25. dnia miesi\u0105ca. W przypadku, je\u015bli dzie\u0144 wyp\u0142aty wypada w dzie\u0144 ustawowo wolny od pracy lub w weekend, \u015bwiadczeniobiorca otrzymuje pieni\u0105dze wcze\u015bniej. W grudniu w zwi\u0105zku z Bo\u017cym Narodzeniem wolnego jest wi\u0119cej, a co za tym idzie, niekt\u00f3rzy emeryci dostan\u0105 w tym miesi\u0105cu dwa przelewy.<\/p>\n<p>        <a href=\"https:\/\/www.pulshr.pl\/rekrutacja\/takiego-tapniecia-nie-bylo-od-dawna-jest-jeszcze-gorzej-niz-myslelismy,115885.html\" class=\"read-more-box-img-cnt\" rel=\"nofollow noopener\" target=\"_blank\"><br \/>\n        \t            <img decoding=\"async\" src=\"https:\/\/www.europesays.com\/pl\/wp-content\/uploads\/2025\/12\/131874_r0_300.jpg\" class=\"read-more-box-img\" loading=\"lazy\" alt=\"Takiego t\u0105pni\u0119cia nie by\u0142o od dawna. Jest jeszcze gorzej ni\u017c my\u015bleli\u015bmy\" width=\"300\" height=\"200\"\/><br \/>\n                    <\/a><\/p>\n<p>ZUS og\u0142osi\u0142 wyp\u0142at\u0119 15. emerytury. Niekt\u00f3rzy emeryci obejd\u0105 si\u0119 smakiem<\/p>\n<p>Jak podaje portal &#8222;S\u0105deczanin&#8221;, seniorzy, kt\u00f3rzy tradycyjnie dostaj\u0105 emerytur\u0119 1. dnia miesi\u0105ca, w grudniu otrzymaj\u0105 pieni\u0105dze wcze\u015bniej. Nale\u017cy jednak pami\u0119ta\u0107, \u017ce nie jest to dodatkowe \u015bwiadczenie ani faktyczna 15. emerytura, chocia\u017c w rzeczywisto\u015bci dla niekt\u00f3rych b\u0119dzie to 15. wyp\u0142ata pieni\u0119dzy w 2025 roku. Oto terminy wyp\u0142at grudniowych \u015bwiadcze\u0144.<\/p>\n<ul>&#13;<\/p>\n<li>Wyp\u0142ata 6 grudnia (sobota) zosta\u0142a przesuni\u0119ta na 5 grudnia (pi\u0105tek).<\/li>\n<p>&#13;<\/p>\n<li>Wyp\u0142ata z 20 grudnia (sobota) pojawi si\u0119 19 grudnia (pi\u0105tek).<\/li>\n<p>&#13;<\/p>\n<li>Pieni\u0105dze wyp\u0142acane 25 grudnia (Bo\u017ce Narodzenie) pojawi\u0105 si\u0119 na koncie 23 grudnia (w niekt\u00f3rych przypadkach 22 grudnia).<\/li>\n<p>&#13;<\/p>\n<li>Wyp\u0142ata z 1 stycznia 2026 roku jest przyspieszona na 31 grudnia 2025 roku.<\/li>\n<p>&#13;\n<\/ul>\n<p>        <a href=\"https:\/\/www.pulshr.pl\/wynagrodzenia\/te-swiadczenia-przysluguja-studentom-nawet-kilka-tysiecy-zlotych-rocznie,115849.html\" class=\"read-more-box-img-cnt\" rel=\"nofollow noopener\" target=\"_blank\"><br \/>\n        \t            <img decoding=\"async\" src=\"https:\/\/www.europesays.com\/pl\/wp-content\/uploads\/2025\/12\/131820_r0_300.jpg\" class=\"read-more-box-img\" loading=\"lazy\" alt=\"Te \u015bwiadczenia przys\u0142uguj\u0105 studentom. Nawet kilka tysi\u0119cy z\u0142otych rocznie\" width=\"300\" height=\"200\"\/><br \/>\n                    <\/a><\/p>\n<p>Jaka b\u0119dzie waloryzacja emerytur w 2026 roku? Oto prognozowane podwy\u017cki<\/p>\n<p>Przewidywany wska\u017anik waloryzacji w przysz\u0142ym roku ma utrzyma\u0107 si\u0119 na poziomie 4,9 proc. Je\u015bli prognozy si\u0119 sprawdz\u0105,\u00a0minimalna emerytura mo\u017ce wynie\u015b\u0107 1970,60 z\u0142 brutto, czyli &#8222;na r\u0119k\u0119&#8221; b\u0119dzie to 1793,59 z\u0142.<\/p>\n<ul>&#13;<\/p>\n<li>1900 z\u0142 brutto po waloryzacji to 1993,10 z\u0142 brutto, a wi\u0119c \u015bwiadczenie netto wyniesie 1813,72 z\u0142.<\/li>\n<p>&#13;<\/p>\n<li>2000 z\u0142 brutto po waloryzacji wyniesie 2098 z\u0142 brutto, a netto b\u0119dzie to 1909,18 z\u0142.<\/li>\n<p>&#13;<\/p>\n<li>2100 z\u0142 brutto po waloryzacji to 2202,90 z\u0142 brutto. Kwota \u015bwiadczenia &#8222;na r\u0119k\u0119&#8221; to 2004,64 z\u0142.<\/li>\n<p>&#13;<\/p>\n<li>2200 z\u0142 brutto po waloryzacji wyniesie 2309,80 z\u0142 brutto, czyli emeryt dostanie &#8222;na r\u0119k\u0119&#8221; o 98,10 z\u0142 wi\u0119cej.<\/li>\n<p>&#13;<\/p>\n<li>2400 z\u0142 brutto po waloryzacji wyniesie 2517 z\u0142 brutto, czyli kwota &#8222;na r\u0119k\u0119&#8221; b\u0119dzie 96 z\u0142 wy\u017csza.<\/li>\n<p>&#13;<\/p>\n<li>2600 z\u0142 brutto po waloryzacji wyniesie 2727,40 z\u0142 brutto, czyli kwota &#8222;na r\u0119k\u0119&#8221; wzro\u015bnie o 100,65 z\u0142.<\/li>\n<p>&#13;<\/p>\n<li>2900 z\u0142 brutto po waloryzacji to 3042,10 z\u0142, a netto wyniesie 2703,26 z\u0142.<\/li>\n<p>&#13;<\/p>\n<li>3000 z\u0142 brutto po waloryzacji wzro\u015bnie do 3147 z\u0142, a wi\u0119c wzrost &#8222;na r\u0119k\u0119&#8221; to 116,13 z\u0142.<\/li>\n<p>&#13;<\/p>\n<li>3200 z\u0142 brutto po waloryzacji w 2026 roku wyniesie 3356,80 z\u0142, a &#8222;na r\u0119k\u0119&#8221; emeryci otrzymaj\u0105 123,87 z\u0142.<\/li>\n<p>&#13;<\/p>\n<li>3400 z\u0142 brutto emerytury po waloryzacji to 3566,60 z\u0142 brutto, czyli wzrost &#8222;na r\u0119k\u0119&#8221; wyniesie 131,61 z\u0142.<\/li>\n<p>&#13;<\/p>\n<li>3600 z\u0142 brutto w 2026 roku wzro\u015bnie do 3776,40 z\u0142, a &#8222;na r\u0119k\u0119&#8221; to 139,36 z\u0142 wi\u0119cej.<\/li>\n<p>&#13;<\/p>\n<li>4000 z\u0142 brutto po waloryzacji w 2026 roku wyniesie 4196,00 z\u0142. &#8222;Na r\u0119k\u0119&#8221; to wzrost o 154,84 z\u0142.<\/li>\n<p>&#13;<\/p>\n<li>4500 z\u0142 brutto wzro\u015bnie do 4720,50 z\u0142 brutto, a wi\u0119c &#8222;na r\u0119k\u0119&#8221; to 174,19 z\u0142 wi\u0119cej.<\/li>\n<p>&#13;<\/p>\n<li>5000 z\u0142 brutto po waloryzacji wyniesie 5245,00 z\u0142 brutto. Wzrost &#8222;na r\u0119k\u0119&#8221; to 193,55 z\u0142.<\/li>\n<p>&#13;<\/p>\n<li>5500,00 z\u0142 brutto emerytury wzro\u015bnie do 5769,50 z\u0142 brutto. To wi\u0119cej o 212,90 z\u0142 &#8222;na r\u0119k\u0119&#8221;.<\/li>\n<p>&#13;<\/p>\n<li>Emeryt otrzymuj\u0105cy 6000,00 z\u0142 brutto dostanie w 2026 roku o 145,39 z\u0142 wi\u0119cej &#8222;na r\u0119k\u0119&#8221;, czyli 6294,00 z\u0142 brutto.<\/li>\n<p>&#13;\n<\/ul>\n","protected":false},"excerpt":{"rendered":"&#13; W grudniu ZUS zmieni harmonogram wyp\u0142at emerytur, przez co cz\u0119\u015b\u0107 senior\u00f3w otrzyma dwa przelewy zamiast jednego. &#13;&hellip;\n","protected":false},"author":2,"featured_media":156875,"comment_status":"","ping_status":"","sticky":false,"template":"","format":"standard","meta":{"footnotes":""},"categories":[16],"tags":[664,8866,8863,14717,8857,26116,28296,8854,113,112,14715,8855,28294,26114,8861,8852,8864,42,38,40,39,41,14716,8856,28295,26115,8862,8853,8865],"class_list":{"0":"post-156874","1":"post","2":"type-post","3":"status-publish","4":"format-standard","5":"has-post-thumbnail","7":"category-biznes","8":"tag-typedefinedterm","9":"tag-12782-html","10":"tag-25892-html","11":"tag-26458-html","12":"tag-38457-html","13":"tag-45417-html","14":"tag-49118-html","15":"tag-59372-html","16":"tag-biznes","17":"tag-business","18":"tag-nameemerytura","19":"tag-nameemerytury","20":"tag-namepieniu0105dze","21":"tag-nameseniorzy","22":"tag-nameu015bwiadczenia","23":"tag-namewaloryzacja-emerytur","24":"tag-namezus","25":"tag-pl","26":"tag-poland","27":"tag-polish","28":"tag-polska","29":"tag-polski","30":"tag-urlhttps-www-pulshr-pl-lista-emerytura","31":"tag-urlhttps-www-pulshr-pl-lista-emerytury","32":"tag-urlhttps-www-pulshr-pl-lista-pieniadze","33":"tag-urlhttps-www-pulshr-pl-lista-seniorzy","34":"tag-urlhttps-www-pulshr-pl-lista-swiadczenia","35":"tag-urlhttps-www-pulshr-pl-lista-waloryzacja-emerytur","36":"tag-urlhttps-www-pulshr-pl-lista-zus"},"share_on_mastodon":{"url":"","error":"Validation failed: Text character limit of 500 exceeded"},"_links":{"self":[{"href":"https:\/\/www.europesays.com\/pl\/wp-json\/wp\/v2\/posts\/156874","targetHints":{"allow":["GET"]}}],"collection":[{"href":"https:\/\/www.europesays.com\/pl\/wp-json\/wp\/v2\/posts"}],"about":[{"href":"https:\/\/www.europesays.com\/pl\/wp-json\/wp\/v2\/types\/post"}],"author":[{"embeddable":true,"href":"https:\/\/www.europesays.com\/pl\/wp-json\/wp\/v2\/users\/2"}],"replies":[{"embeddable":true,"href":"https:\/\/www.europesays.com\/pl\/wp-json\/wp\/v2\/comments?post=156874"}],"version-history":[{"count":0,"href":"https:\/\/www.europesays.com\/pl\/wp-json\/wp\/v2\/posts\/156874\/revisions"}],"wp:featuredmedia":[{"embeddable":true,"href":"https:\/\/www.europesays.com\/pl\/wp-json\/wp\/v2\/media\/156875"}],"wp:attachment":[{"href":"https:\/\/www.europesays.com\/pl\/wp-json\/wp\/v2\/media?parent=156874"}],"wp:term":[{"taxonomy":"category","embeddable":true,"href":"https:\/\/www.europesays.com\/pl\/wp-json\/wp\/v2\/categories?post=156874"},{"taxonomy":"post_tag","embeddable":true,"href":"https:\/\/www.europesays.com\/pl\/wp-json\/wp\/v2\/tags?post=156874"}],"curies":[{"name":"wp","href":"https:\/\/api.w.org\/{rel}","templated":true}]}}