{"id":156892,"date":"2025-12-17T22:11:15","date_gmt":"2025-12-17T22:11:15","guid":{"rendered":"https:\/\/www.europesays.com\/pl\/156892\/"},"modified":"2025-12-17T22:11:15","modified_gmt":"2025-12-17T22:11:15","slug":"te-wiralowe-kosmetyki-to-zloto-lekarka-wskazala-hit-za-okolo-10-zl","status":"publish","type":"post","link":"https:\/\/www.europesays.com\/pl\/156892\/","title":{"rendered":"Te wiralowe kosmetyki to z\u0142oto. Lekarka wskaza\u0142a hit za oko\u0142o 10 z\u0142"},"content":{"rendered":"<p class=\"article-p\" data-section=\"detail-body\">Lekarka Anna \u017burawska jest dermatologiem w trakcie specjalizacji. Na Instagramie mo\u017cecie j\u0105 znale\u017a\u0107 pod nazw\u0105 <a rel=\"nofollow noopener\" href=\"https:\/\/www.instagram.com\/ania.dermatologicznie\/\" id=\"a8f07ffd-efdd-44ee-bcbf-51997463cc57\" target=\"_blank\">@ania.dermatologicznie<\/a>. Publikuje tam tre\u015bci dotycz\u0105ce piel\u0119gnacji sk\u00f3ry, ale i walki z tr\u0105dzikiem. Z obserwatorami dzieli si\u0119 m.in. sprawdzonymi hitami kosmetycznymi, a wiele z nich mo\u017cna dosta\u0107 w zwyk\u0142ej drogerii czy sklepie.<\/p>\n<p class=\"article-p\" data-section=\"detail-body\"><a href=\"https:\/\/www.fakt.pl\/pieniadze\/ten-suplement-to-hit-czy-zagrozenie-coraz-wiecej-zakazow-w-europie\/dzmrlvq\" id=\"b3f17d8c-8eea-47ed-9701-049aee5d7003\" rel=\"nofollow noopener\" target=\"_blank\">Polacy \u0142ykaj\u0105 ten suplement gar\u015bciami. Europejskie kraje zakazuj\u0105, a eksperci ostrzegaj\u0105<\/a><\/p>\n<p>        Lekarka poleca te kosmetyki. W\u015br\u00f3d nich wiralowy hit za oko\u0142o 10 z\u0142<\/p>\n<p class=\"article-p\" data-section=\"detail-body\">Uwag\u0119 &#8222;Faktu&#8221; przyku\u0142a lista wiralowych kosmetyk\u00f3w, kt\u00f3re wyr\u00f3\u017cni\u0142a ekspertka. Poprosili\u015bmy lek. \u017burawsk\u0105 o kilka s\u0142\u00f3w wi\u0119cej na temat tych poszczeg\u00f3lnych hit\u00f3w. Oto co nam powiedzia\u0142a.<\/p>\n<ul class=\"article-ul\">\n<li>La Roche-Posay Anthelios Fluid SPF 50<\/li>\n<\/ul>\n<p class=\"article-p\" data-section=\"detail-body\">&#8222;Lekki, niebiel\u0105cy filtr, kt\u00f3ry \u015bwietnie sprawdza si\u0119 przy sk\u00f3rach t\u0142ustych i tr\u0105dzikowych. Formu\u0142a szybko si\u0119 wch\u0142ania i nie pozostawia t\u0142ustej warstwy, dzi\u0119ki czemu jest bardzo komfortowa w codziennej ochronie. Idealny, je\u015bli zale\u017cy ci na wysokim SPF w lekkiej konsystencji&#8221; \u2014 wyja\u015bni\u0142a ekspertka.<\/p>\n<p class=\"article-p\" data-section=\"detail-body\">W aptekach &#8222;Fakt&#8221; znalaz\u0142 go za oko\u0142o 40 z\u0142\/50 ml.<\/p>\n<ul class=\"article-ul\">\n<li>La Roche-Posay Cicaplast Baume<\/li>\n<\/ul>\n<p class=\"article-p\" data-section=\"detail-body\">Dlaczego i kiedy warto po niego si\u0119gn\u0105\u0107? &#8222;Formu\u0142a z pantenolem, cynkiem, centell\u0105 i mas\u0142em shea skutecznie wspiera zaburzon\u0105 barier\u0119 hydrolipidow\u0105 i \u0142agodzi podra\u017cnienia. \u015awietnie sprawdza si\u0119 po zabiegach oraz w trakcie terapii dermatologicznej \u2014 ale przy sk\u00f3rze tr\u0105dzikowej nie powinien by\u0107 u\u017cywany codziennie, bo mo\u017ce okaza\u0107 si\u0119 zbyt ci\u0119\u017cki. To produkt ratunkowy, kt\u00f3ry warto mie\u0107 w kosmetyczce&#8221; \u2014 podkre\u015bla dermatolog w trakcie specjalizacji.<\/p>\n<p class=\"article-p\" data-section=\"detail-body\">Widzieli\u015bmy jego ceny, kt\u00f3re oscyluj\u0105 w granicach od 32 do 45 z\u0142 za tubk\u0119.<\/p>\n<p class=\"article-p\" data-section=\"detail-body\"><a href=\"https:\/\/www.fakt.pl\/pieniadze\/kupila-pingwinka-kolezankom-kultowy-gadzet-jest-na-duzej-promocji\/mbkjdyv\" id=\"cdf61d51-9050-438c-8e08-c12635d0bcab\" rel=\"nofollow noopener\" target=\"_blank\">Kupi\u0142a kole\u017cankom hitowy gad\u017cet intymny. Fina\u0142 by\u0142 epicki<\/a><\/p>\n<p class=\"article-p\" data-section=\"detail-body\">Kolejny produkt z zestawienia przydaje si\u0119 szczeg\u00f3lnie w ch\u0142odniejszych porach roku. &#8222;Najprostszy, a jednocze\u015bnie niezwykle skuteczny produkt, szczeg\u00f3lnie zim\u0105. Doskonale zabezpiecza spierzchni\u0119te usta i chroni sk\u00f3r\u0119 przed utrat\u0105 wilgoci. Minimalistyczny sk\u0142ad, maksimum dzia\u0142ania&#8221; \u2014 zaznacza.<\/p>\n<p class=\"article-p\" data-section=\"detail-body\">Opakowanie to wydatek w okolicach 10 z\u0142.<\/p>\n<p class=\"article-p\" data-section=\"detail-body\">To r\u00f3wnie\u017c hit, kt\u00f3ry warto mie\u0107 pod r\u0119k\u0105 w obecnym okresie. &#8222;Idealny wyb\u00f3r na bardzo suche usta i przesuszone d\u0142onie, zw\u0142aszcza zim\u0105. Tworzy okluzyjn\u0105 warstw\u0119, kt\u00f3ra zatrzymuje wilgo\u0107 i wspiera proces regeneracji. \u015awietnie dzia\u0142a r\u00f3wnie\u017c jako dodatkowa warstwa na krem nawil\u017caj\u0105cy przy nasilonej sucho\u015bci sk\u00f3ry&#8221; \u2014 m\u00f3wi &#8222;Faktowi&#8221; lek. \u017burawska.<\/p>\n<p class=\"article-p\" data-section=\"detail-body\">Nieraz w promocji mo\u017cna go upolowa\u0107 za nieco ponad 30 z\u0142.<\/p>\n<ul class=\"article-ul\">\n<li>Cerave \u2014 Nawil\u017caj\u0105ca Emulsja do Mycia Dla Sk\u00f3ry Normalnej i Suchej<\/li>\n<\/ul>\n<p class=\"article-p\" data-section=\"detail-body\">Ten produkt ekspertka nazywa &#8222;bezpieczn\u0105 baz\u0105 do codziennej piel\u0119gnacji&#8221;. &#8222;Bardzo \u0142agodny, uniwersalny produkt do oczyszczania, kt\u00f3ry nie narusza bariery hydrolipidowej. Sprawdza si\u0119 zar\u00f3wno przy sk\u00f3rze tr\u0105dzikowej w trakcie leczenia, jak i przy cerach suchych, wra\u017cliwych czy normalnych&#8221; \u2014 t\u0142umaczy.<\/p>\n<p class=\"article-p\" data-section=\"detail-body\">Niespe\u0142na 100 ml butelk\u0119 &#8222;Fakt&#8221; znalaz\u0142 w popularnej drogerii za mniej ni\u017c 20 z\u0142.<\/p>\n<ul class=\"article-ul\">\n<li>The Ordinary \u2014 Glycolic Acid 7 proc.<\/li>\n<\/ul>\n<p class=\"article-p\" data-section=\"detail-body\">Wiralowy hit, kt\u00f3rego dzia\u0142anie mo\u017ce was zaskoczy\u0107. &#8222;Kwas glikolowy dzia\u0142a skutecznie jako tonik z\u0142uszczaj\u0105cy przy sk\u00f3rze z zask\u00f3rnikami, a na ciele sprawdza si\u0119 przy rogowaceniu oko\u0142omieszkowym. Mo\u017ce by\u0107 te\u017c stosowany jako delikatny peeling sk\u00f3ry g\u0142owy w celu usuni\u0119cia martwego nask\u00f3rka. To produkt wielozadaniowy o szerokim zastosowaniu&#8221; \u2014 poleca lekarka. Z pewnych \u017ar\u00f3de\u0142 wiemy, \u017ce niekt\u00f3rzy stosuj\u0105 go tak\u017ce na&#8230; suche pi\u0119ty!<\/p>\n<p class=\"article-p\" data-section=\"detail-body\">Ten wiralowy hit mo\u017cna upolowa\u0107 nawet za mniej ni\u017c 40 z\u0142.<\/p>\n<p class=\"article-p\" data-section=\"detail-body\"><a href=\"https:\/\/www.fakt.pl\/pieniadze\/hit-wsrod-polek-i-fanek-arabskich-perfum-idealny-zapach-na-zime\/g9zeedv\" id=\"b753a44c-ebbc-4cd4-82b0-b5cbe78fb4cd\" rel=\"nofollow noopener\" target=\"_blank\">Polki maj\u0105 na ich punkcie bzika. Te arabskie perfumy pachn\u0105 jak luksusowy jarmark \u015bwi\u0105teczny<\/a><\/p>\n<p>        Lekarka poleca kosmetyki. To nie jest reklama<\/p>\n<p class=\"article-p\" data-section=\"detail-body\">Lek. \u017burawska podkre\u015bla, \u017ce wspomniane przez ni\u0105 sze\u015b\u0107 polece\u0144 &#8222;to nie jest reklama \u2014 to po prostu produkty, po kt\u00f3re sama cz\u0119sto si\u0119ga w codziennej pracy z pacjentami&#8221;.<\/p>\n<p class=\"article-p\" data-section=\"detail-body\">Pami\u0119taj jednak, \u017ce piel\u0119gnacja jest bardzo indywidualna i nawet \u015bwietne, sprawdzone formu\u0142y nie zawsze b\u0119d\u0105 idealne dla ka\u017cdej sk\u00f3ry. Warto wi\u0119c da\u0107 im chwil\u0119 i sprawdzi\u0107, jak twoja sk\u00f3ra na nie reaguje<\/p>\n<p class=\"article-p\" data-section=\"detail-body\">\u2014 dodaje.<\/p>\n<p class=\"article-p\" data-section=\"detail-body\">Na koniec przypomina, \u017ce &#8222;je\u015bli pojawiaj\u0105 si\u0119 trudniejsze problemy sk\u00f3rne lub masz w\u0105tpliwo\u015bci, czy nie towarzyszy im choroba dermatologiczna \u2014 rozmowa z dermatologiem b\u0119dzie najlepszym, najbezpieczniejszym krokiem&#8221;.<\/p>\n<p class=\"article-p\" data-section=\"detail-body\">\u0179r\u00f3d\u0142o: Instagram\/ania.dermatologicznie, &#8222;Fakt&#8221;<\/p>\n<p>        \/7<\/p>\n<p>                    <img decoding=\"async\" class=\"article-image-img\" loading=\"lazy\" alt=\"\" src=\"https:\/\/www.europesays.com\/pl\/wp-content\/uploads\/2025\/12\/749k9kpTURBXy80M2NjZDA2MTBmZTQwZDhlYTI1MjgyZjg5NGQxNjYyMS5qcGeRkwLNA0jNApPeAAKhMAGhMQE.jpeg\" width=\"840\" height=\"659\"\/><\/p>\n<p>                  Instagram\/ania.dermatologicznie<\/p>\n<p class=\"article-gallery-p\">\n        Lekarka Anna \u017burawska prowadzi profil @ania.dermatologicznie na Instagramie.\n    <\/p>\n<p>        \/7<\/p>\n<p>                    <img decoding=\"async\" class=\"article-image-img\" loading=\"lazy\" alt=\"\" src=\"https:\/\/www.europesays.com\/pl\/wp-content\/uploads\/2025\/12\/cnAk9kpTURBXy82ODg0OTU0Y2Q2NGJhNTRmNGZlNmE0MzBjMzM3YWUwZC5qcGeRkwLNA0jNBGbeAAKhMAGhMQE.jpeg\" width=\"840\" height=\"1126\"\/><\/p>\n<p>                  Instagram\/ania.dermatologicznie<\/p>\n<p class=\"article-gallery-p\">\n        Ekspertka wyr\u00f3\u017cni\u0142a sze\u015b\u0107 \u015bwietnych wiralowych kosmetyk\u00f3w.\n    <\/p>\n<p>            <script async src=\"\/\/www.instagram.com\/embed.js\"><\/script><\/p>\n","protected":false},"excerpt":{"rendered":"Lekarka Anna \u017burawska jest dermatologiem w trakcie specjalizacji. Na Instagramie mo\u017cecie j\u0105 znale\u017a\u0107 pod nazw\u0105 @ania.dermatologicznie. Publikuje tam&hellip;\n","protected":false},"author":2,"featured_media":156893,"comment_status":"","ping_status":"","sticky":false,"template":"","format":"standard","meta":{"footnotes":""},"categories":[20],"tags":[120,118,119,42,38,40,39,41,116,114,115,121,117],"class_list":{"0":"post-156892","1":"post","2":"type-post","3":"status-publish","4":"format-standard","5":"has-post-thumbnail","7":"category-nauka-i-technika","8":"tag-nauka","9":"tag-nauka-i-technika","10":"tag-naukatechnika","11":"tag-pl","12":"tag-poland","13":"tag-polish","14":"tag-polska","15":"tag-polski","16":"tag-science","17":"tag-science-and-technology","18":"tag-sciencetechnology","19":"tag-technika","20":"tag-technology"},"share_on_mastodon":{"url":"https:\/\/pubeurope.com\/@pl\/115737204447446048","error":""},"_links":{"self":[{"href":"https:\/\/www.europesays.com\/pl\/wp-json\/wp\/v2\/posts\/156892","targetHints":{"allow":["GET"]}}],"collection":[{"href":"https:\/\/www.europesays.com\/pl\/wp-json\/wp\/v2\/posts"}],"about":[{"href":"https:\/\/www.europesays.com\/pl\/wp-json\/wp\/v2\/types\/post"}],"author":[{"embeddable":true,"href":"https:\/\/www.europesays.com\/pl\/wp-json\/wp\/v2\/users\/2"}],"replies":[{"embeddable":true,"href":"https:\/\/www.europesays.com\/pl\/wp-json\/wp\/v2\/comments?post=156892"}],"version-history":[{"count":0,"href":"https:\/\/www.europesays.com\/pl\/wp-json\/wp\/v2\/posts\/156892\/revisions"}],"wp:featuredmedia":[{"embeddable":true,"href":"https:\/\/www.europesays.com\/pl\/wp-json\/wp\/v2\/media\/156893"}],"wp:attachment":[{"href":"https:\/\/www.europesays.com\/pl\/wp-json\/wp\/v2\/media?parent=156892"}],"wp:term":[{"taxonomy":"category","embeddable":true,"href":"https:\/\/www.europesays.com\/pl\/wp-json\/wp\/v2\/categories?post=156892"},{"taxonomy":"post_tag","embeddable":true,"href":"https:\/\/www.europesays.com\/pl\/wp-json\/wp\/v2\/tags?post=156892"}],"curies":[{"name":"wp","href":"https:\/\/api.w.org\/{rel}","templated":true}]}}