{"id":156894,"date":"2025-12-17T22:12:13","date_gmt":"2025-12-17T22:12:13","guid":{"rendered":"https:\/\/www.europesays.com\/pl\/156894\/"},"modified":"2025-12-17T22:12:13","modified_gmt":"2025-12-17T22:12:13","slug":"nowe-zasady-raportowania-butelek-zwrotnych-co-oznaczaja-dla-gmin","status":"publish","type":"post","link":"https:\/\/www.europesays.com\/pl\/156894\/","title":{"rendered":"Nowe zasady raportowania butelek zwrotnych. Co oznaczaj\u0105 dla gmin?"},"content":{"rendered":"<p>Producenckie systemy zbi\u00f3rki zostaj\u0105 \u2014 na jasnych zasadach <\/p>\n<p class=\"Paragraph_desktopParagraph__U31Gm\">Projekt nowelizacji ustawy o systemie kaucyjnym zaproponuj\u0105 pos\u0142owie. B\u0119dzie on zak\u0142ada\u0142 utrzymanie funkcjonuj\u0105cych producenckich system\u00f3w zbi\u00f3rki wielorazowych butelek szklanych co najmniej do 2029 r. Ministerstwo Klimatu i \u015arodowiska potwierdzi\u0142o zgod\u0119 na takie rozwi\u0105zanie.<\/p>\n<p class=\"Paragraph_desktopParagraph__U31Gm\">Z perspektywy konsumenta oznacza to brak rewolucji \u2014 oddaj\u0105c butelk\u0119 zwrotn\u0105, nie b\u0119dzie trzeba okazywa\u0107 paragonu. Zmiana ma jednak kluczowe znaczenie na poziomie systemowym. Dane dotycz\u0105ce liczby wprowadzonych na rynek i zebranych butelek b\u0119d\u0105 obowi\u0105zkowo raportowane do BDO oraz przekazywane do urz\u0119d\u00f3w wojew\u00f3dzkich.<\/p>\n<ul class=\"OchatFollowUps_wrapper__1ry7X\">\n<li class=\"OchatFollowUps_item__Dhyly OchatFollowUps_itemDesktop__R6aBv\">Jakie zmiany dotycz\u0105 raportowania butelek zwrotnych?<\/li>\n<li class=\"OchatFollowUps_item__Dhyly OchatFollowUps_itemDesktop__R6aBv\">Do kiedy maj\u0105 obowi\u0105zywa\u0107 producent\u00f3w systemy zbi\u00f3rki butelek szklanych?<\/li>\n<li class=\"OchatFollowUps_item__Dhyly OchatFollowUps_itemDesktop__R6aBv\">Jakie dane b\u0119d\u0105 raportowane do BDO?<\/li>\n<li class=\"OchatFollowUps_item__Dhyly OchatFollowUps_itemDesktop__R6aBv\">Ile razy \u015brednio kr\u0105\u017cy butelka zwrotna w Polsce?<\/li>\n<\/ul>\n<p>Dane o obiegu butelek, nie o statystykach gminnych <\/p>\n<p class=\"Paragraph_desktopParagraph__U31Gm\">Nowe obowi\u0105zki sprawozdawcze nie zmieniaj\u0105 zasad liczenia gminnych poziom\u00f3w recyklingu. Do statystyk samorz\u0105dowych w dalszym ci\u0105gu wliczana b\u0119dzie wy\u0142\u0105cznie st\u0142uczka szklana trafiaj\u0105ca do systemu gospodarowania odpadami komunalnymi.<\/p>\n<p class=\"Paragraph_desktopParagraph__U31Gm\">Znaczenie raportowania wielorazowych butelek szklanych do BDO i urz\u0119d\u00f3w wojew\u00f3dzkich le\u017cy gdzie indziej. Dane te pozwol\u0105 uporz\u0105dkowa\u0107 wiedz\u0119 o skali funkcjonowania system\u00f3w zwrotu prowadzonych przez producent\u00f3w oraz o liczbie opakowa\u0144 faktycznie kr\u0105\u017c\u0105cych poza strumieniem odpad\u00f3w komunalnych. To informacja istotna z punktu widzenia projektowania polityk publicznych i oceny efektywno\u015bci systemu kaucyjnego, ale bez bezpo\u015bredniego prze\u0142o\u017cenia na gminne poziomy recyklingu.<\/p>\n<p>Ile razy naprawd\u0119 kr\u0105\u017cy butelka zwrotna? <\/p>\n<p class=\"Paragraph_desktopParagraph__U31Gm\">Raportowanie do BDO ma jeszcze jeden istotny wymiar. Pozwoli po raz pierwszy w spos\u00f3b systemowy zobrazowa\u0107, ile faktycznie &#8222;obrot\u00f3w&#8221; wykonuje szklana butelka w ca\u0142ym cyklu \u017cycia. Szacuje si\u0119, \u017ce w Polsce butelka zwrotna kr\u0105\u017cy \u015brednio od 8 do 12 razy, zanim ostatecznie trafi do recyklingu. To wynik wyra\u017anie ni\u017cszy od mo\u017cliwo\u015bci technicznych \u2014 wi\u0119kszo\u015b\u0107 butelek projektowana jest tak, aby wytrzyma\u0107 co najmniej 20 cykli ponownego nape\u0142niania.<\/p>\n<p class=\"Paragraph_desktopParagraph__U31Gm\">Dzi\u0119ki zbieranym danym b\u0119dzie mo\u017cna dok\u0142adniej oceni\u0107, gdzie system dzia\u0142a efektywnie, a gdzie butelki wypadaj\u0105 z obiegu zbyt wcze\u015bnie. To z kolei mo\u017ce sta\u0107 si\u0119 podstaw\u0105 do dalszych optymalizacji \u2014 zar\u00f3wno po stronie producent\u00f3w, jak i regulatora.<\/p>\n<p>Ministerstwo: potrzebne doprecyzowanie przepis\u00f3w <\/p>\n<p class=\"Paragraph_desktopParagraph__U31Gm\">Znaczenie proponowanych zmian potwierdza tak\u017ce stanowisko Ministerstwa Klimatu i \u015arodowiska przedstawione w pi\u015bmie skierowanym do przewodnicz\u0105cej sejmowej Komisji Ochrony \u015arodowiska, Zasob\u00f3w Naturalnych i Le\u015bnictwa. Resort jednoznacznie wskazuje w nim, \u017ce opakowania szklane wielokrotnego u\u017cytku s\u0105 &#8222;istotnym elementem przybli\u017caj\u0105cym nas do przej\u015bcia na gospodark\u0119 o obiegu zamkni\u0119tym&#8221; i deklaruje dalsze dzia\u0142ania na rzecz ich upowszechniania.<\/p>\n<p class=\"Paragraph_desktopParagraph__U31Gm\">Jednocze\u015bnie MKi\u015a zwraca uwag\u0119 na narastaj\u0105ce problemy interpretacyjne. Jak wynika z informacji przekazanych przez ministerstwo, przedsi\u0119biorcy wprowadzaj\u0105cy napoje w butelkach zwrotnych coraz cz\u0119\u015bciej wyst\u0119puj\u0105 do marsza\u0142k\u00f3w wojew\u00f3dztw o indywidualne interpretacje swojego statusu. Do tej pory wydano ju\u017c siedem takich decyzji, a kolejnych dziewi\u0119\u0107 post\u0119powa\u0144 jest w toku. Co istotne, wydawane interpretacje nie s\u0105 jednolite \u2014 cz\u0119\u015b\u0107 urz\u0119d\u00f3w uznaje, \u017ce producenci realizuj\u0105cy zbi\u00f3rk\u0119 w ramach w\u0142asnej logistyki nie musz\u0105 przyst\u0119powa\u0107 do krajowego systemu kaucyjnego w odniesieniu do butelek wielokrotnego u\u017cytku.<\/p>\n<p class=\"Paragraph_desktopParagraph__U31Gm\">Ministerstwo Klimatu i \u015arodowiska wprost nie zgadza si\u0119 z tak\u0105 wyk\u0142adni\u0105 przepis\u00f3w i zapowiada ich doprecyzowanie. W pi\u015bmie do komisji podkre\u015blono, \u017ce trwaj\u0105 analizy legislacyjne, a resort otrzyma\u0142 blisko 20 apeli od interesariuszy rynku, wskazuj\u0105cych na konieczno\u015b\u0107 jasnego uregulowania zasad funkcjonowania system\u00f3w zwrotu butelek szklanych.<\/p>\n<p class=\"Paragraph_desktopParagraph__U31Gm\">Resort akcentuje przy tym zar\u00f3wno zalety istniej\u0105cych system\u00f3w producenckich \u2014 takich jak bezpiecze\u0144stwo maj\u0105tku producent\u00f3w, w\u0142asna logistyka zwrotna czy rozliczenia saldowe \u2014 jak i bariery wej\u015bcia dla nowych podmiot\u00f3w. W ocenie MKi\u015a wsp\u00f3lne systemy kaucyjne mog\u0105 znacz\u0105co obni\u017cy\u0107 pr\u00f3g wej\u015bcia, kt\u00f3ry dzi\u015b dla wielu producent\u00f3w jest zbyt wysoki.<\/p>\n<p class=\"Paragraph_desktopParagraph__U31Gm\">Ostatecznym celem planowanych zmian ma by\u0107 bezpieczne i sprawne w\u0142\u0105czenie opakowa\u0144 wielokrotnego u\u017cytku do systemu kaucyjnego. W taki spos\u00f3b, aby Polska mog\u0142a spe\u0142ni\u0107 wymogi unijnego rozporz\u0105dzenia PPWR, zak\u0142adaj\u0105cego co najmniej 10\u2011proc. udzia\u0142 opakowa\u0144 wielokrotnego u\u017cytku do 2030 r. Jak podkre\u015bla ministerstwo, w d\u0142u\u017cszej perspektywie opakowania te oznaczaj\u0105 ni\u017csze koszty ca\u0142kowite oraz realne wsparcie dla rozwoju gospodarki o obiegu zamkni\u0119tym.<\/p>\n","protected":false},"excerpt":{"rendered":"Producenckie systemy zbi\u00f3rki zostaj\u0105 \u2014 na jasnych zasadach Projekt nowelizacji ustawy o systemie kaucyjnym zaproponuj\u0105 pos\u0142owie. B\u0119dzie on&hellip;\n","protected":false},"author":2,"featured_media":156895,"comment_status":"","ping_status":"","sticky":false,"template":"","format":"standard","meta":{"footnotes":""},"categories":[16],"tags":[113,112,24277,105,53,52,68,51,312,55,42,38,40,39,41,47,50],"class_list":{"0":"post-156894","1":"post","2":"type-post","3":"status-publish","4":"format-standard","5":"has-post-thumbnail","7":"category-biznes","8":"tag-biznes","9":"tag-business","10":"tag-ecoekonomia","11":"tag-ekonomia","12":"tag-new_header","13":"tag-onet3","14":"tag-onet3d","15":"tag-onet3d_2i","16":"tag-pcz","17":"tag-phx","18":"tag-pl","19":"tag-poland","20":"tag-polish","21":"tag-polska","22":"tag-polski","23":"tag-screening_general","24":"tag-v2021"},"share_on_mastodon":{"url":"https:\/\/pubeurope.com\/@pl\/115737208045965133","error":""},"_links":{"self":[{"href":"https:\/\/www.europesays.com\/pl\/wp-json\/wp\/v2\/posts\/156894","targetHints":{"allow":["GET"]}}],"collection":[{"href":"https:\/\/www.europesays.com\/pl\/wp-json\/wp\/v2\/posts"}],"about":[{"href":"https:\/\/www.europesays.com\/pl\/wp-json\/wp\/v2\/types\/post"}],"author":[{"embeddable":true,"href":"https:\/\/www.europesays.com\/pl\/wp-json\/wp\/v2\/users\/2"}],"replies":[{"embeddable":true,"href":"https:\/\/www.europesays.com\/pl\/wp-json\/wp\/v2\/comments?post=156894"}],"version-history":[{"count":0,"href":"https:\/\/www.europesays.com\/pl\/wp-json\/wp\/v2\/posts\/156894\/revisions"}],"wp:featuredmedia":[{"embeddable":true,"href":"https:\/\/www.europesays.com\/pl\/wp-json\/wp\/v2\/media\/156895"}],"wp:attachment":[{"href":"https:\/\/www.europesays.com\/pl\/wp-json\/wp\/v2\/media?parent=156894"}],"wp:term":[{"taxonomy":"category","embeddable":true,"href":"https:\/\/www.europesays.com\/pl\/wp-json\/wp\/v2\/categories?post=156894"},{"taxonomy":"post_tag","embeddable":true,"href":"https:\/\/www.europesays.com\/pl\/wp-json\/wp\/v2\/tags?post=156894"}],"curies":[{"name":"wp","href":"https:\/\/api.w.org\/{rel}","templated":true}]}}