{"id":156918,"date":"2025-12-17T22:28:08","date_gmt":"2025-12-17T22:28:08","guid":{"rendered":"https:\/\/www.europesays.com\/pl\/156918\/"},"modified":"2025-12-17T22:28:08","modified_gmt":"2025-12-17T22:28:08","slug":"akt-dywersji-na-kolei-jest-czerwona-nota-interpolu","status":"publish","type":"post","link":"https:\/\/www.europesays.com\/pl\/156918\/","title":{"rendered":"Akt dywersji na kolei. Jest czerwona nota Interpolu"},"content":{"rendered":"<p class=\"ods-c-paragraph \">W \u015brod\u0119 <a href=\"https:\/\/wiadomosci.onet.pl\/kraj\/akty-dywersji-w-polsce-sa-zarzuty-dla-podejrzanych\/xmmjbcx\" id=\"6e44a6b6-e299-4911-bd4b-74e8869f4040\" rel=\"nofollow noopener\" target=\"_blank\">prokuratura postanowi\u0142a w \u015brod\u0119 o przedstawieniu obu m\u0119\u017cczyznom zarzutu przeprowadzenia akt\u00f3w dywersji o charakterze terrorystycznym na zlecenie Federacji Rosyjskiej<\/a>. Grozi im nawet do\u017cywocie. \u2014 W poniedzia\u0142ek wszcz\u0119li\u015bmy \u015bledztwo i otrzymali\u015bmy materia\u0142 dowodowy wskazuj\u0105cy na to, \u017ce sprawcami s\u0105 dwaj obywatele Ukrainy: O\u0142eksandr K. [Kononow] i Jewhenij I [Iwanow], kt\u00f3rzy aktualnie przebywaj\u0105 na terytorium Bia\u0142orusi \u2014 m\u00f3wi\u0142 rzecznik Prokuratury Krajowej prok. Przemys\u0142aw Nowak.<\/p>\n<p>Dalszy ci\u0105g artyku\u0142u pod materia\u0142em wideo<\/p>\n<p> Kto jest podejrzewany o dywersj\u0119 na kolei? <\/p>\n<p> Jakie zarzuty postawiono obywatelom Ukrainy? <\/p>\n<p> Gdzie znaleziono uszkodzony fragment torowiska? <\/p>\n<p> Co odkryto w pobli\u017cu miejsca uszkodzenia tor\u00f3w? <\/p>\n<p>     Dywersja na kolei. Najwa\u017cniejsze fakty<\/p>\n<p class=\"ods-c-paragraph \">W niedziel\u0119 16 listopada maszynista poci\u0105gu zg\u0142osi\u0142 telefonicznie <a href=\"https:\/\/wiadomosci.onet.pl\/warszawa\/grozna-sytuacja-na-kolei-uszkodzone-tory-tuz-przed-nadjezdzajacym-pociagiem\/22qle37\" id=\"e129a13e-4a8f-4348-8eb4-c4e3d212e134\" rel=\"nofollow noopener\" target=\"_blank\">nieprawid\u0142owo\u015bci w infrastrukturze kolejowej w rejonie miejscowo\u015bci \u017byczyn pow. garwoli\u0144ski, <\/a>w pobli\u017cu stacji PKP Mika. Na miejsce &#8222;niezw\u0142ocznie skierowano odpowiednie s\u0142u\u017cby&#8221;, w tym funkcjonariuszy policji, a wst\u0119pne ogl\u0119dziny miejsca &#8222;wykaza\u0142y uszkodzenie fragmentu torowiska, kt\u00f3re spowodowa\u0142o zatrzymanie poci\u0105gu&#8221;.<\/p>\n<p class=\"ods-c-paragraph \">Tory zosta\u0142y zniszczone w wyniku wysadzenia materia\u0142u wybuchowego. W pobli\u017cu miejsca <a href=\"https:\/\/wiadomosci.onet.pl\/lublin\/donald-tusk-na-trasie-warszawa-lublin-doszlo-do-aktu-dywersji\/6fceq0x\" id=\"12b4363d-8544-4612-9eac-11517508f633\" rel=\"nofollow noopener\" target=\"_blank\">uszkodzenia tor\u00f3w kolejowych we wsi Mika ko\u0142o Garwolina (woj. mazowieckie)<\/a> funkcjonariusze mieli znale\u017a\u0107 kamer\u0119, a tak\u017ce drugi \u0142adunek wybuchowy, kt\u00f3ry nie eksplodowa\u0142.<\/p>\n<p class=\"ods-c-paragraph \">W poniedzia\u0142ek 20 listopada<a href=\"https:\/\/wiadomosci.onet.pl\/kraj\/akty-dywersji-na-kolei-sledztwo-prokuratury-krajowej\/0c331k4\" id=\"8f6c7f0c-7470-420f-9b51-5ffa1be961da\" rel=\"nofollow noopener\" target=\"_blank\"> prokuratura wszcz\u0119\u0142a \u015bledztwo <\/a>w sprawie akt\u00f3w dywersji o charakterze terrorystycznym, skierowanych przeciwko infrastrukturze kolejowej i pope\u0142nionych na rzecz obcego wywiadu.<\/p>\n<p class=\"ods-c-paragraph \">16 listopada dosz\u0142o do jeszcze jednego incydentu na kolei. <a href=\"https:\/\/wiadomosci.onet.pl\/lublin\/zerwana-trakcja-pod-pulawami-doszlo-do-uszkodzenia-pociagu\/9r02kqy\" id=\"ac71cb67-c414-4c05-9969-2a4ad45c0f62\" rel=\"nofollow noopener\" target=\"_blank\">Jak ustali\u0142 Onet, pod Pu\u0142awami uszkodzona zosta\u0142a siec trakcyjna<\/a>. Nie wiadomo, czy zosta\u0142a ona zerwana, czy wyci\u0119ta. W wyniku zdarzenia w poci\u0105gu zosta\u0142a wybita szyba.<\/p>\n","protected":false},"excerpt":{"rendered":"W \u015brod\u0119 prokuratura postanowi\u0142a w \u015brod\u0119 o przedstawieniu obu m\u0119\u017cczyznom zarzutu przeprowadzenia akt\u00f3w dywersji o charakterze terrorystycznym na&hellip;\n","protected":false},"author":2,"featured_media":156919,"comment_status":"","ping_status":"","sticky":false,"template":"","format":"standard","meta":{"footnotes":""},"categories":[12],"tags":[32,33,4096,36,37,27,10907,49,34,35,23766,28,31,48,25,46,42,38,414,40,39,41,87,47,29,30,26],"class_list":{"0":"post-156918","1":"post","2":"type-post","3":"status-publish","4":"format-standard","5":"has-post-thumbnail","7":"category-polska","8":"tag-breaking-news","9":"tag-breakingnews","10":"tag-dywersja","11":"tag-featured-news","12":"tag-featurednews","13":"tag-headlines","14":"tag-interpol_policja","15":"tag-kraj","16":"tag-latest-news","17":"tag-latestnews","18":"tag-mika","19":"tag-naglowki","20":"tag-najwazniejsze-artykuly","21":"tag-nat_styl","22":"tag-news","23":"tag-omp","24":"tag-pl","25":"tag-poland","26":"tag-policja","27":"tag-polish","28":"tag-polska","29":"tag-polski","30":"tag-rosja","31":"tag-screening_general","32":"tag-top-stories","33":"tag-topstories","34":"tag-wiadomosci"},"share_on_mastodon":{"url":"https:\/\/pubeurope.com\/@pl\/115737270886525099","error":""},"_links":{"self":[{"href":"https:\/\/www.europesays.com\/pl\/wp-json\/wp\/v2\/posts\/156918","targetHints":{"allow":["GET"]}}],"collection":[{"href":"https:\/\/www.europesays.com\/pl\/wp-json\/wp\/v2\/posts"}],"about":[{"href":"https:\/\/www.europesays.com\/pl\/wp-json\/wp\/v2\/types\/post"}],"author":[{"embeddable":true,"href":"https:\/\/www.europesays.com\/pl\/wp-json\/wp\/v2\/users\/2"}],"replies":[{"embeddable":true,"href":"https:\/\/www.europesays.com\/pl\/wp-json\/wp\/v2\/comments?post=156918"}],"version-history":[{"count":0,"href":"https:\/\/www.europesays.com\/pl\/wp-json\/wp\/v2\/posts\/156918\/revisions"}],"wp:featuredmedia":[{"embeddable":true,"href":"https:\/\/www.europesays.com\/pl\/wp-json\/wp\/v2\/media\/156919"}],"wp:attachment":[{"href":"https:\/\/www.europesays.com\/pl\/wp-json\/wp\/v2\/media?parent=156918"}],"wp:term":[{"taxonomy":"category","embeddable":true,"href":"https:\/\/www.europesays.com\/pl\/wp-json\/wp\/v2\/categories?post=156918"},{"taxonomy":"post_tag","embeddable":true,"href":"https:\/\/www.europesays.com\/pl\/wp-json\/wp\/v2\/tags?post=156918"}],"curies":[{"name":"wp","href":"https:\/\/api.w.org\/{rel}","templated":true}]}}