{"id":156962,"date":"2025-12-17T22:59:15","date_gmt":"2025-12-17T22:59:15","guid":{"rendered":"https:\/\/www.europesays.com\/pl\/156962\/"},"modified":"2025-12-17T22:59:15","modified_gmt":"2025-12-17T22:59:15","slug":"anna-korcz-nie-wytrzymala-na-tego-typu-zachowania-mowilo-sie-swolocz-2","status":"publish","type":"post","link":"https:\/\/www.europesays.com\/pl\/156962\/","title":{"rendered":"Anna Korcz nie wytrzyma\u0142a. &#8222;Na tego typu zachowania m\u00f3wi\u0142o si\u0119 swo\u0142ocz&#8221;"},"content":{"rendered":"<p class=\"Paragraph_desktopParagraph__U31Gm\"><a href=\"https:\/\/plejada.pl\/temat\/anna-korcz\/cppb7ck\" id=\"7c7c3e36-93a7-45db-b7e4-0de018dd9e4f\" rel=\"nofollow noopener\" target=\"_blank\">Anna Korcz<\/a>, kt\u00f3ra od 2002 r. wciela si\u0119 w Izabel\u0119 Brzozowsk\u0105 w serialu &#8222;<a href=\"https:\/\/plejada.pl\/temat\/na-wspolnej-serial\/hz7qgbf\" id=\"fdceba44-40a6-4095-85ad-b9cc6d807133\" rel=\"nofollow noopener\" target=\"_blank\">Na Wsp\u00f3lnej<\/a>&#8222;, nie wytrzyma\u0142a i postanowi\u0142a zabra\u0107 g\u0142os na temat pojawiaj\u0105cych si\u0119 coraz cz\u0119\u015bciej na jej profilach w mediach spo\u0142eczno\u015bciowych nienawistnych wpis\u00f3w. Aktorka opublikowa\u0142a na Facebooku nagranie, w kt\u00f3rym bez ogr\u00f3dek zwr\u00f3ci\u0142a si\u0119 do os\u00f3b przekraczaj\u0105cych granice kultury i szacunku.<\/p>\n<ul class=\"OchatFollowUps_wrapper__1ry7X\">\n<li class=\"OchatFollowUps_item__Dhyly OchatFollowUps_itemDesktop__R6aBv\">Co Anna Korcz powiedzia\u0142a o nienawistnych wpisach?<\/li>\n<li class=\"OchatFollowUps_item__Dhyly OchatFollowUps_itemDesktop__R6aBv\">Jakie zachowanie Anna Korcz okre\u015bli\u0142a jako chamstwo?<\/li>\n<li class=\"OchatFollowUps_item__Dhyly OchatFollowUps_itemDesktop__R6aBv\">Co aktorka s\u0105dzi o kulturalnych u\u017cytkownikach jej medi\u00f3w spo\u0142eczno\u015bciowych?<\/li>\n<li class=\"OchatFollowUps_item__Dhyly OchatFollowUps_itemDesktop__R6aBv\">Od kiedy Anna Korcz gra w serialu 'Na Wsp\u00f3lnej&#8217;?<\/li>\n<\/ul>\n<p>Anna Korcz nie wytrzyma\u0142a tego zachowania. Mocno zareagowa\u0142a: to chamstwo <\/p>\n<blockquote>\n<p class=\"Paragraph_desktopParagraph__U31Gm\">Na co dzie\u0144 tego nie robi\u0119, ale postanowi\u0142am jednak skomentowa\u0107 pewne pa\u0144stwa wpisy na moich social mediach. Ot\u00f3\u017c, szanowni pa\u0144stwo, nikogo nie obra\u017cam, a tym bardziej nikogo nie tytu\u0142uj\u0119 epitetami. Wymagam tego samego. Wszyscy pa\u0144stwo, kt\u00f3rzy nie potrafi\u0105 si\u0119 zachowa\u0107, prosz\u0119, aby natychmiast opu\u015bcili te miejsca wy\u017cej wymienione. W moim domu rodzinnym w czasach zgni\u0142ego PRL-u, na tego typu zachowania m\u00f3wi\u0142o si\u0119 &#8222;swo\u0142ocz&#8221;.<\/p>\n<\/blockquote>\n<p class=\"Paragraph_desktopParagraph__U31Gm\">&#8222;Dzisiaj nie u\u017cywam tego stwierdzenia, chocia\u017c \u015bwierzbi mnie j\u0119zyk i powiem, \u017ce zachowania niekt\u00f3rych z pa\u0144stwa to chamstwo. Takie jest s\u0142ownikowe okre\u015blenie na takie zachowania. Wiem, \u017ce do tych, do kt\u00f3rych chcia\u0142abym je skierowa\u0107, one niestety nie dotr\u0105. To bardzo przykre&#8221; \u2014 powiedzia\u0142a Anna Korcz w nagraniu opublikowanym na Facebooku.<\/p>\n<p><img decoding=\"async\" class=\"Image_image__0tuHp Image_autoHeight__f2n87 \" height=\"587\" width=\"653\" src=\"https:\/\/www.europesays.com\/pl\/wp-content\/uploads\/2025\/12\/Dwkk9kpTURBXy80ZjE4MmY4YWI2Mjg2YjgzNGE0YjZjNmMzYTI2OTg1NS5wbmeTlQMAAM0EBc0DnJUCzQOsAMLDlQIAzQJLwsPeA.jpeg\" alt=\"Anna Korcz o hejcie\" loading=\"lazy\" \/>facebook.com\/korcz.anna<\/p>\n<p>Anna Korcz o hejcie<\/p>\n<p class=\"Paragraph_desktopParagraph__U31Gm\">Pod nagraniem szybko pojawi\u0142o si\u0119 wiele komentarzy od internaut\u00f3w, kt\u00f3rzy stan\u0119li po stronie aktorki i otwarcie poparli jej stanowisko. &#8222;Aniu, blokuj!&#8221;, &#8222;Masz niestety racj\u0119, \u017ce apele o kulturalne zachowania nie docieraj\u0105&#8221;, &#8222;Od razu wywala\u0107! Mog\u0119 nawet pom\u00f3c przytrzyma\u0107 drzwi i tylko dlatego, aby mie\u0107 pewno\u015b\u0107, \u017ce sobie poszli&#8221;, &#8222;Bardzo dobrze powiedziane Pani Anno, jednak obawiam si\u0119, \u017ce do tej &#8222;internetowej inteligencji&#8221; niestety te s\u0142owa nie trafi\u0105. Ona czuje si\u0119 bezkarna&#8221;, &#8222;Niestety paniu Aniu spo\u0142ecze\u0144stwo nam si\u0119 uwstecznia cywilizacyjnie nad czym ubolewam&#8221; \u2014 pisali internauci pod nagraniem Anny Korcz, kt\u00f3ra z kolei pochwali\u0142a kulturalnych u\u017cytkownik\u00f3w sieni.<\/p>\n<blockquote>\n<p class=\"Paragraph_desktopParagraph__U31Gm\">Serdeczno\u015bci dla tych kulturalnych<\/p>\n<\/blockquote>\n<p class=\"Paragraph_desktopParagraph__U31Gm\">\u2014 napisa\u0142a gwiazda &#8222;Na Wsp\u00f3lnej&#8221;.<\/p>\n<p><img decoding=\"async\" class=\"Image_image__0tuHp Image_autoHeight__f2n87 \" height=\"587\" width=\"880\" src=\"https:\/\/www.europesays.com\/pl\/wp-content\/uploads\/2025\/12\/iP0k9kpTURBXy80MDY5ZmRiZWRkODJhZjFiNmRlNDRkMzU1ZDgwYWJmOC5qcGeSlQLNA6wAwsOVAgDNAkvCw94AA6EwAaExAaEzw.jpeg\" alt=\"Anna Korcz\" loading=\"lazy\" \/>Jaros\u0142aw Wojtalewicz \/ AKPA<\/p>\n<p>Anna Korcz<\/p>\n<p class=\"Paragraph_desktopParagraph__U31Gm\">Dzi\u0119kujemy, \u017ce przeczyta\u0142a\u015b\/e\u015b nasz artyku\u0142 do ko\u0144ca. W serwisie Plejada.pl ka\u017cdego dnia piszemy o najwa\u017cniejszych wydarzeniach show-biznesowych. B\u0105d\u017a na bie\u017c\u0105co! <a rel=\"nofollow noopener\" href=\"https:\/\/profile.google.com\/cp\/Cg0vZy8xMWJ6X19wdHBx\" id=\"9bb0d266-3dcd-452a-add5-6bcf440f571f\" target=\"_blank\">Obserwuj<\/a> Plejad\u0119 w Google. Odwied\u017a nas tak\u017ce na <a rel=\"nofollow noopener\" href=\"https:\/\/www.facebook.com\/plejadapl\" id=\"9aa9b5f6-05c1-4f98-940c-fc040cb4c27f\" target=\"_blank\">Facebooku<\/a>, <a rel=\"nofollow noopener\" href=\"https:\/\/www.instagram.com\/plejadapl\/\" id=\"a146b5ce-288c-4df6-9fa5-25682c960a76\" target=\"_blank\">Instagramie<\/a>, <a rel=\"nofollow noopener\" href=\"https:\/\/www.youtube.com\/c\/plejada\" id=\"1c8ece59-2735-46d4-91ad-727669582aba\" target=\"_blank\">YouTubie<\/a> oraz <a rel=\"nofollow noopener\" href=\"https:\/\/www.tiktok.com\/@plejada_pl\" id=\"08f6731e-14db-4d5e-9283-075bd83c10fd\" target=\"_blank\">TikToku<\/a>.<\/p>\n<p class=\"Paragraph_desktopParagraph__U31Gm\">Chcesz podzieli\u0107 si\u0119 ciekawym newsem lub zaproponowa\u0107 temat? Skontaktuj si\u0119 z nami, pisz\u0105c maila na adres: <a href=\"https:\/\/www.onet.pl\/styl-zycia\/plejada\/anna-korcz-nie-wytrzymala-na-tego-typu-zachowania-mowilo-sie-swolocz\/mailto:plejada@redakcjaonet.pl\" id=\"6964f8b5-5ee7-4ad8-b1f8-766ec29f1213\" rel=\"nofollow noopener\" target=\"_blank\">plejada@redakcjaon<\/a><a rel=\"nofollow noopener\" href=\"http:\/\/et.pl\" id=\"d92a5210-2080-439f-90ff-7681a9f895c0\" target=\"_blank\">et.pl<\/a>.<\/p>\n<p><script async src=\"\/\/www.instagram.com\/embed.js\"><\/script><script async src=\"\/\/www.tiktok.com\/embed.js\"><\/script><\/p>\n","protected":false},"excerpt":{"rendered":"Anna Korcz, kt\u00f3ra od 2002 r. wciela si\u0119 w Izabel\u0119 Brzozowsk\u0105 w serialu &#8222;Na Wsp\u00f3lnej&#8222;, nie wytrzyma\u0142a i&hellip;\n","protected":false},"author":2,"featured_media":156963,"comment_status":"","ping_status":"","sticky":false,"template":"","format":"standard","meta":{"footnotes":""},"categories":[22],"tags":[14554,122,67,2028,53,52,68,51,55,42,38,40,39,41,123,47,196,65,50],"class_list":{"0":"post-156962","1":"post","2":"type-post","3":"status-publish","4":"format-standard","5":"has-post-thumbnail","7":"category-rozrywka","8":"tag-anna_korcz","9":"tag-entertainment","10":"tag-intextvideo_splayer","11":"tag-mowa_nienawisci_hejt","12":"tag-new_header","13":"tag-onet3","14":"tag-onet3d","15":"tag-onet3d_2i","16":"tag-phx","17":"tag-pl","18":"tag-poland","19":"tag-polish","20":"tag-polska","21":"tag-polski","22":"tag-rozrywka","23":"tag-screening_general","24":"tag-styl_zycia","25":"tag-update_me","26":"tag-v2021"},"share_on_mastodon":{"url":"https:\/\/pubeurope.com\/@pl\/115737393120542988","error":""},"_links":{"self":[{"href":"https:\/\/www.europesays.com\/pl\/wp-json\/wp\/v2\/posts\/156962","targetHints":{"allow":["GET"]}}],"collection":[{"href":"https:\/\/www.europesays.com\/pl\/wp-json\/wp\/v2\/posts"}],"about":[{"href":"https:\/\/www.europesays.com\/pl\/wp-json\/wp\/v2\/types\/post"}],"author":[{"embeddable":true,"href":"https:\/\/www.europesays.com\/pl\/wp-json\/wp\/v2\/users\/2"}],"replies":[{"embeddable":true,"href":"https:\/\/www.europesays.com\/pl\/wp-json\/wp\/v2\/comments?post=156962"}],"version-history":[{"count":0,"href":"https:\/\/www.europesays.com\/pl\/wp-json\/wp\/v2\/posts\/156962\/revisions"}],"wp:featuredmedia":[{"embeddable":true,"href":"https:\/\/www.europesays.com\/pl\/wp-json\/wp\/v2\/media\/156963"}],"wp:attachment":[{"href":"https:\/\/www.europesays.com\/pl\/wp-json\/wp\/v2\/media?parent=156962"}],"wp:term":[{"taxonomy":"category","embeddable":true,"href":"https:\/\/www.europesays.com\/pl\/wp-json\/wp\/v2\/categories?post=156962"},{"taxonomy":"post_tag","embeddable":true,"href":"https:\/\/www.europesays.com\/pl\/wp-json\/wp\/v2\/tags?post=156962"}],"curies":[{"name":"wp","href":"https:\/\/api.w.org\/{rel}","templated":true}]}}