{"id":156989,"date":"2025-12-17T23:20:15","date_gmt":"2025-12-17T23:20:15","guid":{"rendered":"https:\/\/www.europesays.com\/pl\/156989\/"},"modified":"2025-12-17T23:20:15","modified_gmt":"2025-12-17T23:20:15","slug":"katarzyna-zillmann-i-janja-lesar-zaliczyly-wpadke-na-transmisji-live-wszystko-sie-wydalo-2","status":"publish","type":"post","link":"https:\/\/www.europesays.com\/pl\/156989\/","title":{"rendered":"Katarzyna Zillmann i Janja Lesar zaliczy\u0142y wpadk\u0119 na transmisji live. Wszystko si\u0119 wyda\u0142o"},"content":{"rendered":"<p class=\"ods-c-paragraph \"><a href=\"https:\/\/plejada.pl\/temat\/katarzyna-zillmann\/26llwq3\" id=\"99ac2928-f285-4201-a9a2-6d66cd583b04\" rel=\"nofollow noopener\" target=\"_blank\">Katarzyna Zillmann<\/a> i Janja Lesar zapisa\u0142y si\u0119 w historii &#8222;Ta\u0144ca z gwiazdami&#8221; jako duet, kt\u00f3ry szczeg\u00f3lnie poruszy\u0142 widz\u00f3w. W 17. edycji programu stworzy\u0142y pierwsz\u0105 \u017ce\u0144sk\u0105 par\u0119, od razu przyci\u0105gaj\u0105c ogromne zainteresowanie. Ich taneczne wyst\u0119py, nasycone emocjami i delikatnymi gestami, szybko sta\u0142y si\u0119 szeroko komentowane. Poca\u0142unki w choreografiach oraz wyra\u017ana chemia mi\u0119dzy zawodniczkami sprawi\u0142y, \u017ce zacz\u0119to zastanawia\u0107 si\u0119, czy ich wi\u0119\u017a nie si\u0119ga dalej ni\u017c tylko wsp\u00f3lna praca na parkiecie.<\/p>\n<p class=\"ods-c-paragraph \">Polecamy: <a href=\"https:\/\/plejada.pl\/newsy\/janja-lesar-nagle-wypalila-o-katarzynie-zillmann-to-mnie-najbardziej-kreci\/10t5b86\" id=\"17d988fa-49d8-4fa5-92f1-8a4a0aeb0709\" rel=\"nofollow noopener\" target=\"_blank\">Janja Lesar nagle wypali\u0142a o Katarzynie Zillmann. &#8222;To mnie najbardziej kr\u0119ci&#8221;<\/a><\/p>\n<p class=\"ods-c-paragraph \">Spekulacje dotycz\u0105ce ich za\u017cy\u0142o\u015bci nasili\u0142y si\u0119 po finale programu, gdy w internecie zacz\u0119\u0142y kr\u0105\u017cy\u0107 zdj\u0119cia z imprezy ko\u0144cz\u0105cej show, na kt\u00f3rych wida\u0107 by\u0142o blisko\u015b\u0107 mi\u0119dzy Zillmann i Lesar. Tego samego dnia Julia Walczak, dotychczasowa partnerka wio\u015blarki, og\u0142osi\u0142a rozstanie. Nied\u0142ugo p\u00f3\u017aniej Janja w rozmowie z serwisem Kozaczek ujawni\u0142a, \u017ce tak\u017ce zako\u0144czy\u0142a wieloletni zwi\u0105zek z narzeczonym Krzysztofem Hulbojem, z kt\u00f3rym by\u0142a zwi\u0105zana przez ponad dwie dekady.<\/p>\n<p>Dalszy ci\u0105g artyku\u0142u pod materia\u0142em wideo<br \/>\nKatarzyna Zillmann i Janja Lesar na transmisji na \u017cywo<\/p>\n<p class=\"ods-c-paragraph \">Opr\u00f3cz wsp\u00f3lnych zdj\u0119\u0107 Zillmann i Lesar coraz ch\u0119tniej pojawiaj\u0105 si\u0119 razem tak\u017ce podczas transmisji na \u017cywo w sieci. W jednej z ostatnich zdradzi\u0142y mi\u0119dzy innymi, co najbardziej je w sobie fascynuje. Tym razem r\u00f3wnie\u017c nie zabrak\u0142o emocji. Wtorki lajw wio\u015blarki i tancerki rozpocz\u0105\u0142 si\u0119 od drobnej wpadki \u2014 medalistka olimpijska niechc\u0105cy ods\u0142oni\u0142a fragment swojego mieszkania, pokazuj\u0105c obraz przedstawiaj\u0105cy intymny moment blisko\u015bci Kasi i Janji na parkiecie.<\/p>\n<blockquote class=\"ods-o-quota\">\n<p class=\"ods-o-quota__paragraph\">O nie! Nie mo\u017cesz tam sta\u0107, bo tam jest niespodzianka! Ale i tak ju\u017c widzieli&#8230;<\/p>\n<\/blockquote>\n<p class=\"ods-c-paragraph \"> \u2014 doda\u0142a sportsmenka.<\/p>\n<p class=\"ods-c-paragraph \">Podczas transmisji obie siedzia\u0142y blisko siebie, czytaj\u0105c na g\u0142os wiersze przesy\u0142ane przez fan\u00f3w. Janja Lesar z przymru\u017ceniem oka \u017cartowa\u0142a, \u017ce chwilowo pozostaje bez pracy, a jej taneczna partnerka zajmuje si\u0119 jej utrzymaniem i karmieniem. Wspomnia\u0142a te\u017c, \u017ce cho\u0107 wio\u015blarka \u015bwietnie radzi sobie w kuchni, to przygotowanie dobrej kawy nie jest jej mocn\u0105 stron\u0105.<\/p>\n<p class=\"ods-c-paragraph \">Dzi\u0119kujemy, \u017ce przeczyta\u0142a\u015b\/e\u015b nasz artyku\u0142 do ko\u0144ca. W serwisie Plejada.pl ka\u017cdego dnia piszemy o najwa\u017cniejszych wydarzeniach show-biznesowych. B\u0105d\u017a na bie\u017c\u0105co! <\/p>\n<p class=\"ods-c-paragraph \"><a rel=\"nofollow noopener\" href=\"https:\/\/profile.google.com\/cp\/Cg0vZy8xMWJ6X19wdHBx\" id=\"409606b8-a783-424d-9db5-90f7c2b4fd71\" target=\"_blank\">Obserwuj<\/a> Plejad\u0119 w Google. Odwied\u017a nas tak\u017ce na <a rel=\"nofollow noopener\" href=\"https:\/\/www.facebook.com\/plejadapl\" id=\"97da0a59-b147-43b5-adb1-100de2661b20\" target=\"_blank\">Facebooku<\/a>, <a rel=\"nofollow noopener\" href=\"https:\/\/www.instagram.com\/plejadapl\/\" id=\"1e47b92b-fb02-40ec-bf2b-d717df289f31\" target=\"_blank\">Instagramie<\/a>, <a rel=\"nofollow noopener\" href=\"https:\/\/www.youtube.com\/c\/plejada\" id=\"15b81775-5236-4a32-b4b1-e239f0c58a5b\" target=\"_blank\">YouTubie<\/a> oraz <a rel=\"nofollow noopener\" href=\"https:\/\/www.tiktok.com\/@plejada_pl\" id=\"3ae4525f-dde2-43ff-869f-4853a4706bee\" target=\"_blank\">TikToku<\/a>.<\/p>\n<p class=\"ods-c-paragraph \">Chcesz podzieli\u0107 si\u0119 ciekawym newsem lub zaproponowa\u0107 temat? Skontaktuj si\u0119 z nami, pisz\u0105c maila na adres: <a rel=\"nofollow noopener\" href=\"https:\/\/plejada.pl\/newsy\/katarzyna-zillmann-i-janja-lesar-zaliczyly-wpadke-na-transmisji-live-wszystko-sie\/mailto:plejada@redakcjaonet.pl\" id=\"8476c9df-55ac-4986-b3ae-4cb99631c89b\" target=\"_blank\">plejada@redakcjaon<\/a><a rel=\"nofollow noopener\" href=\"https:\/\/et.pl\/\" id=\"14548619-aabd-4fb3-8ae3-a4816f7251c0\" target=\"_blank\">et.pl<\/a>.<\/p>\n<p><script async src=\"\/\/www.instagram.com\/embed.js\"><\/script><script async src=\"\/\/www.tiktok.com\/embed.js\"><\/script><\/p>\n","protected":false},"excerpt":{"rendered":"Katarzyna Zillmann i Janja Lesar zapisa\u0142y si\u0119 w historii &#8222;Ta\u0144ca z gwiazdami&#8221; jako duet, kt\u00f3ry szczeg\u00f3lnie poruszy\u0142 widz\u00f3w.&hellip;\n","protected":false},"author":2,"featured_media":156990,"comment_status":"","ping_status":"","sticky":false,"template":"","format":"standard","meta":{"footnotes":""},"categories":[22],"tags":[122,3765,3561,48,125,46,42,38,40,39,41,25199,123,47],"class_list":{"0":"post-156989","1":"post","2":"type-post","3":"status-publish","4":"format-standard","5":"has-post-thumbnail","7":"category-rozrywka","8":"tag-entertainment","9":"tag-janja_lesar","10":"tag-katarzyna_zillmann","11":"tag-nat_styl","12":"tag-newsy","13":"tag-omp","14":"tag-pl","15":"tag-poland","16":"tag-polish","17":"tag-polska","18":"tag-polski","19":"tag-rebrand_ai_tst1","20":"tag-rozrywka","21":"tag-screening_general"},"share_on_mastodon":{"url":"https:\/\/pubeurope.com\/@pl\/115737475372182122","error":""},"_links":{"self":[{"href":"https:\/\/www.europesays.com\/pl\/wp-json\/wp\/v2\/posts\/156989","targetHints":{"allow":["GET"]}}],"collection":[{"href":"https:\/\/www.europesays.com\/pl\/wp-json\/wp\/v2\/posts"}],"about":[{"href":"https:\/\/www.europesays.com\/pl\/wp-json\/wp\/v2\/types\/post"}],"author":[{"embeddable":true,"href":"https:\/\/www.europesays.com\/pl\/wp-json\/wp\/v2\/users\/2"}],"replies":[{"embeddable":true,"href":"https:\/\/www.europesays.com\/pl\/wp-json\/wp\/v2\/comments?post=156989"}],"version-history":[{"count":0,"href":"https:\/\/www.europesays.com\/pl\/wp-json\/wp\/v2\/posts\/156989\/revisions"}],"wp:featuredmedia":[{"embeddable":true,"href":"https:\/\/www.europesays.com\/pl\/wp-json\/wp\/v2\/media\/156990"}],"wp:attachment":[{"href":"https:\/\/www.europesays.com\/pl\/wp-json\/wp\/v2\/media?parent=156989"}],"wp:term":[{"taxonomy":"category","embeddable":true,"href":"https:\/\/www.europesays.com\/pl\/wp-json\/wp\/v2\/categories?post=156989"},{"taxonomy":"post_tag","embeddable":true,"href":"https:\/\/www.europesays.com\/pl\/wp-json\/wp\/v2\/tags?post=156989"}],"curies":[{"name":"wp","href":"https:\/\/api.w.org\/{rel}","templated":true}]}}