{"id":157009,"date":"2025-12-17T23:40:10","date_gmt":"2025-12-17T23:40:10","guid":{"rendered":"https:\/\/www.europesays.com\/pl\/157009\/"},"modified":"2025-12-17T23:40:10","modified_gmt":"2025-12-17T23:40:10","slug":"sceny-przed-meczem-z-realem-madryt-kibice-trzecioligowca-zrobili-show","status":"publish","type":"post","link":"https:\/\/www.europesays.com\/pl\/157009\/","title":{"rendered":"Sceny przed meczem z Realem Madryt. Kibice trzecioligowca zrobili show"},"content":{"rendered":"\n<p class=\"contentpart contentpart--default contentpart--text\" data-position=\"0\">Trzecioligowa <a href=\"https:\/\/sportowefakty.wp.pl\/pilka-nozna\/cf-talavera\" rel=\"nofollow noopener\" target=\"_blank\">CF Talavera<\/a>\u00a0to rywal\u00a0<a href=\"https:\/\/sportowefakty.wp.pl\/pilka-nozna\/real-madryt\" rel=\"nofollow noopener\" target=\"_blank\">Realu Madryt<\/a>\u00a0w starciu, kt\u00f3rego stawk\u0105 jest awans do 1\/8 fina\u0142u <a href=\"https:\/\/sportowefakty.wp.pl\/pilka-nozna\/puchar-krola\" rel=\"nofollow noopener\" target=\"_blank\">Pucharu Kr\u00f3la<\/a>. Kibice ni\u017cej notowanego zespo\u0142u postanowili przygotowa\u0107 swoim ulubie\u0144com wyj\u0105tkowe powitanie.<\/p>\n<p class=\"contentpart contentpart--default contentpart--text\" data-position=\"1\">Fani czekali na autokar, kt\u00f3rym podr\u00f3\u017cowali zawodnicy. Zgromadzili si\u0119 licznie, by okaza\u0107 swoje wsparcie. Odpalili \u015brodki pirotechniczne, machali szalikami i zagrzewali graczy \u015bpiewami do boju.\u00a0<\/p>\n<p> <img role=\"presentation\" src=\"https:\/\/std.wpcdn.pl\/images\/adv\/placeholder_wp.svg\" loading=\"lazy\" alt=\"\" decoding=\"async\"\/>  <\/p>\n<p class=\"contentpart contentpart--default contentpart--text\" data-position=\"2\">ZOBACZ WIDEO: Jan Urban jest lepszym selekcjonerem od Jerzego Brz\u0119czka? &#8222;Nie ma odpowiedzi&#8221;<\/p>\n<p class=\"contentpart contentpart--default contentpart--text\" data-position=\"4\">Dla Talavery spotkanie z rywalem pokroju Realu mo\u017ce si\u0119 d\u0142ugo nie powt\u00f3rzy\u0107. Zesp\u00f3\u0142 zajmuje aktualnie przedostatnie miejsce na 3. poziomie rozgrywkowym. Dru\u017cyna po 16 seriach gier ma w dorobku zaledwie 15 punkt\u00f3w.<\/p>\n<p class=\"contentpart contentpart--default contentpart--text\" data-position=\"5\">Zdecydowanym faworytem pucharowej potyczki s\u0105 wicemistrzowie Hiszpanii. Nie zmienia tego d\u0142uga lista nieobecnych, z kt\u00f3rych nie skorzysta Xabi Alonso.<\/p>\n<p class=\"contentpart contentpart--default contentpart--text\" data-position=\"6\">Trener &#8222;Kr\u00f3lewskich&#8221; nadal ma spory problem z kontuzjowanymi zawodnikami. Szkoleniowiec postanowi\u0142, \u017ce w kadrze na \u015brodow\u0105 potyczk\u0119 nie znale\u017ali si\u0119 Antonio Ruediger, Federico Valverde oraz Thibaut Courtois. Ci gracze dostali mo\u017cliwo\u015b\u0107 odpoczynku.<\/p>\n<p> <img role=\"presentation\" src=\"https:\/\/std.wpcdn.pl\/images\/adv\/placeholder_wp.svg\" loading=\"lazy\" alt=\"\" decoding=\"async\"\/>       <\/p>\n","protected":false},"excerpt":{"rendered":"Trzecioligowa CF Talavera\u00a0to rywal\u00a0Realu Madryt\u00a0w starciu, kt\u00f3rego stawk\u0105 jest awans do 1\/8 fina\u0142u Pucharu Kr\u00f3la. Kibice ni\u017cej notowanego&hellip;\n","protected":false},"author":2,"featured_media":157010,"comment_status":"","ping_status":"","sticky":false,"template":"","format":"standard","meta":{"footnotes":""},"categories":[24],"tags":[31046,267,538,694,269,540,278,42,38,40,39,41,30625,692,17424,127,126],"class_list":{"0":"post-157009","1":"post","2":"type-post","3":"status-publish","4":"format-standard","5":"has-post-thumbnail","7":"category-sport","8":"tag-cf-talavera","9":"tag-hiszpania","10":"tag-la-liga","11":"tag-madryt","12":"tag-pilka-nozna","13":"tag-pilka-nozna-w-hiszpanii","14":"tag-pilka-w-europie","15":"tag-pl","16":"tag-poland","17":"tag-polish","18":"tag-polska","19":"tag-polski","20":"tag-puchar-krola","21":"tag-real-madryt","22":"tag-santiago-bernabeu-w-madrycie","23":"tag-sport","24":"tag-sports"},"share_on_mastodon":{"url":"https:\/\/pubeurope.com\/@pl\/115737554458889819","error":""},"_links":{"self":[{"href":"https:\/\/www.europesays.com\/pl\/wp-json\/wp\/v2\/posts\/157009","targetHints":{"allow":["GET"]}}],"collection":[{"href":"https:\/\/www.europesays.com\/pl\/wp-json\/wp\/v2\/posts"}],"about":[{"href":"https:\/\/www.europesays.com\/pl\/wp-json\/wp\/v2\/types\/post"}],"author":[{"embeddable":true,"href":"https:\/\/www.europesays.com\/pl\/wp-json\/wp\/v2\/users\/2"}],"replies":[{"embeddable":true,"href":"https:\/\/www.europesays.com\/pl\/wp-json\/wp\/v2\/comments?post=157009"}],"version-history":[{"count":0,"href":"https:\/\/www.europesays.com\/pl\/wp-json\/wp\/v2\/posts\/157009\/revisions"}],"wp:featuredmedia":[{"embeddable":true,"href":"https:\/\/www.europesays.com\/pl\/wp-json\/wp\/v2\/media\/157010"}],"wp:attachment":[{"href":"https:\/\/www.europesays.com\/pl\/wp-json\/wp\/v2\/media?parent=157009"}],"wp:term":[{"taxonomy":"category","embeddable":true,"href":"https:\/\/www.europesays.com\/pl\/wp-json\/wp\/v2\/categories?post=157009"},{"taxonomy":"post_tag","embeddable":true,"href":"https:\/\/www.europesays.com\/pl\/wp-json\/wp\/v2\/tags?post=157009"}],"curies":[{"name":"wp","href":"https:\/\/api.w.org\/{rel}","templated":true}]}}