{"id":157027,"date":"2025-12-18T00:00:09","date_gmt":"2025-12-18T00:00:09","guid":{"rendered":"https:\/\/www.europesays.com\/pl\/157027\/"},"modified":"2025-12-18T00:00:09","modified_gmt":"2025-12-18T00:00:09","slug":"wstrzasajace-zabojstwo-11-latki-w-jeleniej-gorze-jest-data-pogrzebu","status":"publish","type":"post","link":"https:\/\/www.europesays.com\/pl\/157027\/","title":{"rendered":"Wstrz\u0105saj\u0105ce zab\u00f3jstwo 11-latki w Jeleniej G\u00f3rze. Jest data pogrzebu"},"content":{"rendered":"<ul class=\"UnorderedList_container__nmfSl\">\n<li class=\"UnorderedList_listElement__Py7xi\" data-id=\"ai-summary-link\">Du\u017co czytania, a ma\u0142o czasu? Sprawd\u017a\u00a0skr\u00f3t\u00a0artyku\u0142u<\/li>\n<\/ul>\n<p class=\"Paragraph_desktopParagraph__U31Gm\">&#8222;Msza \u015bwi\u0119ta za dusz\u0119 zmar\u0142ej odb\u0119dzie si\u0119 w sobot\u0119 o godz. 12 w kaplicy na Starym Cmentarzu Komunalnym w Jeleniej G\u00f3rze, natomiast pogrzeb odb\u0119dzie si\u0119 bezpo\u015brednio po zako\u0144czeniu ceremonii \u017ca\u0142obnej&#8221; \u2014 napisa\u0142 w mediach spo\u0142eczno\u015bciowych prezydent miasta Jerzy \u0141u\u017cniak.<\/p>\n<p class=\"Paragraph_desktopParagraph__U31Gm\">Karkonoski Hufiec ZHP, do kt\u00f3rego dru\u017cyny nale\u017ca\u0142a dziewczynka, r\u00f3wnie\u017c og\u0142osi\u0142 \u017ca\u0142ob\u0119. \u2014 Jej odej\u015bcie to ogromna strata dla ca\u0142ej harcerskiej wsp\u00f3lnoty naszego hufca \u2014 napisano na profilu hufca.<\/p>\n<p class=\"VideoPlayerText_videoPlayerText__iDwyz\">Dalszy ci\u0105g materia\u0142u pod wideo<\/p>\n<ul class=\"OchatFollowUps_wrapper__1ry7X\">\n<li class=\"OchatFollowUps_item__Dhyly OchatFollowUps_itemDesktop__R6aBv\">Kiedy odb\u0119dzie si\u0119 pogrzeb 11-latki?<\/li>\n<li class=\"OchatFollowUps_item__Dhyly OchatFollowUps_itemDesktop__R6aBv\">Gdzie b\u0119dzie mia\u0142a miejsce msza \u015bwi\u0119ta?<\/li>\n<li class=\"OchatFollowUps_item__Dhyly OchatFollowUps_itemDesktop__R6aBv\">Kto wyda\u0142 zgod\u0119 na zatrzymanie 12-latki?<\/li>\n<li class=\"OchatFollowUps_item__Dhyly OchatFollowUps_itemDesktop__R6aBv\">Jakie obra\u017cenia mia\u0142a 11-latka?<\/li>\n<\/ul>\n<p class=\"Paragraph_desktopParagraph__U31Gm\">Prezydent Jeleniej G\u00f3ry zwr\u00f3ci\u0142 si\u0119 r\u00f3wnie\u017c z apelem do organizator\u00f3w wszelkich imprez rozrywkowych, wydarze\u0144 kulturalnych i sportowych o rozwa\u017cenie ich odwo\u0142ania lub prze\u0142o\u017cenia. Zaapelowa\u0142 tak\u017ce do medi\u00f3w o uszanowanie prywatno\u015bci i ich nieobecno\u015b\u0107 podczas ceremonii pogrzebowej.<\/p>\n<p class=\"Paragraph_desktopParagraph__U31Gm\">Ministra edukacji narodowej Barbara Nowacka zaapelowa\u0142a do dziennikarzy o uszanowanie prawa do spokoju dzieci, rodzic\u00f3w i spo\u0142eczno\u015bci szkolnej z Jeleniej G\u00f3ry. Apel powt\u00f3rzy\u0142 rzecznik rz\u0105du Adam Sz\u0142apka.<\/p>\n<p>Zab\u00f3jstwo 11-latki <\/p>\n<p class=\"Paragraph_desktopParagraph__U31Gm\">Do zbrodni, kt\u00f3ra wstrz\u0105sn\u0119\u0142a ca\u0142\u0105 Polsk\u0105, dosz\u0142o w poniedzia\u0142ek w pobli\u017cu ul. Wyspia\u0144skiego w Jeleniej G\u00f3rze. O godz. 14.46 policjanci otrzymali telefoniczne zg\u0142oszenie o b\u00f3jce dw\u00f3ch dziewczynek. Kilka minut p\u00f3\u017aniej byli ju\u017c na miejscu. Wtedy te\u017c przy strumyku odnale\u017ali cia\u0142o 11-latki. Niedaleko szko\u0142y, do kt\u00f3rej chodzi\u0142a.<\/p>\n<p class=\"Paragraph_desktopParagraph__U31Gm\">\u2014 W momencie, kiedy przyjecha\u0142 zesp\u00f3\u0142 ratownictwa medycznego, dziewczynka ju\u017c nie \u017cy\u0142a \u2014 m\u00f3wi\u0142a prokurator Ewa W\u0119glarowicz-Makowska. <a href=\"https:\/\/wiadomosci.onet.pl\/wroclaw\/zabojstwo-11-latki-w-jeleniej-gorze-mamy-swiadkow-ktorzy-widzieli-bojke\/55bpfmk\" id=\"97b4da3e-c298-4216-9f1e-2171e2f37a66\" rel=\"nofollow noopener\" target=\"_blank\">\u015aledczy od pocz\u0105tku wiedzieli, \u017ce maj\u0105 do czynienia z zab\u00f3jstwem<\/a>. Na ciele 11-latki widoczne by\u0142y obra\u017cenia, kt\u00f3re kto\u015b zada\u0142 ostrym narz\u0119dziem. Szybko ustalili, \u017ce zwi\u0105zek ze zbrodni\u0105 mo\u017ce mie\u0107 12-latka z tej samej podstaw\u00f3wki. Zgod\u0119 na jej zatrzymanie wyda\u0142 s\u0105d rodzinny. \u015aledczy zabezpieczyli n\u00f3\u017c typu &#8222;finka&#8221;, kt\u00f3rym 12-latka prawdopodobnie zaatakowa\u0142a o rok m\u0142odsz\u0105 dziewczynk\u0119.<\/p>\n<p class=\"Paragraph_desktopParagraph__U31Gm\">\u2014 Mamy \u015bwiadk\u00f3w, kt\u00f3rzy widzieli t\u0119 b\u00f3jk\u0119. Jednym z nich jest osoba, kt\u00f3ra nam to zg\u0142osi\u0142a \u2014 m\u00f3wi\u0142a Onetowi Edyta Bagrowska z Komendy Miejskiej Policji w Jeleniej G\u00f3rze. \u2014 Te dziewczynki na pewno zna\u0142y si\u0119 z widzenia. Chodzi\u0142y do tej samej szko\u0142y, natomiast nie by\u0142y kole\u017cankami \u2014 us\u0142yszeli\u015bmy od prok. W\u0119glarowicz-Makowskiej.<\/p>\n<p class=\"Paragraph_desktopParagraph__U31Gm\">\u2014 S\u0105d Rejonowy w Jeleniej G\u00f3rze zastosowa\u0142 \u015brodek tymczasowy wobec 12-latki zatrzymanej w zwi\u0105zku z zab\u00f3jstwem. Posiedzenie w tej sprawie odby\u0142o si\u0119 za zamkni\u0119tymi drzwiami \u2014 poinformowa\u0142a wiceprezes s\u0105du Agnieszka Makowska.<\/p>\n","protected":false},"excerpt":{"rendered":"Du\u017co czytania, a ma\u0142o czasu? Sprawd\u017a\u00a0skr\u00f3t\u00a0artyku\u0142u &#8222;Msza \u015bwi\u0119ta za dusz\u0119 zmar\u0142ej odb\u0119dzie si\u0119 w sobot\u0119 o godz. 12&hellip;\n","protected":false},"author":2,"featured_media":155982,"comment_status":"","ping_status":"","sticky":false,"template":"","format":"standard","meta":{"footnotes":""},"categories":[5],"tags":[32,33,36,37,27,67,30648,34,35,28,31,53,25,52,68,51,55,42,38,251,40,39,41,349,47,29,30,65,50,26],"class_list":{"0":"post-157027","1":"post","2":"type-post","3":"status-publish","4":"format-standard","5":"has-post-thumbnail","7":"category-naglowki","8":"tag-breaking-news","9":"tag-breakingnews","10":"tag-featured-news","11":"tag-featurednews","12":"tag-headlines","13":"tag-intextvideo_splayer","14":"tag-jelenia_gora","15":"tag-latest-news","16":"tag-latestnews","17":"tag-naglowki","18":"tag-najwazniejsze-artykuly","19":"tag-new_header","20":"tag-news","21":"tag-onet3","22":"tag-onet3d","23":"tag-onet3d_2i","24":"tag-phx","25":"tag-pl","26":"tag-poland","27":"tag-policja_policjanci_policjant_policjantka_policjantki","28":"tag-polish","29":"tag-polska","30":"tag-polski","31":"tag-prokuratura_prokurator_prokuratorzy","32":"tag-screening_general","33":"tag-top-stories","34":"tag-topstories","35":"tag-update_me","36":"tag-v2021","37":"tag-wiadomosci"},"share_on_mastodon":{"url":"https:\/\/pubeurope.com\/@pl\/115737632734958803","error":""},"_links":{"self":[{"href":"https:\/\/www.europesays.com\/pl\/wp-json\/wp\/v2\/posts\/157027","targetHints":{"allow":["GET"]}}],"collection":[{"href":"https:\/\/www.europesays.com\/pl\/wp-json\/wp\/v2\/posts"}],"about":[{"href":"https:\/\/www.europesays.com\/pl\/wp-json\/wp\/v2\/types\/post"}],"author":[{"embeddable":true,"href":"https:\/\/www.europesays.com\/pl\/wp-json\/wp\/v2\/users\/2"}],"replies":[{"embeddable":true,"href":"https:\/\/www.europesays.com\/pl\/wp-json\/wp\/v2\/comments?post=157027"}],"version-history":[{"count":0,"href":"https:\/\/www.europesays.com\/pl\/wp-json\/wp\/v2\/posts\/157027\/revisions"}],"wp:featuredmedia":[{"embeddable":true,"href":"https:\/\/www.europesays.com\/pl\/wp-json\/wp\/v2\/media\/155982"}],"wp:attachment":[{"href":"https:\/\/www.europesays.com\/pl\/wp-json\/wp\/v2\/media?parent=157027"}],"wp:term":[{"taxonomy":"category","embeddable":true,"href":"https:\/\/www.europesays.com\/pl\/wp-json\/wp\/v2\/categories?post=157027"},{"taxonomy":"post_tag","embeddable":true,"href":"https:\/\/www.europesays.com\/pl\/wp-json\/wp\/v2\/tags?post=157027"}],"curies":[{"name":"wp","href":"https:\/\/api.w.org\/{rel}","templated":true}]}}