{"id":157034,"date":"2025-12-18T00:09:11","date_gmt":"2025-12-18T00:09:11","guid":{"rendered":"https:\/\/www.europesays.com\/pl\/157034\/"},"modified":"2025-12-18T00:09:11","modified_gmt":"2025-12-18T00:09:11","slug":"rocco-ritchie-udzielil-wywiadu-i-wspomnial-o-mamie-madonna-cofnij-to","status":"publish","type":"post","link":"https:\/\/www.europesays.com\/pl\/157034\/","title":{"rendered":"Rocco Ritchie udzieli\u0142 wywiadu i wspomnia\u0142 o mamie. Madonna: cofnij to!"},"content":{"rendered":"<p class=\"ods-c-paragraph \">Rocco Ritchie, 25-letni artysta znany wcze\u015bniej pod pseudonimem Rhed, zaprosi\u0142 fan\u00f3w do swojego studia na zachodzie Londynu. To w\u0142a\u015bnie tam, w\u015br\u00f3d prac w\u0142asnych i dzie\u0142 takich tw\u00f3rc\u00f3w jak Francis Bacon czy Jean-Michel Basquiat, zawis\u0142y r\u00f3wnie\u017c rodzinne fotografie \u2013 w tym portret <a href=\"https:\/\/plejada.pl\/temat\/madonna-piosenkarka\/rdkwp8x\" id=\"bc5fba27-9813-407e-9efb-eb9988b648b8\" rel=\"nofollow noopener\" target=\"_blank\">Madonny<\/a> oraz zdj\u0119cie ojca, re\u017cysera Guya Ritchiego. W rozmowie z magazynem &#8222;72&#8221; Rocco przyzna\u0142, \u017ce umie\u015bci\u0142 zdj\u0119cie matki, poniewa\u017c w przeciwnym razie, jak to uj\u0105\u0142, nie by\u0142aby zadowolona.<\/p>\n<p>Dalszy ci\u0105g artyku\u0142u pod materia\u0142em wideo<\/p>\n<p> Jak zareagowa\u0142a Madonna na s\u0142owa swojego syna? <\/p>\n<p> Co powiedzia\u0142 Rocco Ritchie w wywiadzie? <\/p>\n<p> Gdzie Rocco Ritchie przyj\u0105\u0142 fan\u00f3w? <\/p>\n<p> Jakie zdj\u0119cia zawis\u0142y w studiu Rocco? <\/p>\n<p>  Madonna odpowiada synowi. &#8222;Cofnij to natychmiast!&#8221;   <\/p>\n<p class=\"ods-c-paragraph \">Podczas wywiadu artysta stwierdzi\u0142, \u017ce musia\u0142 umie\u015bci\u0107 zdj\u0119cie Madonny, bo inaczej nie spotka\u0142oby si\u0119 to z jej aprobat\u0105. Wed\u0142ug relacji Rocco jego matka mia\u0142aby oczekiwa\u0107 obecno\u015bci swojego portretu w przestrzeni, w kt\u00f3rej tworzy jej syn. Madonna natychmiast zareagowa\u0142a na te s\u0142owa, publikuj\u0105c w mediach spo\u0142eczno\u015bciowych w\u0142asny komentarz.<\/p>\n<blockquote class=\"ods-o-quota\">\n<p class=\"ods-o-quota__paragraph\">Przepraszam bardzo, &#8222;musia\u0142e\u015b powiesi\u0107 zdj\u0119cie mamy, bo inaczej nie by\u0142aby zadowolona&#8221;?! Cofnij to natychmiast!<\/p>\n<\/blockquote>\n<p class=\"ods-c-paragraph \">\u2014 napisa\u0142a Madonna.<\/p>\n<p><img decoding=\"async\" src=\"https:\/\/www.europesays.com\/pl\/wp-content\/uploads\/2025\/12\/Vv7k9lBaHR0cHM6Ly9vY2RuLmV1L3B1bHNjbXMvTURBXy8yNTY3ODkwMWZmYjE4NGJiYjk3Y2FjY2Q1NDA5Nzg4Mi5qcGeRlQLNB.jpeg\" height=\"816\" width=\"920\" alt=\"Komentarz Madonny na Instagramie\" loading=\"lazy\" class=\"ods-c-image__img ods-c-image__img--viewport-width\"\/><\/p>\n<p>Komentarz Madonny na Instagramiehttps:\/\/www.instagram.com\/roccoritchie\/<\/p>\n<p class=\"ods-c-paragraph \">Otwarcie wystawy Talk Is Cheap w Soho sta\u0142o si\u0119 okazj\u0105 do publicznego spotkania Madonny i Guya Ritchiego po raz pierwszy od ich rozwodu w 2008 r. Rocco zamie\u015bci\u0142 w mediach spo\u0142eczno\u015bciowych zdj\u0119cie z rodzicami, podkre\u015blaj\u0105c, \u017ce bycie dzieckiem znanych os\u00f3b otwiera wiele drzwi, ale jednocze\u015bnie wi\u0105\u017ce si\u0119 z ocen\u0105 ze strony innych. Przyzna\u0142, \u017ce cieszy si\u0119 z jednoczesnej obecno\u015bci matki i ojca podczas wa\u017cnego dla niego wydarzenia artystycznego.<\/p>\n<p class=\"ods-c-paragraph \">Dzi\u0119kujemy, \u017ce przeczyta\u0142a\u015b\/e\u015b nasz artyku\u0142 do ko\u0144ca. W serwisie Plejada.pl ka\u017cdego dnia piszemy o najwa\u017cniejszych wydarzeniach show-biznesowych. B\u0105d\u017a na bie\u017c\u0105co! <a rel=\"nofollow noopener\" href=\"https:\/\/profile.google.com\/cp\/Cg0vZy8xMWJ6X19wdHBx\" id=\"c94eae8f-cdc3-475f-97c7-bf69bc1087c1\" target=\"_blank\">Obserwuj<\/a> Plejad\u0119 w Google. Odwied\u017a nas tak\u017ce na <a rel=\"nofollow noopener\" href=\"https:\/\/www.facebook.com\/plejadapl\" id=\"bd245c85-1826-40ac-8e51-24ad980a6b89\" target=\"_blank\">Facebooku<\/a>, <a rel=\"nofollow noopener\" href=\"https:\/\/www.instagram.com\/plejadapl\/\" id=\"677edd70-eb0c-4f90-b22f-b3fd898baef6\" target=\"_blank\">Instagramie<\/a>, <a rel=\"nofollow noopener\" href=\"https:\/\/www.youtube.com\/c\/plejada\" id=\"3b0a640c-2f4e-4680-b2eb-3d5c27a07ee7\" target=\"_blank\">YouTubie<\/a> oraz <a rel=\"nofollow noopener\" href=\"https:\/\/www.tiktok.com\/@plejada_pl\" id=\"57e6ea76-5f86-41e7-b7ad-153e07a80316\" target=\"_blank\">TikToku<\/a>.<\/p>\n<p class=\"ods-c-paragraph \">Chcesz podzieli\u0107 si\u0119 ciekawym newsem lub zaproponowa\u0107 temat? Skontaktuj si\u0119 z nami, pisz\u0105c maila na adres: <a rel=\"nofollow noopener\" href=\"https:\/\/plejada.pl\/newsy\/rocco-ritchie-udzielil-wywiadu-i-wspomnial-o-mamie-madonna-cofnij-to\/mailto:plejada@redakcjaonet.pl\" id=\"6ce1e237-9bde-4224-bdbc-d3f4fc9336f3\" target=\"_blank\">plejada@redakcjaon<\/a><a href=\"https:\/\/et.pl\" id=\"088f31ad-99e2-48b7-83c5-cabb6781d81a\" rel=\"nofollow noopener\" target=\"_blank\">et.pl<\/a>.<\/p>\n<p><script async src=\"\/\/www.instagram.com\/embed.js\"><\/script><script async src=\"\/\/www.tiktok.com\/embed.js\"><\/script><\/p>\n","protected":false},"excerpt":{"rendered":"Rocco Ritchie, 25-letni artysta znany wcze\u015bniej pod pseudonimem Rhed, zaprosi\u0142 fan\u00f3w do swojego studia na zachodzie Londynu. To&hellip;\n","protected":false},"author":2,"featured_media":157035,"comment_status":"","ping_status":"","sticky":false,"template":"","format":"standard","meta":{"footnotes":""},"categories":[22],"tags":[122,23156,7716,48,125,46,42,38,40,39,41,25865,123,47],"class_list":{"0":"post-157034","1":"post","2":"type-post","3":"status-publish","4":"format-standard","5":"has-post-thumbnail","7":"category-rozrywka","8":"tag-entertainment","9":"tag-guy_ritchie","10":"tag-madonna","11":"tag-nat_styl","12":"tag-newsy","13":"tag-omp","14":"tag-pl","15":"tag-poland","16":"tag-polish","17":"tag-polska","18":"tag-polski","19":"tag-rebrand_ai_tst0","20":"tag-rozrywka","21":"tag-screening_general"},"share_on_mastodon":{"url":"https:\/\/pubeurope.com\/@pl\/115737668102589410","error":""},"_links":{"self":[{"href":"https:\/\/www.europesays.com\/pl\/wp-json\/wp\/v2\/posts\/157034","targetHints":{"allow":["GET"]}}],"collection":[{"href":"https:\/\/www.europesays.com\/pl\/wp-json\/wp\/v2\/posts"}],"about":[{"href":"https:\/\/www.europesays.com\/pl\/wp-json\/wp\/v2\/types\/post"}],"author":[{"embeddable":true,"href":"https:\/\/www.europesays.com\/pl\/wp-json\/wp\/v2\/users\/2"}],"replies":[{"embeddable":true,"href":"https:\/\/www.europesays.com\/pl\/wp-json\/wp\/v2\/comments?post=157034"}],"version-history":[{"count":0,"href":"https:\/\/www.europesays.com\/pl\/wp-json\/wp\/v2\/posts\/157034\/revisions"}],"wp:featuredmedia":[{"embeddable":true,"href":"https:\/\/www.europesays.com\/pl\/wp-json\/wp\/v2\/media\/157035"}],"wp:attachment":[{"href":"https:\/\/www.europesays.com\/pl\/wp-json\/wp\/v2\/media?parent=157034"}],"wp:term":[{"taxonomy":"category","embeddable":true,"href":"https:\/\/www.europesays.com\/pl\/wp-json\/wp\/v2\/categories?post=157034"},{"taxonomy":"post_tag","embeddable":true,"href":"https:\/\/www.europesays.com\/pl\/wp-json\/wp\/v2\/tags?post=157034"}],"curies":[{"name":"wp","href":"https:\/\/api.w.org\/{rel}","templated":true}]}}