{"id":157050,"date":"2025-12-18T00:28:06","date_gmt":"2025-12-18T00:28:06","guid":{"rendered":"https:\/\/www.europesays.com\/pl\/157050\/"},"modified":"2025-12-18T00:28:06","modified_gmt":"2025-12-18T00:28:06","slug":"maslarze-kontra-margaryniarze-stan-wyjatkowy-w-pis-caly-czas-kipi","status":"publish","type":"post","link":"https:\/\/www.europesays.com\/pl\/157050\/","title":{"rendered":"&#8222;Ma\u015blarze&#8221; kontra &#8222;margaryniarze&#8221;. &#8222;Stan Wyj\u0105tkowy&#8221;: w PiS ca\u0142y czas kipi"},"content":{"rendered":"<p>W Prawie i Sprawiedliwo\u015bci wy\u0142oni\u0142y si\u0119 dwie du\u017ce frakcje. Sojusz zawi\u0105zali wrogowie Morawieckiego. To w\u0142a\u015bnie &#8222;ma\u015blarze&#8221;, kt\u00f3rzy krytykuj\u0105 dzia\u0142ania by\u0142ego premiera, przekonuj\u0105c, \u017ce to one doprowadzi\u0142y do utraty w\u0142adzy. Chodzi przede wszystkim o polityk\u0119 wobec Unii Europejskiej, kt\u00f3r\u0105 uwa\u017caj\u0105 za zbyt ugodow\u0105.<\/p>\n<p>\u2014 Tobiasz Boche\u0144ski, Patryk Jaki, Jacek Sasin, Przemys\u0142aw Czarnek szukaj\u0105 tego, kto nazwa\u0142 ich &#8222;ma\u015blarzami&#8221; \u2014 zaznacza Andrzej Stankiewicz.<\/p>\n<p>\u2014 To frakcja Mateusza Morawieckiego wymy\u015bli\u0142a. To jest absolutnie oczywiste. Dwa miesi\u0105ce temu jeden z polityk\u00f3w z frakcji Morawieckiego zadzwoni\u0142 do mnie i powiedzia\u0142: &#8222;teraz to my o tej czw\u00f3rce b\u0119dziemy m\u00f3wi\u0107 \u00bbma\u015blarze\u00ab&#8221; \u2014 opowiada Jacek G\u0105dek.<\/p>\n<p class=\"Paragraph_desktopParagraph__U31Gm\">Genezy nazywania przeciwnik\u00f3w Morawieckiego &#8222;ma\u015blarzami&#8221;, nale\u017cy szuka\u0107 w tym, \u017ce Tobiasz Boche\u0144ski uderza\u0142 w ekip\u0119 rz\u0105dow\u0105 za to, \u017ce <a href=\"https:\/\/www.onet.pl\/turystyka\/onetpodroze\/tobiasz-bochenski-z-pis-narzeka-na-niemieckie-maslo-w-samolocie-lot-za-tuska\/yw79bz2,07640b54\" id=\"efb4cdaf-392d-4293-b563-fd20052fe75c\" rel=\"nofollow noopener\" target=\"_blank\">w samolocie LOT-u z Frankfurtu do Polski podano mu mas\u0142o &#8222;Deutsche Markenbutter&#8221;, a nie polskiego producenta<\/a>.<\/p>\n<p class=\"Paragraph_desktopParagraph__U31Gm\">\u2014 Dowiedzia\u0142em si\u0119 ostatnio, \u017ce nie nale\u017cy m\u00f3wi\u0107, wedle poprawnej terminologii pisowskiej, &#8222;harcerze&#8221; o stronnikach Mateusza Morawieckiego, lecz &#8222;margaryniarze&#8221; \u2014 zaznacza Stankiewicz. G\u0105dek przyznaje, \u017ce te\u017c s\u0142ysza\u0142 to okre\u015blenie.<\/p>\n<p>&#8222;W PiS ca\u0142y czas kipi&#8221; <\/p>\n<p class=\"Paragraph_desktopParagraph__U31Gm\">Prowadz\u0105cy opowiedzieli te\u017c o tym, jak Jaros\u0142aw Kaczy\u0144ski wezwa\u0142 na Nowogrodzk\u0105 i upomnia\u0142 zwa\u015bnione frakcje.<\/p>\n<p class=\"Paragraph_desktopParagraph__U31Gm\">\u2014 To nie jest pierwsze upomnienie. Prezes nie u\u017cywa s\u0142owa przymkn\u0105\u0107 si\u0119, pewnie u\u017cy\u0142 czego\u015b nieco dyplomatycznego, aczkolwiek pewnie min\u0119 mia\u0142 srog\u0105. Co nie zmienia faktu, \u017ce mam wra\u017cenie, \u017ce oni w tych wojnach s\u0105 ju\u017c tak zaciekli, \u017ce nie s\u0142uchaj\u0105 przestr\u00f3g Jaros\u0142awa Kaczy\u0144skiego \u2014 m\u00f3wi Andrzej Stankiewicz.<\/p>\n<p class=\"Paragraph_desktopParagraph__U31Gm\">\u2014 Kaczy\u0144ski chcia\u0142by jednak troszk\u0119 ustabilizowa\u0107 w\u0142asn\u0105 parti\u0119, bo to starcie jest na no\u017ce. To nie jest zwyczajne spi\u0119cie frakcji w \u015brodku. Nie, to s\u0105 dwie mocne frakcje. Z jednej strony &#8222;ma\u015blarze&#8221;, ale Morawiecki ca\u0142y czas cieszy si\u0119 zaufaniem Jaros\u0142awa Kaczy\u0144skiego. Wisi na prezesie. To spi\u0119cie jest na \u015bmier\u0107 i \u017cycie. Idzie o to, kto b\u0119dzie, je\u015bli PiS przejmie w\u0142adz\u0119, premierem. To nie s\u0105 \u017cadne pieszczoty. Jaros\u0142aw Kaczy\u0144ski chce dyscyplinowa\u0107 swoich ludzi. Tylko mu to nie do ko\u0144ca wychodzi \u2014 podkre\u015bla Jacek G\u0105dek.<\/p>\n<p class=\"Paragraph_desktopParagraph__U31Gm\">Prowadz\u0105cy cytuj\u0105 wypowiedzi medialne Mateusza Morawieckiego i Jacka Sasina, w kt\u00f3rych trudno nie wyczu\u0107 napi\u0119cia.<\/p>\n<p class=\"Paragraph_desktopParagraph__U31Gm\">Andrzej Stankiewicz przywo\u0142uje wpis by\u0142ego premiera na serwisie X, w kt\u00f3rym Morawiecki poda\u0142 dalej post Radia Zet z odpowiedzi\u0105 Sasina na pytanie, dlaczego Morawiecki nie powinien by\u0107 premierem. Do wpisu do\u0142\u0105czy\u0142 zdj\u0119cie Jacka Sasina.<\/p>\n<p class=\"Paragraph_desktopParagraph__U31Gm\">\u2014 Tak si\u0119 sk\u0142ada, \u017ce umie\u015bci\u0142 we wpisie zdj\u0119cie Jacka Sasina, zanim si\u0119 odchudzi\u0142 o 50 kg. Czyli, drodzy Pa\u0144stwo, mas\u0142o krzepi, Ozempic pewnie krzepi bardziej, ale c\u00f3\u017c to za ma\u0142ostkowo\u015b\u0107, \u017ce on temu Sasinowi daje 50 kg wi\u0119cej. Jakie to subtelne jest!\u2014 ironizuje Stankiewicz.<\/p>\n<p class=\"Paragraph_desktopParagraph__U31Gm\">\u2014 Mateusz Morawiecki nieprzypadkowo wykorzysta\u0142 zdj\u0119cie z czas\u00f3w, kiedy Jacek Sasin wa\u017cy\u0142 50 kg wi\u0119cej. To s\u0105 takie z\u0142o\u015bliwo\u015bci. Wida\u0107, \u017ce kipi ca\u0142y czas w tym PiS. Jeden z wa\u017cnych polityk\u00f3w powiedzia\u0142 mi, \u017ce Jaros\u0142aw Kaczy\u0144ski bardzo by chcia\u0142, \u017ceby przesta\u0142y wydobywa\u0107 si\u0119, cytuj\u0119, pierdo\u0142y o konflikcie w PiS \u2014 dodaje G\u0105dek.<\/p>\n","protected":false},"excerpt":{"rendered":"W Prawie i Sprawiedliwo\u015bci wy\u0142oni\u0142y si\u0119 dwie du\u017ce frakcje. Sojusz zawi\u0105zali wrogowie Morawieckiego. To w\u0142a\u015bnie &#8222;ma\u015blarze&#8221;, kt\u00f3rzy krytykuj\u0105&hellip;\n","protected":false},"author":2,"featured_media":157051,"comment_status":"","ping_status":"","sticky":false,"template":"","format":"standard","meta":{"footnotes":""},"categories":[5],"tags":[56,32,33,36,37,66,27,67,31276,12974,422,34,35,1656,28,31,53,25,52,68,51,26179,55,42,38,40,39,41,868,1524,47,199,29,30,50,26],"class_list":{"0":"post-157050","1":"post","2":"type-post","3":"status-publish","4":"format-standard","5":"has-post-thumbnail","7":"category-naglowki","8":"tag-article_premium","9":"tag-breaking-news","10":"tag-breakingnews","11":"tag-featured-news","12":"tag-featurednews","13":"tag-give_me_perspective","14":"tag-headlines","15":"tag-intextvideo_splayer","16":"tag-jacek_bochenski","17":"tag-jacek_sasin","18":"tag-jaroslaw_kaczynski","19":"tag-latest-news","20":"tag-latestnews","21":"tag-mateusz_morawiecki_polityk","22":"tag-naglowki","23":"tag-najwazniejsze-artykuly","24":"tag-new_header","25":"tag-news","26":"tag-onet3","27":"tag-onet3d","28":"tag-onet3d_2i","29":"tag-patryk_jaki_polityk","30":"tag-phx","31":"tag-pl","32":"tag-poland","33":"tag-polish","34":"tag-polska","35":"tag-polski","36":"tag-prawo_i_sprawiedliwosc_pis","37":"tag-przemyslaw_czarnek","38":"tag-screening_general","39":"tag-stan_wyjatkowy_podcast_onetu","40":"tag-top-stories","41":"tag-topstories","42":"tag-v2021","43":"tag-wiadomosci"},"share_on_mastodon":{"url":"","error":"Validation failed: Text character limit of 500 exceeded"},"_links":{"self":[{"href":"https:\/\/www.europesays.com\/pl\/wp-json\/wp\/v2\/posts\/157050","targetHints":{"allow":["GET"]}}],"collection":[{"href":"https:\/\/www.europesays.com\/pl\/wp-json\/wp\/v2\/posts"}],"about":[{"href":"https:\/\/www.europesays.com\/pl\/wp-json\/wp\/v2\/types\/post"}],"author":[{"embeddable":true,"href":"https:\/\/www.europesays.com\/pl\/wp-json\/wp\/v2\/users\/2"}],"replies":[{"embeddable":true,"href":"https:\/\/www.europesays.com\/pl\/wp-json\/wp\/v2\/comments?post=157050"}],"version-history":[{"count":0,"href":"https:\/\/www.europesays.com\/pl\/wp-json\/wp\/v2\/posts\/157050\/revisions"}],"wp:featuredmedia":[{"embeddable":true,"href":"https:\/\/www.europesays.com\/pl\/wp-json\/wp\/v2\/media\/157051"}],"wp:attachment":[{"href":"https:\/\/www.europesays.com\/pl\/wp-json\/wp\/v2\/media?parent=157050"}],"wp:term":[{"taxonomy":"category","embeddable":true,"href":"https:\/\/www.europesays.com\/pl\/wp-json\/wp\/v2\/categories?post=157050"},{"taxonomy":"post_tag","embeddable":true,"href":"https:\/\/www.europesays.com\/pl\/wp-json\/wp\/v2\/tags?post=157050"}],"curies":[{"name":"wp","href":"https:\/\/api.w.org\/{rel}","templated":true}]}}