{"id":157052,"date":"2025-12-18T00:29:10","date_gmt":"2025-12-18T00:29:10","guid":{"rendered":"https:\/\/www.europesays.com\/pl\/157052\/"},"modified":"2025-12-18T00:29:10","modified_gmt":"2025-12-18T00:29:10","slug":"nie-zyje-ethan-mcleod-21-latek-zginal-w-tragicznym-wypadku-przeglad-sportowy-onet","status":"publish","type":"post","link":"https:\/\/www.europesays.com\/pl\/157052\/","title":{"rendered":"Nie \u017cyje Ethan McLeod. 21-latek zgin\u0105\u0142 w tragicznym wypadku &#8211; Przegl\u0105d Sportowy Onet"},"content":{"rendered":"<ol>\n<li><a href=\"https:\/\/news.google.com\/rss\/articles\/CBMixAFBVV95cUxOeFNZQnJwbTF1eUgyVE5Sc1pmcTg0R1ByN1Iteml3cXVCcTNZUVRld3NYVDc1ZkotelZWY3BVWVhDSkRPUFcwR085NGFzQVBQSzMwX2NkTTh3bFZYMFVwTWs0UUkzSk1MSW1UeEJaSllCMVVMZFo1ZWZWU0lzcllrcFZJUHBBQ3JGZjdyT2ZKbVU3aTJOd0FzQVBnYnpmSVplZEJ2MGI3bGY3anYtczFIUHVLZW1LZVgzbjQ0Zi1zR09tVU1s?oc=5\" target=\"_blank\" rel=\"nofollow noopener\">Nie \u017cyje Ethan McLeod. 21-latek zgin\u0105\u0142 w tragicznym wypadku<\/a>&nbsp;&nbsp;Przegl\u0105d Sportowy Onet<\/li>\n<li><a href=\"https:\/\/news.google.com\/rss\/articles\/CBMiogFBVV95cUxPVUVqXzUzWFczOTJRbkozclY3b0pYbmtEaU9YU0tjbnYzcS11MURBYm5vWDJXdk5Mc05vZHVYUWlGd0F6dExvZWNpOU03WGpPaF9hSzVrNVFDdHEyajNGQVV6RlpxemFBQTcwd09NencyMFB0NXNzMjl1TDNoaHl4ZXZfY095VTB5NFRlYmN6VGtzeEZuQ0xKdkxvTU5RZjV2ZHc?oc=5\" target=\"_blank\" rel=\"nofollow noopener\">Nie \u017cyje wychowanek Wolves. Ogromna tragedia w Anglii<\/a>&nbsp;&nbsp;Meczyki.pl<\/li>\n<li><a href=\"https:\/\/news.google.com\/rss\/articles\/CBMitAFBVV95cUxPZEZjN1dRS3Y4VklsZnBBa0NGMFN5QjlrajFaQ2xUUWszUWtxeFhDSEx3WkZpQjBTU2tiNERldC1yMkhfWmwxYVozSDJia19QM05aTHl5Q2pjQk5wTllIVnpEdHZ3TVhPcWFVd0tkeVF0b012YXdZUDh0ODBNRXFLMFBJcm4xeHBKQ3VNbEJLcjlGT3VkWTVWYlpueEJWdlQ4c2Q2TXJJYzB2U0xOYXZISTUta28?oc=5\" target=\"_blank\" rel=\"nofollow noopener\">Tragedia na autostradzie. Nie \u017cyje 21-letni pi\u0142karz. Wraca\u0142 z meczu<\/a>&nbsp;&nbsp;www.polsatsport.pl<\/li>\n<li><a href=\"https:\/\/news.google.com\/rss\/articles\/CBMipwFBVV95cUxONjNpQkhPMi0telBBNzBDQmFBa0ZZQTVyLV95U3FNektSdngwR040ZkFaNUJwaWk2Nm4zUFk3NkhtU1R1OXdpNDdQY3d4OHBGa1RDejI1TjNVOUp6TlNyV3dUTElDdzB1bHh5YmpXTVA0SG8zOVRrZlNJRHNjdF84cGZIWXhFcnRMWDg2aHdBV3pJY0NxUXgzQl9wNmpPSkVaT29vWmhYaw?oc=5\" target=\"_blank\" rel=\"nofollow noopener\">Makabryczny wypadek. M\u0142ody pi\u0142karz nie \u017cyje<\/a>&nbsp;&nbsp;TVP Info<\/li>\n<li><a href=\"https:\/\/news.google.com\/rss\/articles\/CBMiowFBVV95cUxQUzhIaWxCdGNEZllKTDV1VVFldkVOeERza2tHS010UUlTS3h4LW8tYjNYdTIzQXFnamhzVy1xd2V5TGlqUkZycVZvME9KTkNwaVhmMXJPVUNEWFdOX1EwQmZoNWJlSkVYTEdJWlVfclcwOUpiby1uS21RRHlrczAwbHkzcXo0Nm9ZSzZzUWR0dGVEN0tVQlR3NFh3Tnd0Uy0xaFZr?oc=5\" target=\"_blank\" rel=\"nofollow noopener\">Mia\u0142 tylko 21 lat. Pi\u0142karz zgin\u0105\u0142 w tragicznym wypadku<\/a>&nbsp;&nbsp;SportoweFakty<\/li>\n<\/ol>\n","protected":false},"excerpt":{"rendered":"Nie \u017cyje Ethan McLeod. 21-latek zgin\u0105\u0142 w tragicznym wypadku&nbsp;&nbsp;Przegl\u0105d Sportowy Onet Nie \u017cyje wychowanek Wolves. Ogromna tragedia w&hellip;\n","protected":false},"author":2,"featured_media":157053,"comment_status":"","ping_status":"","sticky":false,"template":"","format":"standard","meta":{"footnotes":""},"categories":[24],"tags":[67,11744,948,42,38,40,39,41,5134,136,128,47,127,135,126,130,31277],"class_list":{"0":"post-157052","1":"post","2":"type-post","3":"status-publish","4":"format-standard","5":"has-post-thumbnail","7":"category-sport","8":"tag-intextvideo_splayer","9":"tag-ogor","10":"tag-pilka_nozna","11":"tag-pl","12":"tag-poland","13":"tag-polish","14":"tag-polska","15":"tag-polski","16":"tag-premier_league","17":"tag-ps_detal_new","18":"tag-psv2","19":"tag-screening_general","20":"tag-sport","21":"tag-sport_sport","22":"tag-sports","23":"tag-wiadomosci_sportowe","24":"tag-wolverhampton_wanderers"},"share_on_mastodon":{"url":"https:\/\/pubeurope.com\/@pl\/115737746680926229","error":""},"_links":{"self":[{"href":"https:\/\/www.europesays.com\/pl\/wp-json\/wp\/v2\/posts\/157052","targetHints":{"allow":["GET"]}}],"collection":[{"href":"https:\/\/www.europesays.com\/pl\/wp-json\/wp\/v2\/posts"}],"about":[{"href":"https:\/\/www.europesays.com\/pl\/wp-json\/wp\/v2\/types\/post"}],"author":[{"embeddable":true,"href":"https:\/\/www.europesays.com\/pl\/wp-json\/wp\/v2\/users\/2"}],"replies":[{"embeddable":true,"href":"https:\/\/www.europesays.com\/pl\/wp-json\/wp\/v2\/comments?post=157052"}],"version-history":[{"count":0,"href":"https:\/\/www.europesays.com\/pl\/wp-json\/wp\/v2\/posts\/157052\/revisions"}],"wp:featuredmedia":[{"embeddable":true,"href":"https:\/\/www.europesays.com\/pl\/wp-json\/wp\/v2\/media\/157053"}],"wp:attachment":[{"href":"https:\/\/www.europesays.com\/pl\/wp-json\/wp\/v2\/media?parent=157052"}],"wp:term":[{"taxonomy":"category","embeddable":true,"href":"https:\/\/www.europesays.com\/pl\/wp-json\/wp\/v2\/categories?post=157052"},{"taxonomy":"post_tag","embeddable":true,"href":"https:\/\/www.europesays.com\/pl\/wp-json\/wp\/v2\/tags?post=157052"}],"curies":[{"name":"wp","href":"https:\/\/api.w.org\/{rel}","templated":true}]}}