{"id":157072,"date":"2025-12-18T00:51:09","date_gmt":"2025-12-18T00:51:09","guid":{"rendered":"https:\/\/www.europesays.com\/pl\/157072\/"},"modified":"2025-12-18T00:51:09","modified_gmt":"2025-12-18T00:51:09","slug":"julia-walczak-podsumowala-relacje-z-katarzyna-zillmann-opublikowala-ich-zdjecie-2","status":"publish","type":"post","link":"https:\/\/www.europesays.com\/pl\/157072\/","title":{"rendered":"Julia Walczak podsumowa\u0142a relacj\u0119 z Katarzyn\u0105 Zillmann. Opublikowa\u0142a ich zdj\u0119cie"},"content":{"rendered":"<p class=\"ods-c-paragraph \">Julia Walczak i Katarzyna Zillmann nie s\u0105 ju\u017c razem. Zwi\u0105zek wio\u015blarki i kajakarki medialnie \u015bledzono od d\u0142u\u017cszego czasu, a rozstanie pary wywo\u0142a\u0142o spore zainteresowanie fan\u00f3w i medi\u00f3w.<\/p>\n<p class=\"ods-c-paragraph \">By\u0142a partnerka Zillmann niedawno zamie\u015bci\u0142a w mediach spo\u0142eczno\u015bciowych wpis, w kt\u00f3rym po raz pierwszy odnios\u0142a si\u0119 do zako\u0144czenia relacji. Cho\u0107 nie zdradzi\u0142a szczeg\u00f3\u0142\u00f3w powod\u00f3w rozstania, jej s\u0142owa sugeruj\u0105, \u017ce decyzja by\u0142a przemy\u015blana i podj\u0119ta w dobrej wierze.<\/p>\n<p class=\"ods-c-paragraph \">Polecamy: <a href=\"https:\/\/plejada.pl\/newsy\/julia-walczak-pokazala-co-dzialo-sie-po-rozstaniu-z-katarzyna-zillmann\/4kdm4br\" id=\"554551f9-cd79-43ea-ab70-1536145efe85\" rel=\"nofollow noopener\" target=\"_blank\">Rozsta\u0142a si\u0119 z Katarzyn\u0105 Zillmann, teraz wrzuci\u0142a to. &#8222;Smutna 100\/10&#8221;<\/a><\/p>\n<p class=\"ods-c-paragraph \"><a href=\"https:\/\/plejada.pl\/temat\/julia-walczak\/ggc2hdh\" id=\"4f47ad4b-7754-4bf3-b09c-9154611a77f4\" rel=\"nofollow noopener\" target=\"_blank\">Julia Walczak<\/a> podsumowa\u0142a w mediach spo\u0142eczno\u015bciowych mijaj\u0105cy rok, w kt\u00f3rym zasz\u0142y w jej \u017cyciu do\u015b\u0107 spore zmiany. Na kilku kadrach pokaza\u0142a, jak w tym roku sp\u0119dza\u0142a czas i jak go ocenia. W skali od 1 do 10. Pod jednym ze zdj\u0119\u0107, <a href=\"https:\/\/plejada.pl\/newsy\/julia-walczak-pokazala-co-dzialo-sie-po-rozstaniu-z-katarzyna-zillmann\/4kdm4br\" id=\"9cd8537a-2e9b-4350-b585-8ba7e1356bac\" rel=\"nofollow noopener\" target=\"_blank\">na kt\u00f3rym jest zap\u0142akana, napisa\u0142a:<\/a><\/p>\n<blockquote class=\"ods-o-quota\"><\/blockquote>\n<p>Dalszy ci\u0105g artyku\u0142u pod materia\u0142em wideo<\/p>\n<p> Czy Julia Walczak i Katarzyna Zillmann nadal s\u0105 par\u0105? <\/p>\n<p> Jakie by\u0142y emocje Julii Walczak po rozstaniu? <\/p>\n<p> Czy Julia Walczak wspomnia\u0142a o swojej pasji do sportu? <\/p>\n<p> Jak fani zareagowali na wpis Julii Walczak? <\/p>\n<p>  Julia Walczak o Katarzynie Zillmann<\/p>\n<p class=\"ods-c-paragraph \">Teraz by\u0142a partnerka Zillmann otwarcie przyzna\u0142a, \u017ce rozstanie by\u0142o dla niej trudnym do\u015bwiadczeniem. Podkre\u015bla, \u017ce mijaj\u0105cy rok obfitowa\u0142 w wyzwania i nie nale\u017ca\u0142 do naj\u0142atwiejszych. Na Instagramie opublikowa\u0142a wpis po\u015bwi\u0119cony swojej pasji do sportu. W po\u015bcie nie zabrak\u0142o tak\u017ce wspomnienia o by\u0142ej partnerce, bo wio\u015blarstwo to dziedzina, kt\u00f3ra kiedy\u015b \u0142\u0105czy\u0142a ich \u017cycie.<\/p>\n<blockquote class=\"ods-o-quota\">\n<p class=\"ods-o-quota__paragraph\">Pozna\u0142am osob\u0119, kt\u00f3ra bardzo wiele mnie nauczy\u0142a. Jestem jej bardzo wdzi\u0119czna za wsp\u00f3lny czas<\/p>\n<\/blockquote>\n<p class=\"ods-c-paragraph \">\u2014 czytamy.<\/p>\n<p class=\"ods-c-paragraph \">Fani zasypali komentarze wyrazami wsparcia.<\/p>\n<p class=\"ods-c-paragraph \">&#8222;Julia, wspania\u0142a z Ciebie inspiracja&#8221;<\/p>\n<p class=\"ods-c-paragraph \">&#8222;Zawsze jest warto&#8221;<\/p>\n<p class=\"ods-c-paragraph \">&#8222;M\u0105dra z Ciebie Dziewczyna, masz szlachetny charakter. \u017bycz\u0119 Ci wspania\u0142ych niespodzianek od losu&#8221;<\/p>\n<p class=\"ods-c-paragraph \">&#8222;Warto! Zawsze warto&#8221;<\/p>\n<p class=\"ods-c-paragraph \">&#8222;Dzi\u0119ki za wszystkie emocje! Zawsze mi\u0142o by\u0142o \u015bledzi\u0107 wyniki i dopingowa\u0107!&#8221;<\/p>\n<p class=\"ods-c-paragraph \">&#8222;Pi\u0119knie uj\u0119te to wszystko. Masz w sobie wiele si\u0142y, wiary, woli walki. Jeste\u015b ok&#8221;<\/p>\n<p class=\"ods-c-paragraph \">Dzi\u0119kujemy, \u017ce przeczyta\u0142a\u015b\/e\u015b nasz artyku\u0142 do ko\u0144ca. W serwisie Plejada.pl ka\u017cdego dnia piszemy o najwa\u017cniejszych wydarzeniach show-biznesowych. B\u0105d\u017a na bie\u017c\u0105co! <a rel=\"nofollow noopener\" href=\"https:\/\/news.google.com\/publications\/CAAiEF0PeAlb7W1llpV_mwV2rL4qFAgKIhBdD3gJW-1tZZaVf5sFdqy-?hl=pl&amp;gl=PL&amp;ceid=PL%3Apl\" id=\"ea7d9f46-7af6-4967-bcf6-d24a9e4ce3b6\" target=\"_blank\">Obserwuj<\/a> Plejad\u0119 w Wiadomo\u015bciach Google. Odwied\u017a nas tak\u017ce na <a rel=\"nofollow noopener\" href=\"https:\/\/www.facebook.com\/plejadapl\" id=\"1efc25c0-89b4-496b-ab8a-9f0a4f220000\" target=\"_blank\">Facebooku<\/a>, <a rel=\"nofollow noopener\" href=\"https:\/\/www.instagram.com\/plejadapl\/\" id=\"59b96428-dbb9-43f9-8726-9a36bbbe8dae\" target=\"_blank\">Instagramie<\/a>, <a rel=\"nofollow noopener\" href=\"https:\/\/www.youtube.com\/c\/plejada\" id=\"cff79bc8-1ff8-4ca5-a97e-4ccbbba4f605\" target=\"_blank\">YouTubie<\/a> oraz <a rel=\"nofollow noopener\" href=\"https:\/\/www.tiktok.com\/@plejada_pl\" id=\"28621623-ed54-4d9c-8304-906598367190\" target=\"_blank\">TikToku<\/a>.<\/p>\n<p class=\"ods-c-paragraph \">Chcesz podzieli\u0107 si\u0119 ciekawym newsem lub zaproponowa\u0107 temat? Skontaktuj si\u0119 z nami, pisz\u0105c maila na adres: <a rel=\"nofollow noopener\" href=\"https:\/\/plejada.pl\/newsy\/julia-walczak-podsumowala-relacje-z-katarzyna-zillmann-opublikowala-ich-zdjecie\/mailto:plejada@redakcjaonet.pl\" id=\"db9ae7bb-f8b0-41ed-8d13-f5260c7e6501\" target=\"_blank\">plejada@redakcjaonet.pl<\/a>.<\/p>\n<p><script async src=\"\/\/www.instagram.com\/embed.js\"><\/script><script async src=\"\/\/www.tiktok.com\/embed.js\"><\/script><\/p>\n","protected":false},"excerpt":{"rendered":"Julia Walczak i Katarzyna Zillmann nie s\u0105 ju\u017c razem. Zwi\u0105zek wio\u015blarki i kajakarki medialnie \u015bledzono od d\u0142u\u017cszego czasu,&hellip;\n","protected":false},"author":2,"featured_media":157073,"comment_status":"","ping_status":"","sticky":false,"template":"","format":"standard","meta":{"footnotes":""},"categories":[22],"tags":[122,11828,3561,48,125,46,42,38,40,39,41,25199,123,47],"class_list":{"0":"post-157072","1":"post","2":"type-post","3":"status-publish","4":"format-standard","5":"has-post-thumbnail","7":"category-rozrywka","8":"tag-entertainment","9":"tag-julia_walczak","10":"tag-katarzyna_zillmann","11":"tag-nat_styl","12":"tag-newsy","13":"tag-omp","14":"tag-pl","15":"tag-poland","16":"tag-polish","17":"tag-polska","18":"tag-polski","19":"tag-rebrand_ai_tst1","20":"tag-rozrywka","21":"tag-screening_general"},"share_on_mastodon":{"url":"https:\/\/pubeurope.com\/@pl\/115737833180627678","error":""},"_links":{"self":[{"href":"https:\/\/www.europesays.com\/pl\/wp-json\/wp\/v2\/posts\/157072","targetHints":{"allow":["GET"]}}],"collection":[{"href":"https:\/\/www.europesays.com\/pl\/wp-json\/wp\/v2\/posts"}],"about":[{"href":"https:\/\/www.europesays.com\/pl\/wp-json\/wp\/v2\/types\/post"}],"author":[{"embeddable":true,"href":"https:\/\/www.europesays.com\/pl\/wp-json\/wp\/v2\/users\/2"}],"replies":[{"embeddable":true,"href":"https:\/\/www.europesays.com\/pl\/wp-json\/wp\/v2\/comments?post=157072"}],"version-history":[{"count":0,"href":"https:\/\/www.europesays.com\/pl\/wp-json\/wp\/v2\/posts\/157072\/revisions"}],"wp:featuredmedia":[{"embeddable":true,"href":"https:\/\/www.europesays.com\/pl\/wp-json\/wp\/v2\/media\/157073"}],"wp:attachment":[{"href":"https:\/\/www.europesays.com\/pl\/wp-json\/wp\/v2\/media?parent=157072"}],"wp:term":[{"taxonomy":"category","embeddable":true,"href":"https:\/\/www.europesays.com\/pl\/wp-json\/wp\/v2\/categories?post=157072"},{"taxonomy":"post_tag","embeddable":true,"href":"https:\/\/www.europesays.com\/pl\/wp-json\/wp\/v2\/tags?post=157072"}],"curies":[{"name":"wp","href":"https:\/\/api.w.org\/{rel}","templated":true}]}}