{"id":157080,"date":"2025-12-18T00:58:13","date_gmt":"2025-12-18T00:58:13","guid":{"rendered":"https:\/\/www.europesays.com\/pl\/157080\/"},"modified":"2025-12-18T00:58:13","modified_gmt":"2025-12-18T00:58:13","slug":"malo-kto-wie-kim-jest-ojciec-filipa-plawiaka-dziala-w-polityce","status":"publish","type":"post","link":"https:\/\/www.europesays.com\/pl\/157080\/","title":{"rendered":"Ma\u0142o kto wie, kim jest ojciec Filipa P\u0142awiaka. Dzia\u0142a w polityce"},"content":{"rendered":"<p class=\"Paragraph_desktopParagraph__U31Gm\"><a href=\"https:\/\/plejada.pl\/temat\/filip-plawiak\" id=\"465f67d3-75cd-4f30-b95c-5584a24fbdb5\" rel=\"nofollow noopener\" target=\"_blank\">Filip P\u0142awiak<\/a>, aktor znany z r\u00f3l w popularnych produkcjach, nie jest jedynym rozpoznawalnym cz\u0142onkiem swojej rodziny w powiecie nowos\u0105deckim. Tam bowiem od lat du\u017cym autorytetem cieszy si\u0119 jego ojciec, Marek P\u0142awiak, kt\u00f3ry od dawna anga\u017cuje si\u0119 w \u017cycie lokalnej spo\u0142eczno\u015bci. P\u0142awiak senior to nauczyciel, by\u0142y dyrektor Szko\u0142y Podstawowej w \u017bbikowicach, a tak\u017ce by\u0142y starosta nowos\u0105decki. Obecnie pe\u0142ni funkcj\u0119 radnego i regionalnego pe\u0142nomocnika Prawa i Sprawiedliwo\u015bci.<\/p>\n<ul class=\"OchatFollowUps_wrapper__1ry7X\">\n<li class=\"OchatFollowUps_item__Dhyly OchatFollowUps_itemDesktop__R6aBv\">Kim jest ojciec Filipa P\u0142awiaka?<\/li>\n<li class=\"OchatFollowUps_item__Dhyly OchatFollowUps_itemDesktop__R6aBv\">Czym zajmuje si\u0119 Marek P\u0142awiak?<\/li>\n<li class=\"OchatFollowUps_item__Dhyly OchatFollowUps_itemDesktop__R6aBv\">Jakie pogl\u0105dy polityczne ma Filip P\u0142awiak?<\/li>\n<li class=\"OchatFollowUps_item__Dhyly OchatFollowUps_itemDesktop__R6aBv\">Co m\u00f3wi\u0105 o sobie Filip i jego ojciec w kontek\u015bcie polityki?<\/li>\n<\/ul>\n<p>Ma\u0142o kto o tym wie. Ojciec Filipa P\u0142awiaka jest politykiem <\/p>\n<p class=\"Paragraph_desktopParagraph__U31Gm\"><a href=\"https:\/\/plejada.pl\/newsy\/filip-plawiak-ma-ojca-w-pis-zdradzil-jakie-maja-relacje\/ckjt8rv\" id=\"6541c1c2-e50e-48cc-b3e1-91e74befe4fa\" rel=\"nofollow noopener\" target=\"_blank\">W podca\u015bcie &#8222;Wojew\u00f3dzkiK\u0119dzierski&#8221;<\/a> Filip P\u0142awiak przyzna\u0142, \u017ce chocia\u017c nie podziela pogl\u0105d\u00f3w politycznych ojca, jest z niego dumny. Aktor podkre\u015bli\u0142, \u017ce r\u00f3\u017cnice \u015bwiatopogl\u0105dowe nie wp\u0142ywaj\u0105 na ich relacje rodzinne i \u017ce potrafi\u0105 ze sob\u0105 rozmawia\u0107, unikaj\u0105c temat\u00f3w politycznych.<\/p>\n<blockquote>\n<p class=\"Paragraph_desktopParagraph__U31Gm\">Tata jest samorz\u0105dowcem, bardzo du\u017co robi dla regionu i, cho\u0107 wola\u0142bym, \u017ceby robi\u0142 to z ramienia innej partii, jestem z niego dumny<\/p>\n<\/blockquote>\n<p class=\"Paragraph_desktopParagraph__U31Gm\">\u2014 wyzna\u0142 aktor i doda\u0142:<\/p>\n<p class=\"Paragraph_desktopParagraph__U31Gm\">&#8222;Na szcz\u0119\u015bcie r\u00f3\u017cnica w pogl\u0105dach to nie jest co\u015b, co mo\u017ce nas por\u00f3\u017cni\u0107. Gdy si\u0119 spotykamy, potrafimy ze sob\u0105 rozmawia\u0107, ale nie rozmawiamy o polityce&#8221;.<\/p>\n<p class=\"Paragraph_desktopParagraph__U31Gm\">Filip P\u0142awiak wielokrotnie podkre\u015bla\u0142, \u017ce ojciec jest dla niego wzorem si\u0142y i wytrwa\u0142o\u015bci. W wywiadzie dla &#8222;Zwierciad\u0142a&#8221; aktor wspomina\u0142, \u017ce Marek P\u0142awiak przeszed\u0142 dwie transplantacje nerek, a mimo to zawsze znajdowa\u0142 czas dla syna, wspieraj\u0105c go w dzieci\u0119cych pasjach.<\/p>\n<p class=\"Paragraph_desktopParagraph__U31Gm\">&#8222;Prze\u017cy\u0142 dwie transplantacje nerek, \u017cycie nie\u017ale da\u0142o mu w ko\u015b\u0107. Mimo to zawsze mia\u0142 dla mnie czas. Kiedy w dzieci\u0144stwie trenowa\u0142em karate, przez kilka lat wozi\u0142 mnie trzy razy w tygodniu na zaj\u0119cia do oddalonego od naszego domu o 20 km o\u015brodka sportowego. Wspiera\u0142 mnie w moich pasjach, nigdy mnie nie zawi\u00f3d\u0142&#8221; \u2014 opowiada\u0142.<\/p>\n<p class=\"Paragraph_desktopParagraph__U31Gm\">Dzi\u015b to aktor wspiera ojca oraz innych ludzi, kt\u00f3rzy \u017cyj\u0105 dzi\u0119ki przeszczepom, uczestnicz\u0105c w &#8222;Biegu Po Nowe \u017bycie&#8221;, promuj\u0105cym ide\u0119 transplantologii.<\/p>\n<p class=\"Paragraph_desktopParagraph__U31Gm\">Filip P\u0142awiak podkre\u015bla, \u017ce to rodzina da\u0142a mu &#8222;superdzieci\u0144stwo&#8221; i dobry start w doros\u0142o\u015b\u0107. Aktor ch\u0119tnie wraca w rodzinne strony, gdzie \u2014 jak sam m\u00f3wi \u2014 najlepiej odpoczywa i \u0142aduje akumulatory.<\/p>\n<p><img decoding=\"async\" class=\"Image_image__0tuHp Image_autoHeight__f2n87 \" height=\"587\" width=\"391\" src=\"https:\/\/www.europesays.com\/pl\/wp-content\/uploads\/2025\/12\/4vQk9kpTURBXy8wZTQ5MDA5Y2YxNDQ0MDdiMjJkYWRlYjZmMDg3MWNiZi5qcGeSlQLNA6wAwsOVAgDNAkvCw94AA6EwAaExAaEzw.jpeg\" alt=\"Filip P\u0142awiak\" loading=\"lazy\" \/>Kleta Agencja:\tBEW NEWS \/ Agencja BE&amp;W<\/p>\n<p>Filip P\u0142awiak<\/p>\n<p class=\"Paragraph_desktopParagraph__U31Gm\">Dzi\u0119kujemy, \u017ce przeczyta\u0142a\u015b\/e\u015b nasz artyku\u0142 do ko\u0144ca. W serwisie Plejada.pl ka\u017cdego dnia piszemy o najwa\u017cniejszych wydarzeniach show-biznesowych. B\u0105d\u017a na bie\u017c\u0105co! <a rel=\"nofollow noopener\" href=\"https:\/\/profile.google.com\/cp\/Cg0vZy8xMWJ6X19wdHBx\" id=\"5abc70c9-d5f9-4c6e-a543-35acd599b11b\" target=\"_blank\">Obserwuj<\/a> Plejad\u0119 w Wiadomo\u015bciach Google. Odwied\u017a nas tak\u017ce na <a rel=\"nofollow noopener\" href=\"https:\/\/www.facebook.com\/plejadapl\" id=\"10928d8b-f837-44e0-b1de-48a8a186d468\" target=\"_blank\">Facebooku<\/a>, <a rel=\"nofollow noopener\" href=\"https:\/\/www.instagram.com\/plejadapl\/\" id=\"f928bf32-90af-468b-a66a-792a91210e19\" target=\"_blank\">Instagramie<\/a>, <a rel=\"nofollow noopener\" href=\"https:\/\/www.youtube.com\/c\/plejada\" id=\"6849f012-4476-4c16-a706-676692b02cd0\" target=\"_blank\">YouTube<\/a> oraz <a rel=\"nofollow noopener\" href=\"https:\/\/www.tiktok.com\/@plejada_pl\" id=\"874f1b96-cdbe-4c90-b155-7ae9a3284d0b\" target=\"_blank\">TikToku<\/a>.<\/p>\n<p class=\"Paragraph_desktopParagraph__U31Gm\">Chcesz podzieli\u0107 si\u0119 ciekawym newsem lub zaproponowa\u0107 temat? Skontaktuj si\u0119 z nami, pisz\u0105c e-maila na adres: <a href=\"https:\/\/www.onet.pl\/styl-zycia\/plejada\/malo-kto-wie-kim-jest-ojciec-filipa-plawiaka-dziala-w-polityce\/mailto:plejada@redakcjaonet.pl\" id=\"f59f4428-626e-4ee6-9b66-06055935f9cd\" rel=\"nofollow noopener\" target=\"_blank\">plejada@redakcjaonet.pl<\/a>.<\/p>\n<p><script async src=\"\/\/www.instagram.com\/embed.js\"><\/script><script async src=\"\/\/www.tiktok.com\/embed.js\"><\/script><\/p>\n","protected":false},"excerpt":{"rendered":"Filip P\u0142awiak, aktor znany z r\u00f3l w popularnych produkcjach, nie jest jedynym rozpoznawalnym cz\u0142onkiem swojej rodziny w powiecie&hellip;\n","protected":false},"author":2,"featured_media":157081,"comment_status":"","ping_status":"","sticky":false,"template":"","format":"standard","meta":{"footnotes":""},"categories":[22],"tags":[122,31282,67,261,53,52,68,51,55,42,38,40,39,41,123,47,65,50],"class_list":{"0":"post-157080","1":"post","2":"type-post","3":"status-publish","4":"format-standard","5":"has-post-thumbnail","7":"category-rozrywka","8":"tag-entertainment","9":"tag-filip_plawiak","10":"tag-intextvideo_splayer","11":"tag-kultura","12":"tag-new_header","13":"tag-onet3","14":"tag-onet3d","15":"tag-onet3d_2i","16":"tag-phx","17":"tag-pl","18":"tag-poland","19":"tag-polish","20":"tag-polska","21":"tag-polski","22":"tag-rozrywka","23":"tag-screening_general","24":"tag-update_me","25":"tag-v2021"},"share_on_mastodon":{"url":"https:\/\/pubeurope.com\/@pl\/115737861132257348","error":""},"_links":{"self":[{"href":"https:\/\/www.europesays.com\/pl\/wp-json\/wp\/v2\/posts\/157080","targetHints":{"allow":["GET"]}}],"collection":[{"href":"https:\/\/www.europesays.com\/pl\/wp-json\/wp\/v2\/posts"}],"about":[{"href":"https:\/\/www.europesays.com\/pl\/wp-json\/wp\/v2\/types\/post"}],"author":[{"embeddable":true,"href":"https:\/\/www.europesays.com\/pl\/wp-json\/wp\/v2\/users\/2"}],"replies":[{"embeddable":true,"href":"https:\/\/www.europesays.com\/pl\/wp-json\/wp\/v2\/comments?post=157080"}],"version-history":[{"count":0,"href":"https:\/\/www.europesays.com\/pl\/wp-json\/wp\/v2\/posts\/157080\/revisions"}],"wp:featuredmedia":[{"embeddable":true,"href":"https:\/\/www.europesays.com\/pl\/wp-json\/wp\/v2\/media\/157081"}],"wp:attachment":[{"href":"https:\/\/www.europesays.com\/pl\/wp-json\/wp\/v2\/media?parent=157080"}],"wp:term":[{"taxonomy":"category","embeddable":true,"href":"https:\/\/www.europesays.com\/pl\/wp-json\/wp\/v2\/categories?post=157080"},{"taxonomy":"post_tag","embeddable":true,"href":"https:\/\/www.europesays.com\/pl\/wp-json\/wp\/v2\/tags?post=157080"}],"curies":[{"name":"wp","href":"https:\/\/api.w.org\/{rel}","templated":true}]}}