{"id":157092,"date":"2025-12-18T01:05:19","date_gmt":"2025-12-18T01:05:19","guid":{"rendered":"https:\/\/www.europesays.com\/pl\/157092\/"},"modified":"2025-12-18T01:05:19","modified_gmt":"2025-12-18T01:05:19","slug":"anita-ze-slubu-od-pierwszego-wejrzenia-chciala-odwolac-slub-miewalam-takie-dni-2","status":"publish","type":"post","link":"https:\/\/www.europesays.com\/pl\/157092\/","title":{"rendered":"Anita ze &#8222;\u015alubu od pierwszego wejrzenia&#8221; chcia\u0142a odwo\u0142a\u0107 \u015blub. &#8222;Miewa\u0142am takie dni&#8221;"},"content":{"rendered":"<p class=\"Paragraph_desktopParagraph__U31Gm\"><a href=\"https:\/\/plejada.pl\/temat\/anita-szydlowska\" id=\"4f63ce5f-6287-4b49-a382-e6b5313c956b\" rel=\"nofollow noopener\" target=\"_blank\">Anita Szyd\u0142owska<\/a> i Adrian Szymaniak poznali si\u0119 dzi\u0119ki programowi &#8222;\u015alub od pierwszego wejrzenia&#8221;. Ich mi\u0142o\u015b\u0107 trwa do dzi\u015b i mimo r\u00f3\u017cnych przeciwno\u015bci losu, jak choroba Adriana, nie poddaj\u0105 si\u0119 i pokazuj\u0105, \u017ce warto walczy\u0107. Para 12 grudnia \u2014 dok\u0142adnie w dniu urodzin Anity \u2014 powiedzia\u0142a sobie sakramentalne &#8222;tak&#8221;, rozpoczynaj\u0105c nowy etap wsp\u00f3lnej drogi.<\/p>\n<ul class=\"OchatFollowUps_wrapper__1ry7X\">\n<li class=\"OchatFollowUps_item__Dhyly OchatFollowUps_itemDesktop__R6aBv\">Kiedy odby\u0142 si\u0119 \u015blub Anity i Adriana?<\/li>\n<li class=\"OchatFollowUps_item__Dhyly OchatFollowUps_itemDesktop__R6aBv\">Dlaczego Anita my\u015bla\u0142a o odwo\u0142aniu \u015blubu?<\/li>\n<li class=\"OchatFollowUps_item__Dhyly OchatFollowUps_itemDesktop__R6aBv\">Jakie wyzwania mieli Anita i Adrian przed \u015blubem?<\/li>\n<li class=\"OchatFollowUps_item__Dhyly OchatFollowUps_itemDesktop__R6aBv\">Gdzie odby\u0142a si\u0119 ceremonia \u015blubna Anity i Adriana?<\/li>\n<\/ul>\n<p>Anita ze &#8222;\u015alubu od pierwszego wejrzenia&#8221; na miesi\u0105c przed chcia\u0142a odwo\u0142a\u0107 \u015blub. &#8222;Prosi\u0142am&#8221; <\/p>\n<p class=\"Paragraph_desktopParagraph__U31Gm\">\u015alub mia\u0142a kameralny charakter i odby\u0142a si\u0119 w malowniczej kapliczce w Szczecinie. Po z\u0142o\u017ceniu przysi\u0119gi nowo\u017ce\u0144cy wraz z go\u015b\u0107mi przenie\u015bli si\u0119 do eleganckiego dworku nad Jeziorem Szmaragdowym, po\u0142o\u017conego w sercu Puszczy Bukowej.<\/p>\n<p class=\"Paragraph_desktopParagraph__U31Gm\">Teraz Anita Szyd\u0142owska zabra\u0142a g\u0142os na Instagramie, gdzie zdradzi\u0142a, \u017ce na miesi\u0105c przed ceremoni\u0105 my\u015bla\u0142a o jej odwo\u0142aniu.<\/p>\n<p class=\"Paragraph_desktopParagraph__U31Gm\">&#8222;12.12 by\u0142 dla nas dniem i noc\u0105 cud\u00f3w \u2014 takich, kt\u00f3re rodz\u0105 si\u0119 w sercach&#8230; Pierwszym z nich by\u0142 sam Adrian. Miesi\u0105c wcze\u015bniej miewa\u0142am dni, kiedy prosi\u0142am, \u017ceby\u015bmy to wszystko odwo\u0142ali, \u017ce najwa\u017cniejsze jest zdrowie. Adrian przechodzi\u0142 wtedy gorsze dni podczas radio i chemioterapii, ale nigdy nie zw\u0105tpi\u0142 w to, \u017ce chce, aby \u015blub si\u0119 odby\u0142 i by\u0142 przekonany, \u017ce da rad\u0119. W obliczu druzgoc\u0105cej diagnozy, jak\u0105 jest glejak m\u00f3zgu, wiele os\u00f3b za\u0142amuje si\u0119 i podupada psychicznie, ale nie on. Mierzy si\u0119 z nim i zamiast si\u0119 za\u0142ama\u0107, pokazuje innym nadziej\u0119 i daje przyk\u0142ad si\u0142y, \u017ce b\u0119d\u0105c chorym, mo\u017cesz spe\u0142nia\u0107 marzenia&#8221; \u2014 zacz\u0119\u0142a.<\/p>\n<p class=\"Paragraph_desktopParagraph__U31Gm\">Anita zwr\u00f3ci\u0142a si\u0119 do wszystkich os\u00f3b, kt\u00f3re pomog\u0142y jej w organizacji \u015blubu.<\/p>\n<p class=\"Paragraph_desktopParagraph__U31Gm\">&#8222;Drugi cud to atmosfera, bo nawet najpi\u0119kniejsza sala ociekaj\u0105ca z\u0142otem by\u0142aby pusta, gdyby nie wype\u0142ni\u0142a jej mi\u0142o\u015b\u0107, przyja\u017a\u0144, rodzina. Ta energia, kt\u00f3ra by\u0142a z nami dodaje skrzyde\u0142 ka\u017cdego dnia. Kolejnym cudem byli wszyscy ludzie, kt\u00f3rzy postanowili spe\u0142ni\u0107 dla nas to marzenie. Przysi\u0119gam, \u017ce nie \u015bnili\u015bmy nawet o takim wydarzeniu i kiedy po emisji \u00bbDzie\u0144 dobry TVN\u00ab napisa\u0142a do nas Oliwia, ze s\u0142owami, \u017ce poczu\u0142a w sercu, \u017ce musi dla nas by\u0107, ogarn\u0119\u0142o nas niesamowite ciep\u0142o. W \u015blad za ni\u0105 posz\u0142o mn\u00f3stwo innych os\u00f3b, kt\u00f3re na co dzie\u0144 zajmuj\u0105 si\u0119 weselami i ka\u017cdy dok\u0142ada\u0142 swoj\u0105 cegie\u0142k\u0119. Dzi\u015b nie da\u0142abym rady wymieni\u0107 ka\u017cdego, ale nie mogli\u015bmy opanowa\u0107 \u0142ez wzruszenia, nie dowierzaj\u0105c, ile os\u00f3b jest dla nas, bo uwierzyli w nasz\u0105 mi\u0142o\u015b\u0107&#8230; tak\u0105 zwyczajnie \u2014 niezwyczajn\u0105&#8221; \u2014 doda\u0142a.<\/p>\n<p class=\"Paragraph_desktopParagraph__U31Gm\">Bohaterka &#8222;\u015alubu od pierwszego wejrzenia&#8221; odnios\u0142a si\u0119 te\u017c do przykrych komentarzy, kt\u00f3re dotyczy\u0142y imprezy.<\/p>\n<p class=\"Paragraph_desktopParagraph__U31Gm\">&#8222;Tym bardziej ogromnie przykro mi, gdy czytam brak zrozumienia i s\u0142owa, na kt\u00f3re te osoby nie zas\u0142uguj\u0105, bo zrobi\u0142y to, co potrafi\u0105 najlepiej, tak aby\u015bmy mogli spe\u0142ni\u0107 marzenie, a jednocze\u015bnie nie wyp\u0142aca\u0107 tak potrzebnych za chwil\u0119 pieni\u0119dzy ze zbi\u00f3rki. Wiemy, \u017ce nie ka\u017cdy jest w stanie w to uwierzy\u0107, ale \u00bbludzi dobrej woli jest naprawd\u0119 wi\u0119cej&#8230;&#8221; \u2014 napisa\u0142a.<\/p>\n<blockquote>\n<p class=\"Paragraph_desktopParagraph__U31Gm\">\u015alub z obc\u0105 osob\u0105 zako\u0144czy\u0142 si\u0119 \u015blubem z osob\u0105, kt\u00f3r\u0105 kochamy nad \u017cycie. To wszystko zostanie z nami na zawsze, a niech to \u015bwiat\u0142o, kt\u00f3re wtedy si\u0119 pojawi\u0142o, sprawi, \u017ce da si\u0119 odwr\u00f3ci\u0107 ten los<\/p>\n<\/blockquote>\n<p class=\"Paragraph_desktopParagraph__U31Gm\">\u2014 zako\u0144czy\u0142a sw\u00f3j obszerny wpis.<\/p>\n<p class=\"Paragraph_desktopParagraph__U31Gm\">Dzi\u0119kujemy, \u017ce przeczyta\u0142a\u015b\/e\u015b nasz artyku\u0142 do ko\u0144ca. W serwisie Plejada.pl ka\u017cdego dnia piszemy o najwa\u017cniejszych wydarzeniach show-biznesowych. B\u0105d\u017a na bie\u017c\u0105co! <a rel=\"nofollow noopener\" href=\"https:\/\/profile.google.com\/cp\/Cg0vZy8xMWJ6X19wdHBx\" id=\"bda19991-8993-4220-bc1f-a5002997d15b\" target=\"_blank\">Obserwuj<\/a> Plejad\u0119 w Wiadomo\u015bciach Google. Odwied\u017a nas tak\u017ce na <a rel=\"nofollow noopener\" href=\"https:\/\/www.facebook.com\/plejadapl\" id=\"4a56bca0-9194-4593-aa01-40a61a242510\" target=\"_blank\">Facebooku<\/a>, <a rel=\"nofollow noopener\" href=\"https:\/\/www.instagram.com\/plejadapl\/\" id=\"33025546-711b-4ca7-a93f-4100060248a8\" target=\"_blank\">Instagramie<\/a>, <a rel=\"nofollow noopener\" href=\"https:\/\/www.youtube.com\/c\/plejada\" id=\"80802655-b450-4374-b4b9-5553c660cbe9\" target=\"_blank\">YouTube<\/a> oraz <a rel=\"nofollow noopener\" href=\"https:\/\/www.tiktok.com\/@plejada_pl\" id=\"6a1321ee-53d3-4cf5-b675-0fff58ead776\" target=\"_blank\">TikToku<\/a>.<\/p>\n<p class=\"Paragraph_desktopParagraph__U31Gm\">Chcesz podzieli\u0107 si\u0119 ciekawym newsem lub zaproponowa\u0107 temat? Skontaktuj si\u0119 z nami, pisz\u0105c e-maila na adres: <a href=\"https:\/\/www.onet.pl\/styl-zycia\/plejada\/anita-ze-slubu-od-pierwszego-wejrzenia-chciala-odwolac-slub-miewalam-takie-dni\/mailto:plejada@redakcjaonet.pl\" id=\"25b82b05-8a2b-4de5-844e-b1cde6edf5c3\" rel=\"nofollow noopener\" target=\"_blank\">plejada@redakcjaonet.pl<\/a>.<\/p>\n<p><script async src=\"\/\/www.instagram.com\/embed.js\"><\/script><script async src=\"\/\/www.tiktok.com\/embed.js\"><\/script><\/p>\n","protected":false},"excerpt":{"rendered":"Anita Szyd\u0142owska i Adrian Szymaniak poznali si\u0119 dzi\u0119ki programowi &#8222;\u015alub od pierwszego wejrzenia&#8221;. Ich mi\u0142o\u015b\u0107 trwa do dzi\u015b&hellip;\n","protected":false},"author":2,"featured_media":157093,"comment_status":"","ping_status":"","sticky":false,"template":"","format":"standard","meta":{"footnotes":""},"categories":[22],"tags":[5589,5623,122,67,53,52,68,51,55,42,38,40,39,41,123,47,4767,196,65,50],"class_list":{"0":"post-157092","1":"post","2":"type-post","3":"status-publish","4":"format-standard","5":"has-post-thumbnail","7":"category-rozrywka","8":"tag-adrian_szymaniak","9":"tag-anita_szydlowska","10":"tag-entertainment","11":"tag-intextvideo_splayer","12":"tag-new_header","13":"tag-onet3","14":"tag-onet3d","15":"tag-onet3d_2i","16":"tag-phx","17":"tag-pl","18":"tag-poland","19":"tag-polish","20":"tag-polska","21":"tag-polski","22":"tag-rozrywka","23":"tag-screening_general","24":"tag-slub_od_pierwszego_wejrzenia","25":"tag-styl_zycia","26":"tag-update_me","27":"tag-v2021"},"share_on_mastodon":{"url":"https:\/\/pubeurope.com\/@pl\/115737888414866497","error":""},"_links":{"self":[{"href":"https:\/\/www.europesays.com\/pl\/wp-json\/wp\/v2\/posts\/157092","targetHints":{"allow":["GET"]}}],"collection":[{"href":"https:\/\/www.europesays.com\/pl\/wp-json\/wp\/v2\/posts"}],"about":[{"href":"https:\/\/www.europesays.com\/pl\/wp-json\/wp\/v2\/types\/post"}],"author":[{"embeddable":true,"href":"https:\/\/www.europesays.com\/pl\/wp-json\/wp\/v2\/users\/2"}],"replies":[{"embeddable":true,"href":"https:\/\/www.europesays.com\/pl\/wp-json\/wp\/v2\/comments?post=157092"}],"version-history":[{"count":0,"href":"https:\/\/www.europesays.com\/pl\/wp-json\/wp\/v2\/posts\/157092\/revisions"}],"wp:featuredmedia":[{"embeddable":true,"href":"https:\/\/www.europesays.com\/pl\/wp-json\/wp\/v2\/media\/157093"}],"wp:attachment":[{"href":"https:\/\/www.europesays.com\/pl\/wp-json\/wp\/v2\/media?parent=157092"}],"wp:term":[{"taxonomy":"category","embeddable":true,"href":"https:\/\/www.europesays.com\/pl\/wp-json\/wp\/v2\/categories?post=157092"},{"taxonomy":"post_tag","embeddable":true,"href":"https:\/\/www.europesays.com\/pl\/wp-json\/wp\/v2\/tags?post=157092"}],"curies":[{"name":"wp","href":"https:\/\/api.w.org\/{rel}","templated":true}]}}