{"id":157094,"date":"2025-12-18T01:06:15","date_gmt":"2025-12-18T01:06:15","guid":{"rendered":"https:\/\/www.europesays.com\/pl\/157094\/"},"modified":"2025-12-18T01:06:15","modified_gmt":"2025-12-18T01:06:15","slug":"wycena-cd-projektu-w-gore-ale-rekomendacja-w-dol-puls-biznesu","status":"publish","type":"post","link":"https:\/\/www.europesays.com\/pl\/157094\/","title":{"rendered":"Wycena CD Projektu w g\u00f3r\u0119, ale rekomendacja w d\u00f3\u0142 &#8211; Puls Biznesu"},"content":{"rendered":"<p>opublikowano:\u00a02025-12-17 09:27<\/p>\n<p class=\"o-article__lead\">Mateusz Chrzanowski, analityk Noble Securities, obni\u017cy\u0142 z &#8222;kupuj&#8221; do &#8222;akumuluj&#8221; rekomendacj\u0119 dla akcji CD Projektu. Cen\u0119 docelow\u0105 podni\u00f3s\u0142 jednak z 223 do 283 z\u0142.<\/p>\n<p>Pos\u0142uchaj<\/p>\n<p><img decoding=\"async\" class=\"a-image__img\" src=\"https:\/\/www.europesays.com\/pl\/wp-content\/uploads\/2025\/09\/speaker.png\" loading=\"lazy\" width=\"22\" height=\"22\" alt=\"Speaker icon\"\/><\/p>\n<p>Zosta\u0144 subskrybentem<\/p>\n<p>i s\u0142uchaj tego oraz wielu innych artyku\u0142\u00f3w w pb.pl<\/p>\n<p data-block-key=\"vmrm6\">Nap\u0142ywaj\u0105ce informacje o strukturze zatrudnienia i skali wydatk\u00f3w na nowe gry sk\u0142oni\u0142y analityka do podwy\u017cszenia prognoz oczekiwanych bud\u017cet\u00f3w gier oraz wyd\u0142u\u017cenia czasu produkcji.<\/p>\n<p data-block-key=\"botvj\">&#8222;Zarz\u0105d oficjalnie zaprzeczy\u0142, \u017ce premiera Wied\u017amina 4 mo\u017ce mie\u0107 miejsce przed 2027 r., wi\u0119c wyd\u0142u\u017cyli\u015bmy cykl produkcji o rok i obecnie oczekujemy premiery w 4Q27. Wyd\u0142u\u017cenie oraz struktura bie\u017c\u0105cych nak\u0142ad\u00f3w na prace rozwojowe sk\u0142oni\u0142y nas do podwy\u017cszenia zak\u0142adanego bud\u017cetu gry do 1,4 mld z\u0142 (i drugie tyle na marketing). Bior\u0105c jednak pod uwag\u0119, \u017ce kolejne cz\u0119\u015bci b\u0119d\u0105 mocno bazowa\u0107 na technologii W4 \u0142\u0105czny bud\u017cet trylogii wzr\u00f3s\u0142 z 2,1 do 3,2 mld. Mo\u017cliwe s\u0105 te\u017c efekty synergii kampanii marketingowych, wynikaj\u0105ce z koncentracji premier. Zarz\u0105d chce wyda\u0107 ca\u0142\u0105 now\u0105 trylogi\u0105 w ci\u0105gu 6 lat) oraz rozpoznawalno\u015bci marki, kt\u00f3re skutkowa\u0142yby ni\u017cszymi kosztami sprzeda\u017cy wzgl\u0119dem modelu opartego o wydatki na CP77&#8221; &#8211; napisa\u0142 Mateusz Chrzanowski w raporcie z 16 grudnia.<\/p>\n<p data-block-key=\"bl3pr\">Specjalista podwy\u017cszy\u0142 domy\u015bln\u0105 cen\u0119 przysz\u0142ych gier na 80 USD oraz doda\u0142 do prognoz sprzeda\u017c 11 mln kopii spodziewanego w 2026 r. DLC do Wied\u017amina 3. Ponadto korzystniejszy kalendarz debiut\u00f3w i wy\u017csze mno\u017cniki dla bran\u017cy poskutkowa\u0142y wyra\u017anym wzrostem wyceny por\u00f3wnawczej.<\/p>\n<p data-block-key=\"eu4j6\">Zastrze\u017cenia prawne zwi\u0105zane z raportem znajduj\u0105 si\u0119 w za\u0142\u0105czniku.<\/p>\n<p>    <a class=\"o-article-attachment__anchor\" href=\"https:\/\/images.pb.pl\/static\/2025\/EJq5isqPs7-cdr-noblesec-1225-discl.pdf\" target=\"_blank\" rel=\"nofollow noopener\"><\/p>\n<p>\n            Zastrze\u017cenia prawne Noble Securities<\/p>\n<p>    <\/a><\/p>\n","protected":false},"excerpt":{"rendered":"opublikowano:\u00a02025-12-17 09:27 Mateusz Chrzanowski, analityk Noble Securities, obni\u017cy\u0142 z &#8222;kupuj&#8221; do &#8222;akumuluj&#8221; rekomendacj\u0119 dla akcji CD Projektu. Cen\u0119&hellip;\n","protected":false},"author":2,"featured_media":157095,"comment_status":"","ping_status":"","sticky":false,"template":"","format":"standard","meta":{"footnotes":""},"categories":[20],"tags":[120,118,119,42,38,40,39,41,116,114,115,121,117],"class_list":{"0":"post-157094","1":"post","2":"type-post","3":"status-publish","4":"format-standard","5":"has-post-thumbnail","7":"category-nauka-i-technika","8":"tag-nauka","9":"tag-nauka-i-technika","10":"tag-naukatechnika","11":"tag-pl","12":"tag-poland","13":"tag-polish","14":"tag-polska","15":"tag-polski","16":"tag-science","17":"tag-science-and-technology","18":"tag-sciencetechnology","19":"tag-technika","20":"tag-technology"},"share_on_mastodon":{"url":"https:\/\/pubeurope.com\/@pl\/115737892435073930","error":""},"_links":{"self":[{"href":"https:\/\/www.europesays.com\/pl\/wp-json\/wp\/v2\/posts\/157094","targetHints":{"allow":["GET"]}}],"collection":[{"href":"https:\/\/www.europesays.com\/pl\/wp-json\/wp\/v2\/posts"}],"about":[{"href":"https:\/\/www.europesays.com\/pl\/wp-json\/wp\/v2\/types\/post"}],"author":[{"embeddable":true,"href":"https:\/\/www.europesays.com\/pl\/wp-json\/wp\/v2\/users\/2"}],"replies":[{"embeddable":true,"href":"https:\/\/www.europesays.com\/pl\/wp-json\/wp\/v2\/comments?post=157094"}],"version-history":[{"count":0,"href":"https:\/\/www.europesays.com\/pl\/wp-json\/wp\/v2\/posts\/157094\/revisions"}],"wp:featuredmedia":[{"embeddable":true,"href":"https:\/\/www.europesays.com\/pl\/wp-json\/wp\/v2\/media\/157095"}],"wp:attachment":[{"href":"https:\/\/www.europesays.com\/pl\/wp-json\/wp\/v2\/media?parent=157094"}],"wp:term":[{"taxonomy":"category","embeddable":true,"href":"https:\/\/www.europesays.com\/pl\/wp-json\/wp\/v2\/categories?post=157094"},{"taxonomy":"post_tag","embeddable":true,"href":"https:\/\/www.europesays.com\/pl\/wp-json\/wp\/v2\/tags?post=157094"}],"curies":[{"name":"wp","href":"https:\/\/api.w.org\/{rel}","templated":true}]}}