{"id":157213,"date":"2025-12-18T04:05:32","date_gmt":"2025-12-18T04:05:32","guid":{"rendered":"https:\/\/www.europesays.com\/pl\/157213\/"},"modified":"2025-12-18T04:05:32","modified_gmt":"2025-12-18T04:05:32","slug":"donald-trump-rozszerza-zakaz-wjazdu-do-usa-nowe-kraje-na-czarnej-liscie","status":"publish","type":"post","link":"https:\/\/www.europesays.com\/pl\/157213\/","title":{"rendered":"Donald Trump rozszerza zakaz wjazdu do USA. Nowe kraje na czarnej li\u015bcie"},"content":{"rendered":"<p class=\"Paragraph_desktopParagraph__U31Gm\">Wed\u0142ug proklamacji opublikowanej przez Bia\u0142y Dom, do dotychczasowej listy 19 kraj\u00f3w, kt\u00f3rych obywatele byli obj\u0119ci pe\u0142nym lub cz\u0119\u015bciowym zakazem podr\u00f3\u017cy do USA dosz\u0142o siedem pa\u0144stw z pe\u0142nym zakazem oraz 15 kolejnych z cz\u0119\u015bciowymi restrykcjami, kt\u00f3re zale\u017c\u0105 m.in. od typu wiz.<\/p>\n<p class=\"VideoPlayerText_videoPlayerText__iDwyz\">Dalszy ci\u0105g materia\u0142u pod wideo<\/p>\n<p class=\"Paragraph_desktopParagraph__U31Gm\">W pierwszej kategorii znalaz\u0142a si\u0119 m.in. Syria \u2014 mimo dobrych stosunk\u00f3w nowego syryjskiego prezydenta z Trumpem \u2014 za\u015b w drugiej kategorii znalaz\u0142a si\u0119 m.in. Nigeria, kt\u00f3r\u0105 Trump oskar\u017ca\u0142 o przyzwolenie na ataki na chrze\u015bcijan.<\/p>\n<ul class=\"OchatFollowUps_wrapper__1ry7X\">\n<li class=\"OchatFollowUps_item__Dhyly OchatFollowUps_itemDesktop__R6aBv\">Jakie nowe kraje zosta\u0142y dodane do czarnej listy?<\/li>\n<li class=\"OchatFollowUps_item__Dhyly OchatFollowUps_itemDesktop__R6aBv\">Kiedy wchodz\u0105 w \u017cycie nowe restrykcje?<\/li>\n<li class=\"OchatFollowUps_item__Dhyly OchatFollowUps_itemDesktop__R6aBv\">Jakie s\u0105 powody wprowadzenia nowych zakaz\u00f3w?<\/li>\n<li class=\"OchatFollowUps_item__Dhyly OchatFollowUps_itemDesktop__R6aBv\">Kto jest obj\u0119ty ca\u0142kowitym zakazem wjazdu do USA?<\/li>\n<\/ul>\n<p class=\"Paragraph_desktopParagraph__U31Gm\">Zmiany wchodz\u0105 w \u017cycie od 1 stycznia. Jako pow\u00f3d nowych restrykcji i pozostawienia tych wcze\u015bniej na\u0142o\u017conych podawano m.in. nieadekwatne bazy danych obywateli tych pa\u0144stw, s\u0142abe procedury bezpiecze\u0144stwa dotycz\u0105ce wydawania paszport\u00f3w, czy odsetek os\u00f3b pozostaj\u0105cych w USA po wyga\u015bni\u0119ciu wiz.<\/p>\n<p class=\"Paragraph_desktopParagraph__U31Gm\">Decyzja Trumpa jest cz\u0119\u015bciow\u0105 realizacj\u0105 jego obietnicy z\u0142o\u017conej po zamachu na \u017co\u0142nierzy Gwardii Narodowej przez imigranta z Afganistanu, by ca\u0142kowicie i na sta\u0142e powstrzyma\u0107 imigracj\u0119 os\u00f3b z &#8222;trzeciego \u015bwiata&#8221;.<\/p>\n<p class=\"Paragraph_desktopParagraph__U31Gm\">&#8222;Wi\u0119kszo\u015b\u0107 tych kraj\u00f3w (&#8230;) wykazuje op\u0142akane niedoci\u0105gni\u0119cia w zakresie kontroli, weryfikacji i udost\u0119pniania informacji. Przynajmniej w jednym kraju brakuje mechanizm\u00f3w w szpitalach, kt\u00f3re zapewnia\u0142yby zg\u0142aszanie urodze\u0144, a powszechna korupcja w po\u0142\u0105czeniu z og\u00f3lnym brakiem weryfikacji i s\u0142ab\u0105 dokumentacj\u0105 powoduje, \u017ce ka\u017cdy cudzoziemiec jest w stanie uzyska\u0107 dowolny dokument cywilny, szczeg\u00f3lnie je\u015bli dana osoba jest sk\u0142onna zap\u0142aci\u0107 lub zatrudni\u0107 osob\u0119 specjalizuj\u0105c\u0105 si\u0119 w pomaganiu w tego typu oszustwach&#8221; \u2014 napisano w dokumencie.<\/p>\n<p class=\"Paragraph_desktopParagraph__U31Gm\">W rezultacie nowych zmian niemal ca\u0142kowity zakaz wst\u0119pu do USA maj\u0105 obywatele 19 kraj\u00f3w: Afganistanu, Birmy, Burkiny Faso, Czadu, Republiki Konga, Gwinei R\u00f3wnikowej, Erytrei, Haiti, Iranu, Jemenu, Mali, Nigru, Laosu, Libii, Somalii, Sudanu, Sudanu Po\u0142udniowego i Syrii, a tak\u017ce Autonomii Palesty\u0144skiej.<\/p>\n<p class=\"Paragraph_desktopParagraph__U31Gm\">Cz\u0119\u015bciowe restrykcje obejmuj\u0105 Angol\u0119, Antigu\u0119 i Barbud\u0119, Benin, Burundi, Dominik\u0119, Gabon, Gambi\u0119, Kub\u0119, Malawi, Mauretani\u0119, Nigeri\u0119, Tanzani\u0119, Togo, Tonga, Turkmenistan, , Wenezuel\u0119, Wybrze\u017ce Ko\u015bci S\u0142oniowej, Zambi\u0119 i Zimbabwe.<\/p>\n","protected":false},"excerpt":{"rendered":"Wed\u0142ug proklamacji opublikowanej przez Bia\u0142y Dom, do dotychczasowej listy 19 kraj\u00f3w, kt\u00f3rych obywatele byli obj\u0119ci pe\u0142nym lub cz\u0119\u015bciowym&hellip;\n","protected":false},"author":2,"featured_media":157214,"comment_status":"","ping_status":"","sticky":false,"template":"","format":"standard","meta":{"footnotes":""},"categories":[14],"tags":[32,33,58,27,67,34,35,28,31,53,25,52,68,51,55,10421,40,41,47,59,80,29,30,50,26,82,83,84],"class_list":{"0":"post-157213","1":"post","2":"type-post","3":"status-publish","4":"format-standard","5":"has-post-thumbnail","7":"category-swiat","8":"tag-breaking-news","9":"tag-breakingnews","10":"tag-donald_trump_prezydent_usa","11":"tag-headlines","12":"tag-intextvideo_splayer","13":"tag-latest-news","14":"tag-latestnews","15":"tag-naglowki","16":"tag-najwazniejsze-artykuly","17":"tag-new_header","18":"tag-news","19":"tag-onet3","20":"tag-onet3d","21":"tag-onet3d_2i","22":"tag-phx","23":"tag-podroze_onet","24":"tag-polish","25":"tag-polski","26":"tag-screening_general","27":"tag-stany_zjednoczone_usa","28":"tag-swiat","29":"tag-top-stories","30":"tag-topstories","31":"tag-v2021","32":"tag-wiadomosci","33":"tag-world","34":"tag-world-news","35":"tag-worldnews"},"share_on_mastodon":{"url":"https:\/\/pubeurope.com\/@pl\/115738596016440315","error":""},"_links":{"self":[{"href":"https:\/\/www.europesays.com\/pl\/wp-json\/wp\/v2\/posts\/157213","targetHints":{"allow":["GET"]}}],"collection":[{"href":"https:\/\/www.europesays.com\/pl\/wp-json\/wp\/v2\/posts"}],"about":[{"href":"https:\/\/www.europesays.com\/pl\/wp-json\/wp\/v2\/types\/post"}],"author":[{"embeddable":true,"href":"https:\/\/www.europesays.com\/pl\/wp-json\/wp\/v2\/users\/2"}],"replies":[{"embeddable":true,"href":"https:\/\/www.europesays.com\/pl\/wp-json\/wp\/v2\/comments?post=157213"}],"version-history":[{"count":0,"href":"https:\/\/www.europesays.com\/pl\/wp-json\/wp\/v2\/posts\/157213\/revisions"}],"wp:featuredmedia":[{"embeddable":true,"href":"https:\/\/www.europesays.com\/pl\/wp-json\/wp\/v2\/media\/157214"}],"wp:attachment":[{"href":"https:\/\/www.europesays.com\/pl\/wp-json\/wp\/v2\/media?parent=157213"}],"wp:term":[{"taxonomy":"category","embeddable":true,"href":"https:\/\/www.europesays.com\/pl\/wp-json\/wp\/v2\/categories?post=157213"},{"taxonomy":"post_tag","embeddable":true,"href":"https:\/\/www.europesays.com\/pl\/wp-json\/wp\/v2\/tags?post=157213"}],"curies":[{"name":"wp","href":"https:\/\/api.w.org\/{rel}","templated":true}]}}