{"id":157215,"date":"2025-12-18T04:08:14","date_gmt":"2025-12-18T04:08:14","guid":{"rendered":"https:\/\/www.europesays.com\/pl\/157215\/"},"modified":"2025-12-18T04:08:14","modified_gmt":"2025-12-18T04:08:14","slug":"oskar-pietruszewski-laczony-z-gigantem-alez-doniesienia","status":"publish","type":"post","link":"https:\/\/www.europesays.com\/pl\/157215\/","title":{"rendered":"Oskar Pietruszewski \u0142\u0105czony z gigantem. Ale\u017c doniesienia"},"content":{"rendered":"\n<p class=\"contentpart contentpart--default contentpart--text\" data-position=\"0\">W ostatnich miesi\u0105cach <a href=\"https:\/\/sportowefakty.wp.pl\/pilka-nozna\/oskar-pietuszewski\" rel=\"nofollow noopener\" target=\"_blank\">Oskar Pietuszewski<\/a>\u00a0\u015bwietnie spisuje si\u0119 w meczach <a href=\"https:\/\/sportowefakty.wp.pl\/pilka-nozna\/jagiellonia-bialystok\" rel=\"nofollow noopener\" target=\"_blank\">Jagiellonii Bia\u0142ystok<\/a>\u00a0i reprezentacji Polski U-21. 17-letni skrzyd\u0142owy przyci\u0105gn\u0105\u0142 uwag\u0119 najwi\u0119kszych klub\u00f3w w Europie. Nasza redakcja ustali\u0142a, \u017ce<a href=\"https:\/\/sportowefakty.wp.pl\/pilka-nozna\/1224324\/trzeci-polak-w-barcelonie-pilkarz-jagiellonii-obserwowany\" rel=\"nofollow noopener\" target=\"_blank\"> podczas jednego z mecz\u00f3w Ligi Konferencji obserwowa\u0142 go skaut FC Barcelony<\/a>, a zainteresowanie nim mia\u0142y wykaza\u0107 tak\u017ce m.in. Manchester City czy Bayern Monachium.<\/p>\n<p class=\"contentpart contentpart--default contentpart--text\" data-position=\"1\">Dziennik &#8222;A Bola&#8221; poinformowa\u0142, \u017ce uwag\u0119 na Pietuszewskiego zwr\u00f3ci\u0142o tak\u017ce <a href=\"https:\/\/sportowefakty.wp.pl\/pilka-nozna\/fc-porto\" rel=\"nofollow noopener\" target=\"_blank\">FC Porto<\/a>, kt\u00f3re ma obserwowa\u0107 go od poprzedniego sezonu. Na razie jednak na tym poprzestano.<\/p>\n<p> <img role=\"presentation\" src=\"https:\/\/std.wpcdn.pl\/images\/adv\/placeholder_wp.svg\" loading=\"lazy\" alt=\"\" decoding=\"async\"\/>  <\/p>\n<p class=\"contentpart contentpart--default contentpart--text\" data-position=\"2\">ZOBACZ WIDEO: Brz\u0119czek musia\u0142 si\u0119 wkupi\u0107 do kadry? &#8222;Wtedy si\u0119 zdenerwowa\u0142em&#8221;<\/p>\n<p class=\"contentpart contentpart--default contentpart--text\" data-position=\"4\">&#8222;Zarz\u0105d 'Smok\u00f3w&#8217; nie podj\u0105\u0142 \u017cadnych konkretnych dzia\u0142a\u0144 w sprawie Pietuszewskiego, cho\u0107 nadal uwa\u017cnie \u015bledzi jego rozw\u00f3j&#8221; &#8211; czytamy.<\/p>\n<p class=\"contentpart contentpart--default contentpart--text\" data-position=\"5\">Dodajmy, \u017ce FC Porto to jedna z najbardziej utytu\u0142owanych dru\u017cyn Portugalii i 30-krotny mistrz tego kraju. W tym sezonie klub wzbudzi\u0142 znacznie wi\u0119ksze zainteresowanie w\u015br\u00f3d polskich kibic\u00f3w, co wi\u0105za\u0142o si\u0119 z letnimi transferami filar\u00f3w obrony reprezentacji &#8211; Jana Bednarka i Jakuba Kiwiora. Obaj z marszu wywalczyli miejsca w wyj\u015bciowym sk\u0142adzie i zbieraj\u0105 \u015bwietne recenzje za swoje wyst\u0119py.<\/p>\n<p class=\"contentpart contentpart--default contentpart--text\" data-position=\"6\">Pietuszewski w tym sezonie zagra\u0142 ju\u017c w 30 meczach Jagiellonii na wszystkich frontach. Zdoby\u0142 w nich trzy gole i dorzuci\u0142 dwie asysty. Obecny kontrakt 17-latka obowi\u0105zuje do ko\u0144ca czerwca 2027 roku &#8211; zawarto w nim r\u00f3wnie\u017c mo\u017cliwo\u015b\u0107 przed\u0142u\u017cenia o kolejne 12 miesi\u0119cy. Od jakiego\u015b czasu pojawiaj\u0105 si\u0119 spekulacje, \u017ce jego sprzeda\u017c mo\u017ce ustanowi\u0107 nowy rekord transferowy Ekstraklasy.<\/p>\n","protected":false},"excerpt":{"rendered":"W ostatnich miesi\u0105cach Oskar Pietuszewski\u00a0\u015bwietnie spisuje si\u0119 w meczach Jagiellonii Bia\u0142ystok\u00a0i reprezentacji Polski U-21. 17-letni skrzyd\u0142owy przyci\u0105gn\u0105\u0142 uwag\u0119&hellip;\n","protected":false},"author":2,"featured_media":157216,"comment_status":"","ping_status":"","sticky":false,"template":"","format":"standard","meta":{"footnotes":""},"categories":[24],"tags":[5436,2615,7575,269,42,38,40,39,41,988,127,126],"class_list":{"0":"post-157215","1":"post","2":"type-post","3":"status-publish","4":"format-standard","5":"has-post-thumbnail","7":"category-sport","8":"tag-fc-porto","9":"tag-jagiellonia-bialystok","10":"tag-oskar-pietuszewski","11":"tag-pilka-nozna","12":"tag-pl","13":"tag-poland","14":"tag-polish","15":"tag-polska","16":"tag-polski","17":"tag-portugalia","18":"tag-sport","19":"tag-sports"},"share_on_mastodon":{"url":"https:\/\/pubeurope.com\/@pl\/115738608105952679","error":""},"_links":{"self":[{"href":"https:\/\/www.europesays.com\/pl\/wp-json\/wp\/v2\/posts\/157215","targetHints":{"allow":["GET"]}}],"collection":[{"href":"https:\/\/www.europesays.com\/pl\/wp-json\/wp\/v2\/posts"}],"about":[{"href":"https:\/\/www.europesays.com\/pl\/wp-json\/wp\/v2\/types\/post"}],"author":[{"embeddable":true,"href":"https:\/\/www.europesays.com\/pl\/wp-json\/wp\/v2\/users\/2"}],"replies":[{"embeddable":true,"href":"https:\/\/www.europesays.com\/pl\/wp-json\/wp\/v2\/comments?post=157215"}],"version-history":[{"count":0,"href":"https:\/\/www.europesays.com\/pl\/wp-json\/wp\/v2\/posts\/157215\/revisions"}],"wp:featuredmedia":[{"embeddable":true,"href":"https:\/\/www.europesays.com\/pl\/wp-json\/wp\/v2\/media\/157216"}],"wp:attachment":[{"href":"https:\/\/www.europesays.com\/pl\/wp-json\/wp\/v2\/media?parent=157215"}],"wp:term":[{"taxonomy":"category","embeddable":true,"href":"https:\/\/www.europesays.com\/pl\/wp-json\/wp\/v2\/categories?post=157215"},{"taxonomy":"post_tag","embeddable":true,"href":"https:\/\/www.europesays.com\/pl\/wp-json\/wp\/v2\/tags?post=157215"}],"curies":[{"name":"wp","href":"https:\/\/api.w.org\/{rel}","templated":true}]}}