{"id":157316,"date":"2025-12-18T06:14:09","date_gmt":"2025-12-18T06:14:09","guid":{"rendered":"https:\/\/www.europesays.com\/pl\/157316\/"},"modified":"2025-12-18T06:14:09","modified_gmt":"2025-12-18T06:14:09","slug":"sedzia-rodzinna-o-tragedii-w-jeleniej-gorze-stawia-kluczowe-pytania","status":"publish","type":"post","link":"https:\/\/www.europesays.com\/pl\/157316\/","title":{"rendered":"S\u0119dzia rodzinna o tragedii w Jeleniej G\u00f3rze. Stawia kluczowe pytania"},"content":{"rendered":"<ul class=\"UnorderedList_container__nmfSl\">\n<li class=\"UnorderedList_listElement__Py7xi\" data-id=\"ai-summary-link\">Du\u017co czytania, a ma\u0142o czasu? Sprawd\u017a\u00a0skr\u00f3t\u00a0artyku\u0142u<\/li>\n<\/ul>\n<p class=\"Paragraph_desktopParagraph__U31Gm\"><a href=\"https:\/\/wiadomosci.onet.pl\/wroclaw\/zabojstwo-11-latki-w-jeleniej-gorze-sedzia-przekazala-nowe-informacje\/mmctr1f\" id=\"054f2a8c-87d0-4d26-a9b3-249bac55069e\" rel=\"nofollow noopener\" target=\"_blank\">S\u0105d Rejonowy w Jeleniej G\u00f3rze zastosowa\u0142 \u015brodek tymczasowy wobec 12-latki zatrzymanej w zwi\u0105zku z zab\u00f3jstwem<\/a>. Posiedzenie w tej sprawie odby\u0142o si\u0119 za zamkni\u0119tymi drzwiami \u2014 poinformowa\u0142a wiceprezes s\u0105du Agnieszka Makowska. Cia\u0142o 11-letniej Danusi znaleziono niedaleko szko\u0142y w poniedzia\u0142ek.<\/p>\n<p class=\"Paragraph_desktopParagraph__U31Gm\">\u2014 Prokuratura nie ma tu \u017cadnego pola do dzia\u0142ania, to nie jest sprawa dla \u015bledczych, w ca\u0142o\u015bci przejmuje j\u0105 s\u0105d rodzinny. 12-letnie dziecko nie odpowiada karnie, bez wzgl\u0119du na czyn \u2014 m\u00f3wi Onetowi s\u0119dzia s\u0105du rodzinnego Karolina Sosinska, komentuj\u0105c spraw\u0119 tragedii z Jeleniej G\u00f3ry.<\/p>\n<p class=\"Paragraph_desktopParagraph__U31Gm\">Prezeska Stowarzyszenia S\u0119dzi\u00f3w S\u0105d\u00f3w Rodzinnych Pro Familia zaznacza, \u017ce o sprawie wiemy bardzo niewiele. S\u0105d w Jeleniej G\u00f3rze b\u0119dzie musia\u0142 znale\u017a\u0107 jakie\u015b wyt\u0142umaczenie czynu, kt\u00f3rego dopu\u015bci\u0142a si\u0119 12-letnia dziewczynka. <\/p>\n<p class=\"VideoPlayerText_videoPlayerText__iDwyz\">Dalszy ci\u0105g materia\u0142u pod wideo<\/p>\n<p class=\"Paragraph_desktopParagraph__U31Gm\">\u2014 Nie wiemy, z jakiej ona jest rodziny, nie wiemy, czy nie mia\u0142a i nie ma jakich\u015b zaburze\u0144 psychicznych, wszystko to musi zosta\u0107 ustalone. Zajmie si\u0119 tym okr\u0119gowy zesp\u00f3\u0142 specjalist\u00f3w s\u0105dowych, kt\u00f3ry wsp\u00f3\u0142pracuje z s\u0105dami rodzinnymi w ka\u017cdej cz\u0119\u015bci kraju \u2014 opisuje. <\/p>\n<ul class=\"OchatFollowUps_wrapper__1ry7X\">\n<li class=\"OchatFollowUps_item__Dhyly OchatFollowUps_itemDesktop__R6aBv\">Jaki jest status prawny 12-latki w zwi\u0105zku z zab\u00f3jstwem?<\/li>\n<li class=\"OchatFollowUps_item__Dhyly OchatFollowUps_itemDesktop__R6aBv\">Co m\u00f3wi s\u0119dzia o mo\u017cliwo\u015bci izolacji dziecka?<\/li>\n<li class=\"OchatFollowUps_item__Dhyly OchatFollowUps_itemDesktop__R6aBv\">Jakie kroki podejmie s\u0105d w tej sprawie?<\/li>\n<li class=\"OchatFollowUps_item__Dhyly OchatFollowUps_itemDesktop__R6aBv\">Czy zbadane zostan\u0105 zaburzenia psychiczne dziewczynki?<\/li>\n<\/ul>\n<p class=\"Paragraph_desktopParagraph__U31Gm\">\u2014 Dosz\u0142o do strasznej zbrodni i dopiero biegli b\u0119d\u0105 ustala\u0107, jakie mog\u0142y by\u0107 jej przyczyny. Pewne jest, \u017ce tego dziecka nie mo\u017cna ani zamkn\u0105\u0107 w zak\u0142adzie poprawczym, ani podda\u0107 jakiejkolwiek karze. My mamy obywatela kszta\u0142towa\u0107, a nie go niszczy\u0107 \u2014 uwa\u017ca Sosinska.<\/p>\n<p>&#8222;Kiedy\u015b b\u0119dzie si\u0119 musia\u0142a ze swoim czynem zmierzy\u0107&#8221; <\/p>\n<p class=\"Paragraph_desktopParagraph__U31Gm\">S\u0119dzia podkre\u015bla, \u017ce kluczowe s\u0105 pytania o t\u0142o tragedii i \u015brodowisko, z jakiego wywodzi si\u0119 12-latka. <\/p>\n<p class=\"Paragraph_desktopParagraph__U31Gm\">\u2014 Ona dzi\u015b zapewne nie ogarnia tego, co si\u0119 wydarzy\u0142o, intelekt nie pozwala jej zrozumie\u0107 czynu, kt\u00f3ry pope\u0142ni\u0142a \u2014 przekonuje s\u0119dzia Sosinska.<\/p>\n<p class=\"Paragraph_desktopParagraph__U31Gm\">\u2014 Teraz zacznie si\u0119 rola bieg\u0142ych, kt\u00f3rzy b\u0119d\u0105 bada\u0107, czy to dziecko nie ma jakich\u015b deficyt\u00f3w w psychice. Mo\u017cliwe jest zastosowanie albo nieizolacyjnych \u015brodk\u00f3w tymczasowych, jak doz\u00f3r kuratora, albo \u015brodk\u00f3w izolacyjnych, je\u015bli te pierwsze okaza\u0142yby si\u0119 niewystarczaj\u0105ce. To by\u0142by, cho\u0107by, m\u0142odzie\u017cowy o\u015brodek wychowawczy \u2014 wyja\u015bnia.<\/p>\n<p class=\"Paragraph_desktopParagraph__U31Gm\">\u2014 Pewne jest, \u017ce dosz\u0142o do potwornej tragedii dw\u00f3ch rodzin, bo jedno dziecko nie \u017cyje, a drugie b\u0119dzie musia\u0142o si\u0119 kiedy\u015b zmierzy\u0107 z czynem, kt\u00f3rego si\u0119 dopu\u015bci\u0142o \u2014 podsumowuje.<\/p>\n","protected":false},"excerpt":{"rendered":"Du\u017co czytania, a ma\u0142o czasu? Sprawd\u017a\u00a0skr\u00f3t\u00a0artyku\u0142u S\u0105d Rejonowy w Jeleniej G\u00f3rze zastosowa\u0142 \u015brodek tymczasowy wobec 12-latki zatrzymanej w&hellip;\n","protected":false},"author":2,"featured_media":157317,"comment_status":"","ping_status":"","sticky":false,"template":"","format":"standard","meta":{"footnotes":""},"categories":[5],"tags":[32,33,36,37,66,27,67,30648,34,35,28,31,13156,53,25,52,68,51,55,42,38,40,39,41,984,47,29,30,50,26,3459],"class_list":{"0":"post-157316","1":"post","2":"type-post","3":"status-publish","4":"format-standard","5":"has-post-thumbnail","7":"category-naglowki","8":"tag-breaking-news","9":"tag-breakingnews","10":"tag-featured-news","11":"tag-featurednews","12":"tag-give_me_perspective","13":"tag-headlines","14":"tag-intextvideo_splayer","15":"tag-jelenia_gora","16":"tag-latest-news","17":"tag-latestnews","18":"tag-naglowki","19":"tag-najwazniejsze-artykuly","20":"tag-nastolatki","21":"tag-new_header","22":"tag-news","23":"tag-onet3","24":"tag-onet3d","25":"tag-onet3d_2i","26":"tag-phx","27":"tag-pl","28":"tag-poland","29":"tag-polish","30":"tag-polska","31":"tag-polski","32":"tag-prawo_sady_sedziowie_sedzia_sad_sadownictwo_prawnik_prawnicy_prawniczka","33":"tag-screening_general","34":"tag-top-stories","35":"tag-topstories","36":"tag-v2021","37":"tag-wiadomosci","38":"tag-zabojstwo_morderstwo_morderstwa_zabojstwa"},"share_on_mastodon":{"url":"","error":"Validation failed: Text character limit of 500 exceeded"},"_links":{"self":[{"href":"https:\/\/www.europesays.com\/pl\/wp-json\/wp\/v2\/posts\/157316","targetHints":{"allow":["GET"]}}],"collection":[{"href":"https:\/\/www.europesays.com\/pl\/wp-json\/wp\/v2\/posts"}],"about":[{"href":"https:\/\/www.europesays.com\/pl\/wp-json\/wp\/v2\/types\/post"}],"author":[{"embeddable":true,"href":"https:\/\/www.europesays.com\/pl\/wp-json\/wp\/v2\/users\/2"}],"replies":[{"embeddable":true,"href":"https:\/\/www.europesays.com\/pl\/wp-json\/wp\/v2\/comments?post=157316"}],"version-history":[{"count":0,"href":"https:\/\/www.europesays.com\/pl\/wp-json\/wp\/v2\/posts\/157316\/revisions"}],"wp:featuredmedia":[{"embeddable":true,"href":"https:\/\/www.europesays.com\/pl\/wp-json\/wp\/v2\/media\/157317"}],"wp:attachment":[{"href":"https:\/\/www.europesays.com\/pl\/wp-json\/wp\/v2\/media?parent=157316"}],"wp:term":[{"taxonomy":"category","embeddable":true,"href":"https:\/\/www.europesays.com\/pl\/wp-json\/wp\/v2\/categories?post=157316"},{"taxonomy":"post_tag","embeddable":true,"href":"https:\/\/www.europesays.com\/pl\/wp-json\/wp\/v2\/tags?post=157316"}],"curies":[{"name":"wp","href":"https:\/\/api.w.org\/{rel}","templated":true}]}}