{"id":157324,"date":"2025-12-18T06:19:11","date_gmt":"2025-12-18T06:19:11","guid":{"rendered":"https:\/\/www.europesays.com\/pl\/157324\/"},"modified":"2025-12-18T06:19:11","modified_gmt":"2025-12-18T06:19:11","slug":"oredzie-donalda-trumpa-prezydent-usa-chwali-11-miesiecy-swojej-prezydentury","status":"publish","type":"post","link":"https:\/\/www.europesays.com\/pl\/157324\/","title":{"rendered":"Or\u0119dzie Donalda Trumpa. Prezydent USA chwali 11 miesi\u0119cy swojej prezydentury"},"content":{"rendered":"<ul class=\"UnorderedList_container__nmfSl\">\n<li class=\"UnorderedList_listElement__Py7xi\" data-id=\"ai-summary-link\">Du\u017co czytania, a ma\u0142o czasu? Sprawd\u017a\u00a0skr\u00f3t\u00a0artyku\u0142u<\/li>\n<\/ul>\n<p class=\"Paragraph_desktopParagraph__U31Gm\">Donald Trump w czasie or\u0119dzia wielokrotnie porusza\u0142 tematy inflacji, migracji oraz poziomu cen. Powtarza\u0142 r\u00f3wnie\u017c wyg\u0142aszane od obj\u0119cia urz\u0119du oskar\u017cenia wobec swojego poprzednika Joego Bidena i jego administracji.<\/p>\n<p class=\"Paragraph_desktopParagraph__U31Gm\">\u2014 Kiedy obejmowa\u0142em urz\u0105d, inflacja by\u0142a najgorsza od 48 lat, co spowodowa\u0142o, \u017ce ceny by\u0142y wy\u017csze ni\u017c kiedykolwiek wcze\u015bniej, przez co \u017cycie sta\u0142o si\u0119 nieosi\u0105galne dla milion\u00f3w Amerykan\u00f3w. W ci\u0105gu ostatnich 11 miesi\u0119cy wprowadzili\u015bmy w Waszyngtonie wi\u0119cej pozytywnych zmian ni\u017c jakakolwiek inna administracja w historii Ameryki. Nigdy nie by\u0142o czego\u015b podobnego \u2014 powiedzia\u0142 Trump na pocz\u0105tki przem\u00f3wienia.<\/p>\n<p class=\"Paragraph_desktopParagraph__U31Gm\">\u2014 Przez ostatnie cztery lata Stanami Zjednoczonymi rz\u0105dzili politycy, kt\u00f3rzy walczyli wy\u0142\u0105cznie o interesy insider\u00f3w, nielegalnych imigrant\u00f3w, zawodowych przest\u0119pc\u00f3w, korporacyjnych lobbyst\u00f3w, wi\u0119\u017ani\u00f3w, terroryst\u00f3w, a przede wszystkim o interesy obcych pa\u0144stw, kt\u00f3re wykorzystywa\u0142y nas na niespotykan\u0105 dot\u0105d skal\u0119. Ale teraz mamy prezydenta, kt\u00f3ry walczy o przestrzegaj\u0105cych prawa, ci\u0119\u017cko pracuj\u0105cych obywateli naszego kraju \u2014 tych, kt\u00f3rzy zapewniaj\u0105 temu pa\u0144stwu byt \u2014 kontynuowa\u0142 w przem\u00f3wieniu ameryka\u0144ski prezydent.<\/p>\n<p class=\"VideoPlayerText_videoPlayerText__iDwyz\">Dalszy ci\u0105g materia\u0142u pod wideo<\/p>\n<ul class=\"OchatFollowUps_wrapper__1ry7X\">\n<li class=\"OchatFollowUps_item__Dhyly OchatFollowUps_itemDesktop__R6aBv\">Jakie dzia\u0142ania Trump zapowiedzia\u0142 na przysz\u0142y rok?<\/li>\n<li class=\"OchatFollowUps_item__Dhyly OchatFollowUps_itemDesktop__R6aBv\">Ile pieni\u0119dzy otrzyma ka\u017cdy \u017co\u0142nierz?<\/li>\n<li class=\"OchatFollowUps_item__Dhyly OchatFollowUps_itemDesktop__R6aBv\">Co s\u0105dzi Trump o migracji podczas swojej kadencji?<\/li>\n<li class=\"OchatFollowUps_item__Dhyly OchatFollowUps_itemDesktop__R6aBv\">Jakie zmiany zachodzi\u0142y w cenach za rz\u0105d\u00f3w Bidena?<\/li>\n<\/ul>\n<p>Or\u0119dzie Donalda Trumpa. O czym m\u00f3wi\u0142 prezydent USA? <\/p>\n<p class=\"Paragraph_desktopParagraph__U31Gm\">Trump poruszy\u0142 r\u00f3wnie\u017c kwesti\u0119 prowadzonej przez jego administracj\u0119 walki z nielegaln\u0105 migracj\u0105 oraz <a href=\"https:\/\/wiadomosci.onet.pl\/swiat\/usa-przeprowadzaja-kolejny-atak-na-lodz-na-pacyfiku-cztery-ofiary\/7e9gqpv\" id=\"713f8994-fdab-451f-a57c-b687d0b66600\" rel=\"nofollow noopener\" target=\"_blank\">przemytem narkotyk\u00f3w do USA<\/a>. Ponownie oznajmi\u0142 te\u017c, \u017ce &#8222;zako\u0144czy\u0142 osiem wojen&#8221; od pocz\u0105tku drugiej kadencji.<\/p>\n<p class=\"Paragraph_desktopParagraph__U31Gm\">\u2014 Odziedziczyli\u015bmy najgorsz\u0105 granic\u0119 na \u015bwiecie i szybko przekszta\u0142cili\u015bmy j\u0105 w najsilniejsz\u0105 granic\u0119 w historii naszego kraju. Innymi s\u0142owy, w ci\u0105gu kilku miesi\u0119cy przeszli\u015bmy od najgorszej do najlepszej \u2014 doda\u0142 Trump.<\/p>\n<p class=\"Paragraph_desktopParagraph__U31Gm\">\u2014 Ilo\u015b\u0107 narkotyk\u00f3w sprowadzanych przez Ocean i Morze spad\u0142a o 94 proc. Prze\u0142amali\u015bmy u\u015bcisk z\u0142owrogich, przebudzonych radyka\u0142\u00f3w w naszych szko\u0142ach. Przywr\u00f3ci\u0142em ameryka\u0144sk\u0105 si\u0142\u0119, rozstrzygn\u0105\u0142em osiem wojen w 10 miesi\u0119cy, zniwelowa\u0142em zagro\u017cenie nuklearne ze strony Iranu i zako\u0144czy\u0142em wojn\u0119 w Strefie Gazy \u2014 przynosz\u0105c, po raz pierwszy od 3 tys. lat, pok\u00f3j na Bliskim Wschodzie \u2014 kontynuowa\u0142 prezydent USA.<\/p>\n<p class=\"Paragraph_desktopParagraph__U31Gm\"><a href=\"https:\/\/wiadomosci.onet.pl\/kraj\/trump-straszy-odeslaniem-nielegalnych-migrantow-reakcja-polskiej-ambasady\/tcj37m0\" id=\"0d1216d8-841d-458d-b4b6-a5082ddfacf0\" rel=\"nofollow noopener\" target=\"_blank\">Donald Trump w czasie przem\u00f3wienia wielokrotnie podkre\u015bla\u0142 swoj\u0105 walk\u0119 z nielegaln\u0105 migracj\u0105<\/a>. \u2014 Przez ostatnie siedem miesi\u0119cy nie wpuszczono do naszego kraju ani jednego nielegalnego imigranta, co wszyscy uwa\u017cali za absolutnie niemo\u017cliwe. Pami\u0119tacie, jak Joe Biden powiedzia\u0142, \u017ce potrzebuje Kongresu, aby uchwali\u0107 ustaw\u0119, kt\u00f3ra pomo\u017ce zamkn\u0105\u0107 granic\u0119? \u2014 powiedzia\u0142. \u2014 Okaza\u0142o si\u0119, \u017ce nie potrzebowali\u015bmy ustawy. Potrzebowali\u015bmy tylko nowego prezydenta. Odziedziczyli\u015bmy najgorsz\u0105 granic\u0119 na \u015bwiecie i szybko przekszta\u0142cili\u015bmy j\u0105 w najsilniejsz\u0105 w historii naszego kraju \u2014 doda\u0142 prezydent USA.<\/p>\n<p>Trump zapowiada dodatkow\u0105 wyp\u0142at\u0119 dla ka\u017cdego \u017co\u0142nierza <\/p>\n<p class=\"Paragraph_desktopParagraph__U31Gm\">Prezydent USA og\u0142osi\u0142 te\u017c &#8222;Dywidendy Wojownicze&#8221; dla \u017co\u0142nierzy. \u2014 Ponad 1 mln 450 tys. \u017co\u0142nierzy otrzyma specjaln\u0105 dywidend\u0119 dla \u017co\u0142nierzy przed Bo\u017cym Narodzeniem. Wysy\u0142amy ka\u017cdemu \u017co\u0142nierzowi 1776 dol. Czeki s\u0105 ju\u017c w drodze \u2014 zapowiedzia\u0142.<\/p>\n<p class=\"Paragraph_desktopParagraph__U31Gm\">Trump wielokrotnie podkre\u015bla\u0142 sukcesy swojej administracji oraz <a href=\"https:\/\/wiadomosci.onet.pl\/swiat\/trump-znow-uderza-w-swoich-poprzednikow-ostre-slowa-o-bidenie-i-obamie\/5fnkgzs\" id=\"5ae09fb2-badc-4745-a3d7-20e9d55bc681\" rel=\"nofollow noopener\" target=\"_blank\">uderza\u0142 w administracj\u0119 swojego poprzednika, Joego Bidena<\/a>. \u2014 Za rz\u0105d\u00f3w Bidena ceny samochod\u00f3w wzros\u0142y o 22 proc., a w wielu stanach o 30 proc. lub wi\u0119cej. Benzyna wzros\u0142a o 30\u201350 proc. Ceny hoteli wzros\u0142y o 37 proc. Ceny bilet\u00f3w lotniczych wzros\u0142y o 31 proc. Teraz, pod naszym przyw\u00f3dztwem, ceny spadaj\u0105 i to szybko \u2014 m\u00f3wi\u0142.<\/p>\n<p class=\"Paragraph_desktopParagraph__U31Gm\">\u2014 Uda\u0142o mi si\u0119 zabezpieczy\u0107 rekordow\u0105 kwot\u0119 18 bilion\u00f3w dol. inwestycji w Stanach Zjednoczonych, co oznacza miejsca pracy, podwy\u017cki p\u0142ac, wzrost gospodarczy, otwieranie fabryk i znacznie wi\u0119ksze bezpiecze\u0144stwo narodowe \u2014 zapowiedzia\u0142 Trump.<\/p>\n<p>Tym chce zaj\u0105\u0107 si\u0119 Donald Trump. &#8222;Podejmuj\u0119 si\u0119 walki&#8221; <\/p>\n<p class=\"Paragraph_desktopParagraph__U31Gm\">\u2014 W przysz\u0142ym roku zobaczycie r\u00f3wnie\u017c rezultaty najwi\u0119kszych obni\u017cek podatkowych w historii USA. Wiele rodzin b\u0119dzie oszcz\u0119dza\u0107 od 11 do 20 tys. dol.rocznie, a prognozy na przysz\u0142\u0105 wiosn\u0119 wskazuj\u0105 na najwi\u0119kszy w historii sezon zwrot\u00f3w podatku \u2014 zapowiedzia\u0142.<\/p>\n<p class=\"Paragraph_desktopParagraph__U31Gm\">Prezydent USA zapowiedzia\u0142 r\u00f3wnie\u017c dzia\u0142ania w sektorze ochrony zdrowia.<\/p>\n<p class=\"Paragraph_desktopParagraph__U31Gm\">\u2014 Podejmuj\u0119 si\u0119 r\u00f3wnie\u017c walki z gigantycznymi firmami ubezpieczeniowymi, kt\u00f3re wzbogaci\u0142y si\u0119 na miliardach dolar\u00f3w, kt\u00f3re powinny trafi\u0107 bezpo\u015brednio do ludzi, aby mogli oni kupowa\u0107 w\u0142asne ubezpieczenia zdrowotne, kt\u00f3re zapewni\u0105 im o wiele lepsze \u015bwiadczenia przy znacznie ni\u017cszych kosztach \u2014 powiedzia\u0142 Trump.<\/p>\n<p class=\"Paragraph_desktopParagraph__U31Gm\">\u2014 Robi\u0119 to, czego nie zrobi\u0142 nigdy \u017caden polityk \u017cadnej partii \u2014 przeciwstawiam si\u0119 grupom interes\u00f3w, aby drastycznie obni\u017cy\u0107 ceny lek\u00f3w na recept\u0119. Pierwsza z tych bezprecedensowych obni\u017cek cen b\u0119dzie dost\u0119pna od stycznia \u2014 powiedzia\u0142, og\u0142aszaj\u0105c utworzenie dedykowanej temu strony internetowej.<\/p>\n<p class=\"Paragraph_desktopParagraph__U31Gm\">Trump ponadto pochwali\u0142 si\u0119 spadkiem cen paliwa oraz energii elektrycznej, ponownie atakuj\u0105c przy tym swojego poprzednika. \u2014 Za Bidena koszty energii elektrycznej wzros\u0142y o 30\u2013100 proc. Pierwszego dnia og\u0142osi\u0142em stan wyj\u0105tkowy w sektorze energetycznym \u2014 teraz benzyna kosztuje poni\u017cej 2,50 dol. za galon w wi\u0119kszo\u015bci kraju \u2014 powiedzia\u0142.<\/p>\n<p>Trump chwali si\u0119 spadkiem migracji i atakuje administracj\u0119 Bidena <\/p>\n<p class=\"Paragraph_desktopParagraph__U31Gm\">Ponadto przekaza\u0142, \u017ce w 11 miesi\u0119cy prezydentury uda\u0142o mu si\u0119 obni\u017cy\u0107 koszty kredyt\u00f3w hipotecznych. \u2014 Roczny koszt typowego nowego kredytu hipotecznego wzr\u00f3s\u0142 o 15 tys. dol. za rz\u0105d\u00f3w Demokrat\u00f3w. W ci\u0105gu 11 miesi\u0119cy uda\u0142o mi si\u0119 obni\u017cy\u0107 ten roczny koszt o 3 tys dol. \u2014 m\u00f3wi\u0142 Trump.<\/p>\n<p class=\"Paragraph_desktopParagraph__U31Gm\">Nast\u0119pnie ponownie skrytykowa\u0142 poprzedni\u0105 administracj\u0119 USA. \u2014 Ostatnia administracja i jej sojusznicy w Kongresie sprowadzili miliony migrant\u00f3w i zapewnili im mieszkania finansowane z podatk\u00f3w, podczas gdy koszty wynajmu i mieszkania gwa\u0142townie wzros\u0142y. Po raz pierwszy od 50 lat obserwujemy teraz migracj\u0119 wsteczn\u0105, pozostawiaj\u0105c Amerykanom wi\u0119cej mieszka\u0144 i wi\u0119cej miejsc pracy \u2014 powiedzia\u0142 Trump.<\/p>\n<p class=\"Paragraph_desktopParagraph__U31Gm\">\u2014 Dzi\u015b, po 11 miesi\u0105cach, nasza granica jest bezpieczna, inflacja usta\u0142a, p\u0142ace wzros\u0142y, ceny spad\u0142y, nasz nar\u00f3d jest silny, Ameryka jest szanowana, a nasz kraj odzyska\u0142 r\u00f3wnowag\u0119. Jeste\u015bmy gotowi na boom gospodarczy, jakiego \u015bwiat nigdy nie widzia\u0142 \u2014 podkre\u015bli\u0142 Trump.<\/p>\n","protected":false},"excerpt":{"rendered":"Du\u017co czytania, a ma\u0142o czasu? Sprawd\u017a\u00a0skr\u00f3t\u00a0artyku\u0142u Donald Trump w czasie or\u0119dzia wielokrotnie porusza\u0142 tematy inflacji, migracji oraz poziomu&hellip;\n","protected":false},"author":2,"featured_media":157325,"comment_status":"","ping_status":"","sticky":false,"template":"","format":"standard","meta":{"footnotes":""},"categories":[14],"tags":[32,33,58,27,67,34,35,28,31,53,25,52,68,51,55,40,41,47,59,80,29,30,65,50,26,82,83,84],"class_list":{"0":"post-157324","1":"post","2":"type-post","3":"status-publish","4":"format-standard","5":"has-post-thumbnail","7":"category-swiat","8":"tag-breaking-news","9":"tag-breakingnews","10":"tag-donald_trump_prezydent_usa","11":"tag-headlines","12":"tag-intextvideo_splayer","13":"tag-latest-news","14":"tag-latestnews","15":"tag-naglowki","16":"tag-najwazniejsze-artykuly","17":"tag-new_header","18":"tag-news","19":"tag-onet3","20":"tag-onet3d","21":"tag-onet3d_2i","22":"tag-phx","23":"tag-polish","24":"tag-polski","25":"tag-screening_general","26":"tag-stany_zjednoczone_usa","27":"tag-swiat","28":"tag-top-stories","29":"tag-topstories","30":"tag-update_me","31":"tag-v2021","32":"tag-wiadomosci","33":"tag-world","34":"tag-world-news","35":"tag-worldnews"},"share_on_mastodon":{"url":"https:\/\/pubeurope.com\/@pl\/115739123065632961","error":""},"_links":{"self":[{"href":"https:\/\/www.europesays.com\/pl\/wp-json\/wp\/v2\/posts\/157324","targetHints":{"allow":["GET"]}}],"collection":[{"href":"https:\/\/www.europesays.com\/pl\/wp-json\/wp\/v2\/posts"}],"about":[{"href":"https:\/\/www.europesays.com\/pl\/wp-json\/wp\/v2\/types\/post"}],"author":[{"embeddable":true,"href":"https:\/\/www.europesays.com\/pl\/wp-json\/wp\/v2\/users\/2"}],"replies":[{"embeddable":true,"href":"https:\/\/www.europesays.com\/pl\/wp-json\/wp\/v2\/comments?post=157324"}],"version-history":[{"count":0,"href":"https:\/\/www.europesays.com\/pl\/wp-json\/wp\/v2\/posts\/157324\/revisions"}],"wp:featuredmedia":[{"embeddable":true,"href":"https:\/\/www.europesays.com\/pl\/wp-json\/wp\/v2\/media\/157325"}],"wp:attachment":[{"href":"https:\/\/www.europesays.com\/pl\/wp-json\/wp\/v2\/media?parent=157324"}],"wp:term":[{"taxonomy":"category","embeddable":true,"href":"https:\/\/www.europesays.com\/pl\/wp-json\/wp\/v2\/categories?post=157324"},{"taxonomy":"post_tag","embeddable":true,"href":"https:\/\/www.europesays.com\/pl\/wp-json\/wp\/v2\/tags?post=157324"}],"curies":[{"name":"wp","href":"https:\/\/api.w.org\/{rel}","templated":true}]}}