{"id":157414,"date":"2025-12-18T07:36:22","date_gmt":"2025-12-18T07:36:22","guid":{"rendered":"https:\/\/www.europesays.com\/pl\/157414\/"},"modified":"2025-12-18T07:36:22","modified_gmt":"2025-12-18T07:36:22","slug":"prosiaki-wladimir-putin-ostro-o-europejskich-przywodcach-wiadomosci-onet","status":"publish","type":"post","link":"https:\/\/www.europesays.com\/pl\/157414\/","title":{"rendered":"&quot;Prosiaki&quot;. W\u0142adimir Putin ostro o europejskich przyw\u00f3dcach &#8211; Wiadomo\u015bci &#8211; Onet"},"content":{"rendered":"<ol>\n<li><a href=\"https:\/\/news.google.com\/rss\/articles\/CBMiuwFBVV95cUxPdmt0c3czemhzNG9vN0FCTHdJYVlzV1RaSjVEMExkQmdObEM1LUxxVGF5TGZpZUtxMzQ3SE91U3VTN3lmSzE3WVdEWVo0SFdmdHdKUld0Y3JldmU5YUsyUmRwRG5KVVAxNEEzb1N2RVBzamlRM29ZRXhrYXYyaTlJVkp6Ti1MU2pHcUNXaFBkeTJHR2owZzZVSFJUeWcyWlpfTXJOTGRWeEVMa2Fnb0JWclp2VTI4TlpNT2dz?oc=5\" target=\"_blank\" rel=\"nofollow noopener\">&#8222;Prosiaki&#8221;. W\u0142adimir Putin ostro o europejskich przyw\u00f3dcach &#8211; Wiadomo\u015bci<\/a>&nbsp;&nbsp;Onet<\/li>\n<li><a href=\"https:\/\/news.google.com\/rss\/articles\/CBMivAFBVV95cUxPZHRzalo1N3dldEtjZ2sxZ1dlMnF1RWk2dEhrZmlVdG8zRUV6TEdySHZQcS1GZmpNdWk1UGJzVFI1bnJycEFBTWo0NnFWamRCWTRTWGRFWmRTcVQ2bTRGVDJxS1pjZVZNT0hRYV81TU51TTdYZGhLbFVPWDl4Z2pKZ2hSTG9UTkl5RndCMi1FNTJocHduaV8zRDlpeWNUa1pjdWJJNzREa0NfeFkySVlZRmFtcWJRWTRlWnVmbA?oc=5\" target=\"_blank\" rel=\"nofollow noopener\">Putin zapowiada dalsze dzia\u0142ania w Ukrainie. Uderzy\u0142 te\u017c w europejskich przyw\u00f3dc\u00f3w, nazwa\u0142 ich &#8222;\u015bwiniami&#8221;<\/a>&nbsp;&nbsp;Wydarzenia w INTERIA.PL<\/li>\n<li><a href=\"https:\/\/news.google.com\/rss\/articles\/CBMixgFBVV95cUxPS0ZLXzk1YlZnQ0dPQWk4MDBxRmhncnlwQjcxS0VDYl9uM0JrdWdJNUhOOTNSMEZJb0gxY0ltejBSOWhrQmVOT0ViMFpIa1FLN2tRVVJZdWYwWlRaOGdFS2NyaWhXODRJVmE2MVNULVNEczVKNTVKbXBWZUd5TFVWMnpQc0tvYXdmckZmQ2lvZG55Qjl4UjRWVlhyNm1hTnNlUXBtX25mSE5UUlI1eHg5RUNtQjJqMV92dGprcjdkSElzQWR1YWc?oc=5\" target=\"_blank\" rel=\"nofollow noopener\">Putin obra\u017ca europejskich lider\u00f3w. Nazywa ich &#8222;ma\u0142ymi \u015bwiniami&#8221;<\/a>&nbsp;&nbsp;RMF24<\/li>\n<li><a href=\"https:\/\/news.google.com\/rss\/articles\/CBMingFBVV95cUxPeUpCc2hyakJtYmVnMzhpM19NYkRQZXBpUHhWTHRoelItUThHRGFPRWF4dC00OEEySm9EQWhhWmZjM1dMcW9tUkc3NS1nVnBiOXVkN1pXUzJEaFJsbHRsUzZTQnBsWkRscC1NcjBEdExEUUpfd3BCNHFhcFF5RnRTOXc0Ny1ockdiUS1ma3VxOUJHT040LWM3cXZUOVMzZw?oc=5\" target=\"_blank\" rel=\"nofollow noopener\">W\u0142adimir Putin krytykuje zachodnich przyw\u00f3dc\u00f3w. &#8222;Europejskie prosiaki&#8221;<\/a>&nbsp;&nbsp;Onet Wiadomo\u015bci<\/li>\n<li><a href=\"https:\/\/news.google.com\/rss\/articles\/CBMiwwFBVV95cUxOVFJHMjdGLUNxQWdXb3dGSXB2S0JJd2xETUpGSDJfeXB0LVdmOU5PaHZhTkc1bzRDOU80anlBUVIxOHloQWljUzA4NTZHdmhSNnZZMElOeG9uQ3NiVi1XY3BsekVhZkhHRTJzQU5nQzIteHZKV25sbjBaRVp5THhvcGhObVVBNnJWOWstbmJRM1FUblkxWXJ6N1E2NDVBWkFRWW9ad05CalFGenhwcGRnTFZaLWdDS2Y1Z3ZvWnhwXzRZSFk?oc=5\" target=\"_blank\" rel=\"nofollow noopener\">Putin grozi Ukrainie i Zachodowi. &#8222;Wyzwolenie historycznych ziem \u015brodkami militarnymi&#8221;<\/a>&nbsp;&nbsp;Gazeta<\/li>\n<\/ol>\n","protected":false},"excerpt":{"rendered":"&#8222;Prosiaki&#8221;. W\u0142adimir Putin ostro o europejskich przyw\u00f3dcach &#8211; Wiadomo\u015bci&nbsp;&nbsp;Onet Putin zapowiada dalsze dzia\u0142ania w Ukrainie. Uderzy\u0142 te\u017c w&hellip;\n","protected":false},"author":2,"featured_media":157415,"comment_status":"","ping_status":"","sticky":false,"template":"","format":"standard","meta":{"footnotes":""},"categories":[14],"tags":[32,33,27,67,34,35,28,31,53,25,52,68,51,55,40,41,62,47,80,29,30,65,50,26,418,82,83,84],"class_list":{"0":"post-157414","1":"post","2":"type-post","3":"status-publish","4":"format-standard","5":"has-post-thumbnail","7":"category-swiat","8":"tag-breaking-news","9":"tag-breakingnews","10":"tag-headlines","11":"tag-intextvideo_splayer","12":"tag-latest-news","13":"tag-latestnews","14":"tag-naglowki","15":"tag-najwazniejsze-artykuly","16":"tag-new_header","17":"tag-news","18":"tag-onet3","19":"tag-onet3d","20":"tag-onet3d_2i","21":"tag-phx","22":"tag-polish","23":"tag-polski","24":"tag-rosja_kraj_rosjanin_rosjanie_rosjanka_rosjanki","25":"tag-screening_general","26":"tag-swiat","27":"tag-top-stories","28":"tag-topstories","29":"tag-update_me","30":"tag-v2021","31":"tag-wiadomosci","32":"tag-wladimir_putin_rosyjski_prezydent","33":"tag-world","34":"tag-world-news","35":"tag-worldnews"},"share_on_mastodon":{"url":"https:\/\/pubeurope.com\/@pl\/115739425744741642","error":""},"_links":{"self":[{"href":"https:\/\/www.europesays.com\/pl\/wp-json\/wp\/v2\/posts\/157414","targetHints":{"allow":["GET"]}}],"collection":[{"href":"https:\/\/www.europesays.com\/pl\/wp-json\/wp\/v2\/posts"}],"about":[{"href":"https:\/\/www.europesays.com\/pl\/wp-json\/wp\/v2\/types\/post"}],"author":[{"embeddable":true,"href":"https:\/\/www.europesays.com\/pl\/wp-json\/wp\/v2\/users\/2"}],"replies":[{"embeddable":true,"href":"https:\/\/www.europesays.com\/pl\/wp-json\/wp\/v2\/comments?post=157414"}],"version-history":[{"count":0,"href":"https:\/\/www.europesays.com\/pl\/wp-json\/wp\/v2\/posts\/157414\/revisions"}],"wp:featuredmedia":[{"embeddable":true,"href":"https:\/\/www.europesays.com\/pl\/wp-json\/wp\/v2\/media\/157415"}],"wp:attachment":[{"href":"https:\/\/www.europesays.com\/pl\/wp-json\/wp\/v2\/media?parent=157414"}],"wp:term":[{"taxonomy":"category","embeddable":true,"href":"https:\/\/www.europesays.com\/pl\/wp-json\/wp\/v2\/categories?post=157414"},{"taxonomy":"post_tag","embeddable":true,"href":"https:\/\/www.europesays.com\/pl\/wp-json\/wp\/v2\/tags?post=157414"}],"curies":[{"name":"wp","href":"https:\/\/api.w.org\/{rel}","templated":true}]}}