{"id":157416,"date":"2025-12-18T07:42:20","date_gmt":"2025-12-18T07:42:20","guid":{"rendered":"https:\/\/www.europesays.com\/pl\/157416\/"},"modified":"2025-12-18T07:42:20","modified_gmt":"2025-12-18T07:42:20","slug":"samsung-z-ekranem-185-hz-to-spelnienie-moich-marzen","status":"publish","type":"post","link":"https:\/\/www.europesays.com\/pl\/157416\/","title":{"rendered":"Samsung z ekranem 185 Hz to spe\u0142nienie moich marze\u0144"},"content":{"rendered":"<p class=\"lead\">Kiedy ju\u017c my\u015bla\u0142em, \u017ce Samsung nie potrafi mnie niczym pozytywnie zaskoczy\u0107, ci w przeciekach przewin\u0119li si\u0119 z wy\u015bwietlaczem 185 Hz. Potrzebne? Nie wiem. Cool? Jak jasna cholera. Boj\u0119 si\u0119 tylko, \u017ce wcale nie szykuj\u0105 go dla \u017cadnego Galaxy.<\/p>\n<p>Samsung naprawd\u0119 rzadko daje mi powody, by pisa\u0107 o nim w pozytywny spos\u00f3b. Seri\u0119 <a href=\"https:\/\/www.gsmmaniak.pl\/1617665\/samsung-galaxy-s26-kontra-galaxy-s25-co-sie-zmienilo-podsumowanie\/\" rel=\"nofollow noopener\" target=\"_blank\">Galaxy S26<\/a> spisa\u0142em ju\u017c na straty \u2013 ale nie dlatego, \u017ce nie znajdzie milion\u00f3w nabywc\u00f3w \u2013 to po prostu nie s\u0105 telefony dla mnie. Co innego ten z nowego przecieku. Je\u017celi taki ekran trafi do Galaxy, to ca\u0142kiem sporo zarzut\u00f3w przyjdzie mi publicznie odszczeka\u0107. I zrobi\u0119 to z czyst\u0105 przyjemno\u015bci\u0105.<\/p>\n<p>Samsung szykuje ekran 185 Hz<\/p>\n<p>Smart Pikachu\u00a0donosi, \u017ce Samsung szykuje ekran dla smartfona, kt\u00f3ry b\u0119dzie od\u015bwie\u017cany w 185 Hz. To nie jest rekordowa warto\u015b\u0107 dla telefonu (niekt\u00f3re Sharpy oferuj\u0105 nawet 240 Hz), ale za to ma szanse na du\u017co szersze wykorzystanie. Przypomn\u0119, \u017ce w tym roku widzieli\u015bmy ca\u0142kiem sporo wy\u015bwietlaczy po 165 Hz \u2013 czas na kolejny krok.<\/p>\n<p><a href=\"https:\/\/www.europesays.com\/pl\/wp-content\/uploads\/2025\/12\/Zrzut-ekranu-2025-12-17-151126.png\" rel=\"lightbox-post4\" title=\"Galeria dla Zrzut ekranu 2025-12-17 151126\"><img loading=\"lazy\" decoding=\"async\" aria-describedby=\"caption-attachment-1621967\" class=\"size-full wp-image-1621967\" src=\"https:\/\/www.europesays.com\/pl\/wp-content\/uploads\/2025\/12\/Zrzut-ekranu-2025-12-17-151126.png\" alt=\"Samsung \" width=\"490\" height=\"138\" itemprop=\"image\" \/><\/a><\/p>\n<p id=\"caption-attachment-1621967\" class=\"wp-caption-text\">Samsung szykuje ekran 185 Hz \/ fot. Smart Pikachu<\/p>\n<p>Jakby to samo w sobie nie by\u0142o wystarczaj\u0105co ekscytuj\u0105ce, to dodatkowo pojawia si\u0119 informacja o chi\u0144skich producentach, kt\u00f3rzy planuj\u0105 to samo. Wygl\u0105da na to, \u017ce o ile 2025 sta\u0142 pod znakiem wielkich baterii, tak kolejny rok b\u0119dzie typowy ze wzgl\u0119du na jeszcze wy\u017csze od\u015bwie\u017canie. Jako mobilnego gracza tylko i wy\u0142\u0105cznie mnie to cieszy.<\/p>\n<p>Chcia\u0142bym wierzy\u0107, \u017ce nareszcie trafi do\u2026 Samsunga<\/p>\n<p>Mam tylko jeden problem \u2013 Samsung nie ma obecnie ani jednego telefonu do gier. Kto\u015b mo\u017ce powiedzie\u0107, \u017ce Galaxy S25 Ultra nie\u017ale spe\u0142nia tak\u0105 funkcj\u0119. Ja powiem, \u017ce jest co najmniej kilka powod\u00f3w, dla kt\u00f3rych tak nie jest. I dlatego mam w\u0105tpliwo\u015bci, czy ten 185 Hz panel Samsung szykuje dla smartfona Galaxy.<\/p>\n<p>Po pierwsze \u2013 stworzenie modelu do gier wymaga\u0142oby zaakceptowania baterii krzemowo-w\u0119glowych i szybkiego \u0142adowania o mocy co najmniej 65W. Poza tym potrzebne by\u0142oby wydajne ch\u0142odzenie. Na dok\u0142adk\u0119 przyda\u0142oby si\u0119 16 GB RAM w takim sprz\u0119cie. \u017badne z tych okre\u015ble\u0144 do tej pory nie by\u0142o synonimem Samsunga.<\/p>\n<p>C\u00f3\u017c \u2013 nawet, je\u017celi oka\u017ce si\u0119, \u017ce to nie Galaxy, to na rynek trafi do nas sporo chi\u0144skich flagowc\u00f3w z kapitalnym ekranem. Je\u017celi wyniki sprzeda\u017cy nie zmusz\u0105 Korea\u0144czyk\u00f3w do stworzenia takiego telefonu, to \u017caden z nas nie jest ju\u017c w stanie na to wp\u0142yn\u0105\u0107. Trzymam kciuki, bo marnowanie takiego potencja\u0142u nie le\u017cy w interesie \u017cadnego ManiaKa.<\/p>\n<p>Skoro ju\u017c jeste\u015bmy przy wymarzonych smartfonach, to <a href=\"https:\/\/www.gsmmaniak.pl\/1621541\/honor-power-2-specyfikacja-ogromna-bateria-10800-mah\/\" rel=\"nofollow noopener\" target=\"_blank\">Honor Power 2<\/a> dla niejednego ManiaKa zas\u0142u\u017cy na takie miano. Wi\u0119cej na jego temat znajdziesz poni\u017cej \u2013 znamy ju\u017c w zasadzie ca\u0142\u0105 specyfikacj\u0119.<\/p>\n<blockquote class=\"wp-embedded-content\" data-secret=\"7c1bzp0O22\">\n<p><a href=\"https:\/\/www.gsmmaniak.pl\/1621541\/honor-power-2-specyfikacja-ogromna-bateria-10800-mah\/\" rel=\"nofollow noopener\" target=\"_blank\">To ju\u017c nie telefon, to m\u00f3j mokry sen. A\u017c takiej specyfikacji si\u0119 nie spodziewa\u0142em<\/a><\/p>\n<\/blockquote>\n<p>\u0179r\u00f3d\u0142o: <a href=\"https:\/\/weibo.com\/5888095979\/QiFIltkGW?pagetype=profilefeed\" rel=\"nofollow noopener\" target=\"_blank\">Smart Pikachu<\/a>, opracowanie w\u0142asne<\/p>\n","protected":false},"excerpt":{"rendered":"Kiedy ju\u017c my\u015bla\u0142em, \u017ce Samsung nie potrafi mnie niczym pozytywnie zaskoczy\u0107, ci w przeciekach przewin\u0119li si\u0119 z wy\u015bwietlaczem&hellip;\n","protected":false},"author":2,"featured_media":94647,"comment_status":"","ping_status":"","sticky":false,"template":"","format":"standard","meta":{"footnotes":""},"categories":[20],"tags":[120,118,119,42,38,40,39,41,116,114,115,121,117],"class_list":{"0":"post-157416","1":"post","2":"type-post","3":"status-publish","4":"format-standard","5":"has-post-thumbnail","7":"category-nauka-i-technika","8":"tag-nauka","9":"tag-nauka-i-technika","10":"tag-naukatechnika","11":"tag-pl","12":"tag-poland","13":"tag-polish","14":"tag-polska","15":"tag-polski","16":"tag-science","17":"tag-science-and-technology","18":"tag-sciencetechnology","19":"tag-technika","20":"tag-technology"},"share_on_mastodon":{"url":"https:\/\/pubeurope.com\/@pl\/115739450183379678","error":""},"_links":{"self":[{"href":"https:\/\/www.europesays.com\/pl\/wp-json\/wp\/v2\/posts\/157416","targetHints":{"allow":["GET"]}}],"collection":[{"href":"https:\/\/www.europesays.com\/pl\/wp-json\/wp\/v2\/posts"}],"about":[{"href":"https:\/\/www.europesays.com\/pl\/wp-json\/wp\/v2\/types\/post"}],"author":[{"embeddable":true,"href":"https:\/\/www.europesays.com\/pl\/wp-json\/wp\/v2\/users\/2"}],"replies":[{"embeddable":true,"href":"https:\/\/www.europesays.com\/pl\/wp-json\/wp\/v2\/comments?post=157416"}],"version-history":[{"count":0,"href":"https:\/\/www.europesays.com\/pl\/wp-json\/wp\/v2\/posts\/157416\/revisions"}],"wp:featuredmedia":[{"embeddable":true,"href":"https:\/\/www.europesays.com\/pl\/wp-json\/wp\/v2\/media\/94647"}],"wp:attachment":[{"href":"https:\/\/www.europesays.com\/pl\/wp-json\/wp\/v2\/media?parent=157416"}],"wp:term":[{"taxonomy":"category","embeddable":true,"href":"https:\/\/www.europesays.com\/pl\/wp-json\/wp\/v2\/categories?post=157416"},{"taxonomy":"post_tag","embeddable":true,"href":"https:\/\/www.europesays.com\/pl\/wp-json\/wp\/v2\/tags?post=157416"}],"curies":[{"name":"wp","href":"https:\/\/api.w.org\/{rel}","templated":true}]}}