{"id":157502,"date":"2025-12-18T08:51:09","date_gmt":"2025-12-18T08:51:09","guid":{"rendered":"https:\/\/www.europesays.com\/pl\/157502\/"},"modified":"2025-12-18T08:51:09","modified_gmt":"2025-12-18T08:51:09","slug":"rosyjscy-pogranicznicy-weszli-do-estonii-wladze-nie-wykluczaja-prowokacji-tvp-info","status":"publish","type":"post","link":"https:\/\/www.europesays.com\/pl\/157502\/","title":{"rendered":"Rosyjscy pogranicznicy weszli do Estonii. W\u0142adze nie wykluczaj\u0105 prowokacji &#8211; TVP Info"},"content":{"rendered":"<ol>\n<li><a href=\"https:\/\/news.google.com\/rss\/articles\/CBMixAFBVV95cUxOZnRzbVozaXBVaWRCZUt1SGo0MGplTHV2U21zMTZnMER4QWdtMzloMFpUaHJSTkhxbnYzRE5XRjdUNDItWnhQMjJlSEgxMVNVV2FucVQ4aU9JTzZ0UGdUTWpsbldreE1fOUFtMjhZWHJ4M0tBMnhwSWc3aHhOOUc4a3VMUlZFdFhGM2E0UlAzVFJqZVZIa2pTX3k2X2NXQ09ucmcxNTBDUkxIdUlaUGFFbVNvVkpvV19mOHN4SS00bUgwU3Fy?oc=5\" target=\"_blank\" rel=\"nofollow noopener\">Rosyjscy pogranicznicy weszli do Estonii. W\u0142adze nie wykluczaj\u0105 prowokacji<\/a>&nbsp;&nbsp;TVP Info<\/li>\n<li><a href=\"https:\/\/news.google.com\/rss\/articles\/CBMivgFBVV95cUxOTHU4Q1k4X21fVGNGcmhYR2FPdksweHdBRlV1czJla2YzSFlmemJkZGVXRldjT05RdDdxVFlZNzhoQllaei1ESnktSWZkYV83VVZEM0RhU3lVWVJBMUFzM0JLM0pEVFcwbW9yWlNxcU96YlhiWDVOVndXTlk2R2V4YWFmX21fejJFN2JWWmFIbExELWM4RnRHc3l3UjVaRFFIWnY5akhMVDAxanNqYllROU5KdEJ6dFhQLXBiWU9R?oc=5\" target=\"_blank\" rel=\"nofollow noopener\">Incydent na granicy Rosji z Estoni\u0105. &#8222;Znacznie wzmocniono patrole&#8221;<\/a>&nbsp;&nbsp;Gazeta<\/li>\n<li><a href=\"https:\/\/news.google.com\/rss\/articles\/CBMitAFBVV95cUxPOEUyYWhPRDZnRkJwb0haZjNjbGJ2bW9USW9mbV9LQm05cnBWbWlDUmppVGxwYmNjOTZ5elU3Y3hBWmk1OWhoZjZGQ0lUZnVNMEpLWEVRQU9nb1JCbHU5VGZZNk43VmlXc1NmcDQ5VEtqaFp3N1doaUQxLTJkRTRSQTNoQXMteUpiZXNXcnduV3QwUzRDYUNfMlZxQ2R2QmtQZjFDMkZSZEJIR2UtVkVkaHJHWHo?oc=5\" target=\"_blank\" rel=\"nofollow noopener\">Niespodziewany ruch Rosjan przy granicy NATO. Estonia potwierdza incydent<\/a>&nbsp;&nbsp;Polskie Radio 24<\/li>\n<li><a href=\"https:\/\/news.google.com\/rss\/articles\/CBMioAFBVV95cUxNT2dwbXNiMWRSeFVjWEtKT3Z0ZnVXRklESlNpMEE1YVJOUHR4NFhTc29sMmEzTjlEZFducmd3NGt3Q3dtSlRIRjBBOTRzaTMtTjhrZ2FvTDc2Mm9xdkRRQmVaSDE3OEdyWUs0VjVTbENwRGozVkNOQnZGbzVSQXB5U2NTQVM1Y2NJcE54M2tmSm95NUxWZXFTWHNFTTc5YWFN?oc=5\" target=\"_blank\" rel=\"nofollow noopener\">Rosyjscy funkcjonariusze przekroczyli granic\u0119. Jest reakcja pa\u0144stwa<\/a>&nbsp;&nbsp;Fakt<\/li>\n<\/ol>\n","protected":false},"excerpt":{"rendered":"Rosyjscy pogranicznicy weszli do Estonii. W\u0142adze nie wykluczaj\u0105 prowokacji&nbsp;&nbsp;TVP Info Incydent na granicy Rosji z Estoni\u0105. &#8222;Znacznie wzmocniono&hellip;\n","protected":false},"author":2,"featured_media":157503,"comment_status":"","ping_status":"","sticky":false,"template":"","format":"standard","meta":{"footnotes":""},"categories":[14],"tags":[32,33,27,34,35,28,31,25,40,41,80,29,30,26,82,83,84],"class_list":{"0":"post-157502","1":"post","2":"type-post","3":"status-publish","4":"format-standard","5":"has-post-thumbnail","7":"category-swiat","8":"tag-breaking-news","9":"tag-breakingnews","10":"tag-headlines","11":"tag-latest-news","12":"tag-latestnews","13":"tag-naglowki","14":"tag-najwazniejsze-artykuly","15":"tag-news","16":"tag-polish","17":"tag-polski","18":"tag-swiat","19":"tag-top-stories","20":"tag-topstories","21":"tag-wiadomosci","22":"tag-world","23":"tag-world-news","24":"tag-worldnews"},"share_on_mastodon":{"url":"https:\/\/pubeurope.com\/@pl\/115739720631062098","error":""},"_links":{"self":[{"href":"https:\/\/www.europesays.com\/pl\/wp-json\/wp\/v2\/posts\/157502","targetHints":{"allow":["GET"]}}],"collection":[{"href":"https:\/\/www.europesays.com\/pl\/wp-json\/wp\/v2\/posts"}],"about":[{"href":"https:\/\/www.europesays.com\/pl\/wp-json\/wp\/v2\/types\/post"}],"author":[{"embeddable":true,"href":"https:\/\/www.europesays.com\/pl\/wp-json\/wp\/v2\/users\/2"}],"replies":[{"embeddable":true,"href":"https:\/\/www.europesays.com\/pl\/wp-json\/wp\/v2\/comments?post=157502"}],"version-history":[{"count":0,"href":"https:\/\/www.europesays.com\/pl\/wp-json\/wp\/v2\/posts\/157502\/revisions"}],"wp:featuredmedia":[{"embeddable":true,"href":"https:\/\/www.europesays.com\/pl\/wp-json\/wp\/v2\/media\/157503"}],"wp:attachment":[{"href":"https:\/\/www.europesays.com\/pl\/wp-json\/wp\/v2\/media?parent=157502"}],"wp:term":[{"taxonomy":"category","embeddable":true,"href":"https:\/\/www.europesays.com\/pl\/wp-json\/wp\/v2\/categories?post=157502"},{"taxonomy":"post_tag","embeddable":true,"href":"https:\/\/www.europesays.com\/pl\/wp-json\/wp\/v2\/tags?post=157502"}],"curies":[{"name":"wp","href":"https:\/\/api.w.org\/{rel}","templated":true}]}}