{"id":157509,"date":"2025-12-18T08:58:06","date_gmt":"2025-12-18T08:58:06","guid":{"rendered":"https:\/\/www.europesays.com\/pl\/157509\/"},"modified":"2025-12-18T08:58:06","modified_gmt":"2025-12-18T08:58:06","slug":"wilno-bezplatna-komunikacja-miejska-dla-ukraincow-przedluzona-o-rok","status":"publish","type":"post","link":"https:\/\/www.europesays.com\/pl\/157509\/","title":{"rendered":"Wilno. Bezp\u0142atna komunikacja miejska dla Ukrai\u0144c\u00f3w przed\u0142u\u017cona o rok"},"content":{"rendered":"\n<p>&#13;<br \/>\nW przysz\u0142ym roku Ukrai\u0144cy nadal b\u0119d\u0105 mogli bezp\u0142atnie korzysta\u0107 z\u00a0autobus\u00f3w i\u00a0trolejbus\u00f3w w\u00a0stolicy Litwy. &#13;\n<\/p>\n<p>&#13;<br \/>\nJednocze\u015bnie, aby\u00a0zapobiec nadu\u017cyciom, wprowadzony zostanie specjalny rodzaj spersonalizowanego biletu elektronicznego. Zmiany wejd\u0105 w\u00a0\u017cycie od\u00a0marca 2026 roku. &#13;\n<\/p>\n<p>&#13;<br \/>\nSpersonalizowany bilet elektroniczny zostanie aktywowany w\u00a0momencie wydania i\u00a0b\u0119dzie wa\u017cny do\u00a031 grudnia 2026 roku. Otrzymaj\u0105 go\u00a0osoby posiadaj\u0105ce dokument to\u017csamo\u015bci, kt\u00f3re przedstawi\u0105 zezwolenie na\u00a0pobyt, wydane przez litewskie s\u0142u\u017cby migracyjne. &#13;\n<\/p>\n<p>&#13;<br \/>\nDo 1\u00a0marca nie\u00a0b\u0119dzie \u017cadnych zmian. Od\u00a01 marca do\u00a031 sierpnia b\u0119dzie obowi\u0105zywa\u0142 okres przej\u015bciowy. W\u00a0tym czasie darmowe przejazdy b\u0119d\u0105 przys\u0142ugiwa\u0107 tak\u017ce Ukrai\u0144com nieposiadaj\u0105cym biletu imiennego. &#13;\n<\/p>\n<p>&#13;<br \/>\nOd 1\u00a0wrze\u015bnia 2026 roku podr\u00f3\u017ce ulgowe b\u0119d\u0105 mo\u017cliwe wy\u0142\u0105cznie na\u00a0podstawie osobistego biletu elektronicznego. &#13;\n<\/p>\n<p>Ilu uchod\u017ac\u00f3w z\u00a0Ukrainy jest na\u00a0Litwie? <\/p>\n<p>&#13;<br \/>\nNa Litwie przebywa obecnie oko\u0142o 45 tys. uchod\u017ac\u00f3w z\u00a0Ukrainy, z\u00a0kt\u00f3rych ponad po\u0142owa znalaz\u0142a legalne zatrudnienie. Ukrai\u0144cy, kt\u00f3rzy uciekli przed wojn\u0105 na\u00a0Litw\u0119, korzystaj\u0105 z\u00a0tych samych praw na\u00a0rynku pracy, co\u00a0Litwini. &#13;\n<\/p>\n<p>&#13;<br \/>\nWed\u0142ug raportu O\u015brodka Studi\u00f3w Wschodnich z\u00a0grudnia 2024 roku, Litwa jest w\u00a0pierwszej dziesi\u0105tce najszybciej wyludniaj\u0105cych si\u0119 kraj\u00f3w na\u00a0\u015bwiecie. &#13;\n<\/p>\n<p>&#13;<br \/>\n&#8222;W\u00a0ci\u0105gu ponad trzech dekad niepodleg\u0142o\u015bci jej populacja skurczy\u0142a si\u0119 dramatycznie \u2013\u00a0o\u00a0przesz\u0142o 800 tys. mieszka\u0144c\u00f3w. Obecnie jest ich jedynie 2,8 mln, z\u00a0czego ponad 20 proc. stanowi\u0105 osoby w\u00a0wieku emerytalnym&#8221; \u2013\u00a0wskazano w\u00a0analizie. &#13;\n<\/p>\n<p>&#13;<br \/>\nWed\u0142ug raportu, na\u00a0pocz\u0105tku 2024 roku odsetek Litwin\u00f3w w\u00a0spo\u0142ecze\u0144stwie wynosi\u0142 82,6 proc., Polak\u00f3w \u2013\u00a06,3 proc., Rosjan \u2013\u00a05 proc., Bia\u0142orusin\u00f3w \u2013\u00a02,1 proc., a\u00a0Ukrai\u0144c\u00f3w \u2013\u00a01,7 proc. &#13;\n<\/p>\n<p>&#13;<br \/>\nNa Litwie mieszka obecnie 221 tys. obcokrajowc\u00f3w (w tym 116 tys. na\u00a0podstawie zezwole\u0144 na\u00a0pobyt czasowy ze\u00a0wzgl\u0119du na\u00a0prac\u0119). Najwi\u0119ksza jest diaspora ukrai\u0144ska. &#13;\n<\/p>\n<p>&#13;<br \/>\nCzytaj te\u017c:<br \/><a href=\"https:\/\/dorzeczy.pl\/swiat\/821498\/czechy-nowy-szef-msw-usunal-ukrainska-flage-z-budynku.html\" rel=\"follow nofollow noopener\" data-schema=\"DORZECZY\" data-image=\"https:\/\/img.dorzeczy.pl\/_thumb\/98\/d9\/a64cbe25baefda51282e7cae2476.jpeg\" target=\"_blank\">Kaza\u0142 usun\u0105\u0107 ukrai\u0144sk\u0105\u00a0flag\u0119. Decyzja nowego ministra<\/a>&#13;<\/p>\n","protected":false},"excerpt":{"rendered":"&#13; W przysz\u0142ym roku Ukrai\u0144cy nadal b\u0119d\u0105 mogli bezp\u0142atnie korzysta\u0107 z\u00a0autobus\u00f3w i\u00a0trolejbus\u00f3w w\u00a0stolicy Litwy. &#13; &#13; Jednocze\u015bnie, aby\u00a0zapobiec&hellip;\n","protected":false},"author":2,"featured_media":157510,"comment_status":"","ping_status":"","sticky":false,"template":"","format":"standard","meta":{"footnotes":""},"categories":[14],"tags":[31337,32,33,1347,98,105,27,34,35,843,28,31,25,40,41,80,29,30,1864,26,9498,82,83,84],"class_list":{"0":"post-157509","1":"post","2":"type-post","3":"status-publish","4":"format-standard","5":"has-post-thumbnail","7":"category-swiat","8":"tag-bezplatna-komunikacja-miejska","9":"tag-breaking-news","10":"tag-breakingnews","11":"tag-damian-cygan","12":"tag-dorzeczy","13":"tag-ekonomia","14":"tag-headlines","15":"tag-latest-news","16":"tag-latestnews","17":"tag-litwa","18":"tag-naglowki","19":"tag-najwazniejsze-artykuly","20":"tag-news","21":"tag-polish","22":"tag-polski","23":"tag-swiat","24":"tag-top-stories","25":"tag-topstories","26":"tag-ukraincy","27":"tag-wiadomosci","28":"tag-wilno","29":"tag-world","30":"tag-world-news","31":"tag-worldnews"},"share_on_mastodon":{"url":"https:\/\/pubeurope.com\/@pl\/115739748295139638","error":""},"_links":{"self":[{"href":"https:\/\/www.europesays.com\/pl\/wp-json\/wp\/v2\/posts\/157509","targetHints":{"allow":["GET"]}}],"collection":[{"href":"https:\/\/www.europesays.com\/pl\/wp-json\/wp\/v2\/posts"}],"about":[{"href":"https:\/\/www.europesays.com\/pl\/wp-json\/wp\/v2\/types\/post"}],"author":[{"embeddable":true,"href":"https:\/\/www.europesays.com\/pl\/wp-json\/wp\/v2\/users\/2"}],"replies":[{"embeddable":true,"href":"https:\/\/www.europesays.com\/pl\/wp-json\/wp\/v2\/comments?post=157509"}],"version-history":[{"count":0,"href":"https:\/\/www.europesays.com\/pl\/wp-json\/wp\/v2\/posts\/157509\/revisions"}],"wp:featuredmedia":[{"embeddable":true,"href":"https:\/\/www.europesays.com\/pl\/wp-json\/wp\/v2\/media\/157510"}],"wp:attachment":[{"href":"https:\/\/www.europesays.com\/pl\/wp-json\/wp\/v2\/media?parent=157509"}],"wp:term":[{"taxonomy":"category","embeddable":true,"href":"https:\/\/www.europesays.com\/pl\/wp-json\/wp\/v2\/categories?post=157509"},{"taxonomy":"post_tag","embeddable":true,"href":"https:\/\/www.europesays.com\/pl\/wp-json\/wp\/v2\/tags?post=157509"}],"curies":[{"name":"wp","href":"https:\/\/api.w.org\/{rel}","templated":true}]}}