{"id":157511,"date":"2025-12-18T08:59:14","date_gmt":"2025-12-18T08:59:14","guid":{"rendered":"https:\/\/www.europesays.com\/pl\/157511\/"},"modified":"2025-12-18T08:59:14","modified_gmt":"2025-12-18T08:59:14","slug":"parlament-przyjal-ustawe-ratunkowa-dla-budapesztu-burmistrzowi-grozi-areszt","status":"publish","type":"post","link":"https:\/\/www.europesays.com\/pl\/157511\/","title":{"rendered":"Parlament przyj\u0105\u0142 ustaw\u0119 &#8222;ratunkow\u0105&#8221; dla Budapesztu. Burmistrzowi grozi areszt"},"content":{"rendered":"<p>2025-12-17 19:44<\/p>\n<p>publikacja<br \/>2025-12-17 19:44<\/p>\n<p>Podziel si\u0119<\/p>\n<p>Parlament W\u0119gier przyj\u0105\u0142 w \u015brod\u0119 ustaw\u0119, kt\u00f3ra mo\u017ce zmusi\u0107 borykaj\u0105cy si\u0119 z problemami finansowymi Budapeszt do zaci\u0105gni\u0119cia po\u017cyczki od w\u0142adz centralnych i &#8211; w przypadku niespe\u0142nienia podyktowanych przez pa\u0144stwo warunk\u00f3w &#8211; doprowadzi\u0107 do aresztowania opozycyjnego burmistrza stolicy.<\/p>\n<p><img decoding=\"async\" class=\"o-graphics-multiobject__inner-blurry-picture-img\" src=\"https:\/\/www.europesays.com\/pl\/wp-content\/uploads\/2025\/12\/36aa55143c7841-948-568-0-1005-2936-1761.jpg\" width=\"948\" height=\"568\" alt=\"Parlament przyj\u0105\u0142 ustaw\u0119 &quot;ratunkow\u0105&quot; dla Budapesztu. Burmistrzowi grozi areszt\" loading=\"lazy\"\/><img decoding=\"async\" class=\"o-graphics-multiobject__item webfeedsFeaturedVisual\" src=\"https:\/\/www.europesays.com\/pl\/wp-content\/uploads\/2025\/12\/36aa55143c7841-948-568-0-1005-2936-1761.jpg\" width=\"948\" height=\"568\" alt=\"Parlament przyj\u0105\u0142 ustaw\u0119 &quot;ratunkow\u0105&quot; dla Budapesztu. Burmistrzowi grozi areszt\" loading=\"lazy\"\/>fot. Bernadett Szabo \/ \/\u00a0FORUM<\/p>\n<p>Gergely Karacsony, burmistrz w\u0119gierskiej stolicy i krytyk premiera Viktora Orbana, ostrzeg\u0142 przed kilkoma tygodniami, \u017ce miasto stoi w obliczu niewyp\u0142acalno\u015bci. W\u0142adze Budapesztu win\u0105 za k\u0142opoty finansowe miasta obarczaj\u0105 rz\u0105d centralny, kt\u00f3ry &#8211; jak zauwa\u017caj\u0105 &#8211; podni\u00f3s\u0142 podatki i wstrzyma\u0142 fundusze dla stolicy. Gabinet Orbana twierdzi natomiast, \u017ce to \u201enieodpowiedzialne wydatki\u201d burmistrza doprowadzi\u0142y do problem\u00f3w miasta.<\/p>\n<p>Ustaw\u0119 o \u201eudzieleniu po\u017cyczki w celu zapobie\u017cenia bankructwu Budapesztu\u201d przyj\u0119\u0142a wi\u0119kszo\u015b\u0107 136 deputowanych w 199-osobowym parlamencie. Dokument zosta\u0142 uchwalony w trybie przyspieszonym podczas sesji nadzwyczajnej.<\/p>\n<p>Zgodnie z jego zapisami, Budapeszt mo\u017ce ubiega\u0107 si\u0119 o po\u017cyczk\u0119 od pa\u0144stwowego W\u0119gierskiego Banku Rozwoju, ale jej zaci\u0105gni\u0119cie mo\u017ce te\u017c wymusi\u0107 urz\u0105d nadzorowany przez w\u0142adze centralne. Rz\u0105d m\u00f3g\u0142by dyktowa\u0107 warunki takiej po\u017cyczki, w tym oprocentowanie, okres sp\u0142aty i aktywa stanowi\u0105ce jej zabezpieczenie.<\/p>\n<p>Ustawa zobowi\u0105zuje te\u017c burmistrza do sporz\u0105dzania dokument\u00f3w finansowych i przeprowadzenia reform w ci\u0105gu sze\u015bciu miesi\u0119cy, pod gro\u017ab\u0105 kary dw\u00f3ch lat wi\u0119zienia.<\/p>\n<p>Konflikt w\u0142adz stolicy z w\u0142adzami centralnymi utrzymuje si\u0119 od lat. Po wyborze Karacsonyego w 2019 roku rz\u0105d podni\u00f3s\u0142 niemal dziewi\u0119ciokrotnie sk\u0142adki, kt\u00f3re Budapeszt musi wp\u0142aca\u0107 do bud\u017cetu pa\u0144stwa. Krok argumentowano konieczno\u015bci\u0105 redystrybucji \u015brodk\u00f3w z bogatszych miast do biedniejszych gmin. W\u0142adze Budapesztu skierowa\u0142y w tej sprawie do s\u0105d\u00f3w kilka pozw\u00f3w, twierdz\u0105c, \u017ce decyzje by\u0142y niezgodne z konstytucj\u0105.<\/p>\n<p>Z Budapesztu Jakub Bawo\u0142ek (PAP)<\/p>\n<p>jbw\/ mal\/<\/p>\n<p>Podziel si\u0119<\/p>\n<p>Tematy<\/p>\n","protected":false},"excerpt":{"rendered":"2025-12-17 19:44 publikacja2025-12-17 19:44 Podziel si\u0119 Parlament W\u0119gier przyj\u0105\u0142 w \u015brod\u0119 ustaw\u0119, kt\u00f3ra mo\u017ce zmusi\u0107 borykaj\u0105cy si\u0119 z&hellip;\n","protected":false},"author":2,"featured_media":157512,"comment_status":"","ping_status":"","sticky":false,"template":"","format":"standard","meta":{"footnotes":""},"categories":[12],"tags":[32,33,36,37,27,34,35,28,31,25,42,38,40,39,41,29,30,26],"class_list":{"0":"post-157511","1":"post","2":"type-post","3":"status-publish","4":"format-standard","5":"has-post-thumbnail","7":"category-polska","8":"tag-breaking-news","9":"tag-breakingnews","10":"tag-featured-news","11":"tag-featurednews","12":"tag-headlines","13":"tag-latest-news","14":"tag-latestnews","15":"tag-naglowki","16":"tag-najwazniejsze-artykuly","17":"tag-news","18":"tag-pl","19":"tag-poland","20":"tag-polish","21":"tag-polska","22":"tag-polski","23":"tag-top-stories","24":"tag-topstories","25":"tag-wiadomosci"},"share_on_mastodon":{"url":"https:\/\/pubeurope.com\/@pl\/115739752407853387","error":""},"_links":{"self":[{"href":"https:\/\/www.europesays.com\/pl\/wp-json\/wp\/v2\/posts\/157511","targetHints":{"allow":["GET"]}}],"collection":[{"href":"https:\/\/www.europesays.com\/pl\/wp-json\/wp\/v2\/posts"}],"about":[{"href":"https:\/\/www.europesays.com\/pl\/wp-json\/wp\/v2\/types\/post"}],"author":[{"embeddable":true,"href":"https:\/\/www.europesays.com\/pl\/wp-json\/wp\/v2\/users\/2"}],"replies":[{"embeddable":true,"href":"https:\/\/www.europesays.com\/pl\/wp-json\/wp\/v2\/comments?post=157511"}],"version-history":[{"count":0,"href":"https:\/\/www.europesays.com\/pl\/wp-json\/wp\/v2\/posts\/157511\/revisions"}],"wp:featuredmedia":[{"embeddable":true,"href":"https:\/\/www.europesays.com\/pl\/wp-json\/wp\/v2\/media\/157512"}],"wp:attachment":[{"href":"https:\/\/www.europesays.com\/pl\/wp-json\/wp\/v2\/media?parent=157511"}],"wp:term":[{"taxonomy":"category","embeddable":true,"href":"https:\/\/www.europesays.com\/pl\/wp-json\/wp\/v2\/categories?post=157511"},{"taxonomy":"post_tag","embeddable":true,"href":"https:\/\/www.europesays.com\/pl\/wp-json\/wp\/v2\/tags?post=157511"}],"curies":[{"name":"wp","href":"https:\/\/api.w.org\/{rel}","templated":true}]}}