{"id":157517,"date":"2025-12-18T09:04:07","date_gmt":"2025-12-18T09:04:07","guid":{"rendered":"https:\/\/www.europesays.com\/pl\/157517\/"},"modified":"2025-12-18T09:04:07","modified_gmt":"2025-12-18T09:04:07","slug":"zmiana-na-szczycie-pwc-nowa-prezes-na-region-europy-srodkowo-wschodniej","status":"publish","type":"post","link":"https:\/\/www.europesays.com\/pl\/157517\/","title":{"rendered":"Zmiana na szczycie PwC. Nowa prezes na region Europy \u015arodkowo-Wschodniej"},"content":{"rendered":"<p>Agnieszka Gajewska obejmie stanowisko prezesa (CEO) PwC w\u00a0Europie \u015arodkowo-Wschodniej od 1\u00a0lipca 2026 r. Zast\u0105pi Adama Krasonia, kt\u00f3ry kierowa\u0142 firm\u0105 w\u00a0regionie w\u00a0ostatnich latach. O\u00a0wyborze zdecydowali partnerzy PwC CEE.<\/p>\n<p>PwC w\u00a0Europie \u015arodkowo-Wschodniej dzia\u0142a w\u00a027 krajach i\u00a0obejmuje sie\u0107 47 biur, w\u00a0kt\u00f3rych pracuje oko\u0142o 13 tys. os\u00f3b, w\u00a0tym ponad 280 partner\u00f3w. Region CEE jest cz\u0119\u015bci\u0105 globalnej struktury PwC.<\/p>\n<p>Problem z\u00a0walut\u0105 euro. Ekspert wskazuje na\u00a0przyk\u0142ad Niemiec <\/p>\n<p>Przez ostatnie cztery lata Agnieszka Gajewska by\u0142a cz\u0142onkiem zarz\u0105du PwC CEE oraz odpowiada\u0142a za obszar klient\u00f3w i\u00a0rynk\u00f3w. Pe\u0142ni r\u00f3wnie\u017c funkcj\u0119 globalnego partnera zarz\u0105dzaj\u0105cego PwC Government &amp; Public Services oraz zasiada w\u00a0globalnym komitecie steruj\u0105cym rozwojem AI w\u00a0PwC.<\/p>\n<p>Gajewska posiada tytu\u0142 doktora ekonomii oraz kwalifikacje ACCA. Ma 25 lat do\u015bwiadczenia zawodowego w\u00a0PwC i\u00a0bankowo\u015bci inwestycyjnej, pracowa\u0142a w\u00a0obszarach audytu, doradztwa i\u00a0transakcji na pi\u0119ciu kontynentach.<\/p>\n<p>PwC CEE obejmuje m.in. Polsk\u0119, Czechy, Rumuni\u0119, W\u0119gry, kraje ba\u0142tyckie, Ba\u0142kany oraz pa\u0144stwa Europy Wschodniej i\u00a0Azji Centralnej, w\u00a0tym Ukrain\u0119, Kazachstan i\u00a0Uzbekistan.<\/p>\n","protected":false},"excerpt":{"rendered":"Agnieszka Gajewska obejmie stanowisko prezesa (CEO) PwC w\u00a0Europie \u015arodkowo-Wschodniej od 1\u00a0lipca 2026 r. Zast\u0105pi Adama Krasonia, kt\u00f3ry kierowa\u0142&hellip;\n","protected":false},"author":2,"featured_media":157518,"comment_status":"","ping_status":"","sticky":false,"template":"","format":"standard","meta":{"footnotes":""},"categories":[16],"tags":[113,112,42,38,40,39,41],"class_list":{"0":"post-157517","1":"post","2":"type-post","3":"status-publish","4":"format-standard","5":"has-post-thumbnail","7":"category-biznes","8":"tag-biznes","9":"tag-business","10":"tag-pl","11":"tag-poland","12":"tag-polish","13":"tag-polska","14":"tag-polski"},"share_on_mastodon":{"url":"https:\/\/pubeurope.com\/@pl\/115739771822521503","error":""},"_links":{"self":[{"href":"https:\/\/www.europesays.com\/pl\/wp-json\/wp\/v2\/posts\/157517","targetHints":{"allow":["GET"]}}],"collection":[{"href":"https:\/\/www.europesays.com\/pl\/wp-json\/wp\/v2\/posts"}],"about":[{"href":"https:\/\/www.europesays.com\/pl\/wp-json\/wp\/v2\/types\/post"}],"author":[{"embeddable":true,"href":"https:\/\/www.europesays.com\/pl\/wp-json\/wp\/v2\/users\/2"}],"replies":[{"embeddable":true,"href":"https:\/\/www.europesays.com\/pl\/wp-json\/wp\/v2\/comments?post=157517"}],"version-history":[{"count":0,"href":"https:\/\/www.europesays.com\/pl\/wp-json\/wp\/v2\/posts\/157517\/revisions"}],"wp:featuredmedia":[{"embeddable":true,"href":"https:\/\/www.europesays.com\/pl\/wp-json\/wp\/v2\/media\/157518"}],"wp:attachment":[{"href":"https:\/\/www.europesays.com\/pl\/wp-json\/wp\/v2\/media?parent=157517"}],"wp:term":[{"taxonomy":"category","embeddable":true,"href":"https:\/\/www.europesays.com\/pl\/wp-json\/wp\/v2\/categories?post=157517"},{"taxonomy":"post_tag","embeddable":true,"href":"https:\/\/www.europesays.com\/pl\/wp-json\/wp\/v2\/tags?post=157517"}],"curies":[{"name":"wp","href":"https:\/\/api.w.org\/{rel}","templated":true}]}}