{"id":157519,"date":"2025-12-18T09:05:10","date_gmt":"2025-12-18T09:05:10","guid":{"rendered":"https:\/\/www.europesays.com\/pl\/157519\/"},"modified":"2025-12-18T09:05:10","modified_gmt":"2025-12-18T09:05:10","slug":"donald-tusk-w-brukseli-albo-pieniadze-dzisiaj-albo-krew-jutro-onet-wiadomosci","status":"publish","type":"post","link":"https:\/\/www.europesays.com\/pl\/157519\/","title":{"rendered":"Donald Tusk w Brukseli. &quot;Albo pieni\u0105dze dzisiaj, albo krew jutro&quot; &#8211; Onet Wiadomo\u015bci"},"content":{"rendered":"<ol>\n<li><a href=\"https:\/\/news.google.com\/rss\/articles\/CBMiowFBVV95cUxPNkN5QTZzRE85QU5NRTdUU29FUTZMUVdFY0lTMmNvMEI4UEVrWU4zaWRBcEcwSW9tUnA0cUdWaVo1d3hVTkVvbkhlM3JZMEU1TUs1dnhVc252TXRPSjZqLVI1TFpIajI0U0V1VEw5Q3ZHTVFqV0x3REh3a3hYU0xmZnVNZktEY3Nuc2pDTWVwd0k5TGpzWGIyVkJDeFFvQlRyT1ln?oc=5\" target=\"_blank\" rel=\"nofollow noopener\">Donald Tusk w Brukseli. &#8222;Albo pieni\u0105dze dzisiaj, albo krew jutro&#8221;<\/a>&nbsp;&nbsp;Onet Wiadomo\u015bci<\/li>\n<li><a href=\"https:\/\/news.google.com\/rss\/articles\/CBMilgFBVV95cUxPQWZuRktmcEFwRmZWcEdLeWlYMGhDUDFBalNvalk3cVEwd3JMTm1kalpLd29QNk41VEsxV2RJdUNuandHTklTc1l4czY3c0Y3c285cE1PTEtfd3I0ZTFYcjI0VDgtdWQ0Vy1zNkpLbU1sMV84Y0xndU9FeGtKLVhCV29ZZjRCYkJla2JNUXlmQThHX3ptSWc?oc=5\" target=\"_blank\" rel=\"nofollow noopener\">&#8222;Mamy prosty wyb\u00f3r&#8221;. Tusk przed szczytem w Brukseli<\/a>&nbsp;&nbsp;WP Wiadomo\u015bci<\/li>\n<li><a href=\"https:\/\/news.google.com\/rss\/articles\/CBMivwFBVV95cUxPTmxiSm1YZndXM0pnTnVxS1g5NlpQOTFpVVVWZEhRUjY0U2txeTkxQ2tLMVQwREFxd1ZNY0JIUWhsdkZjbTcta2dvS0EwcVNCendac1kzYXF0Tk9ud0NsQ3NvMDRQWHhSY2FUUERpcGtTRlFjVGM5WGFzQWhIQnNYVUhmenZNOTNRbFpKNm1nN0hhNml4dlF0blVzelZudGpmQUcybm5HemtJOWpUVTl0dWg2NTZQT1ZlaTJFaTZCOA?oc=5\" target=\"_blank\" rel=\"nofollow noopener\">&#8222;Albo pieni\u0105dze, albo krew&#8221;. Tusk apeluje do europejskich przyw\u00f3dc\u00f3w<\/a>&nbsp;&nbsp;Wydarzenia w INTERIA.PL<\/li>\n<li><a href=\"https:\/\/news.google.com\/rss\/articles\/CBMivwFBVV95cUxPVzFZZGhuMFJsa1FLNGVkNUJERkszM3hYZ2ZEM2V0WXBWOVRjVnEzRXByMy1GNVNBQ1ZnMjRpN2hvbVo3RWprWWpVSFRiWDRtaVE3SktJUVU3d2Z4WUdvdHFQSEZOQ1NzUmg2YVhWR0FSSmoyaTNPdVFlc0JjNUhMSkExTzMyVW1YMGZOUndkVlJaSTZFemxpME9PYm9GTEFQQVVrdV85cnZ0dGZhNGdmUmREeGhCZHU0eE5pdWRtSQ?oc=5\" target=\"_blank\" rel=\"nofollow noopener\">&#8222;Albo pieni\u0105dze dzisiaj, albo krew jutro&#8221;. Tusk apeluje do europejskich lider\u00f3w<\/a>&nbsp;&nbsp;TVN24<\/li>\n<li><a href=\"https:\/\/news.google.com\/rss\/articles\/CBMiuwFBVV95cUxQYUphTzBpcXJTS2NuZS1ucDJrRzBZYWtfS3JMNXVnbnVlbGw0aXZ5SUtTVkt2RkRhVV9pS3hQVEp5Wm5kdjBpSE5LOHRjdjd4M29jUFBaSnZUZTNjX0k4YlJ6U2d2aVdoMjJhRnBGVElqamNtNF9EdE9jYmkzYjRyMzkxNnp1UUEySXh5ZEhEekZhMTVKVGtHZDliaWxzSTRpTHFaOUtlNnVralF3THRGZ0dPb2VSTUlGU2NZ?oc=5\" target=\"_blank\" rel=\"nofollow noopener\">Orban wys\u0142a\u0142 list do Putina. W odpowiedzi pad\u0142y mocne s\u0142owa i gro\u017aby<\/a>&nbsp;&nbsp;Gazeta<\/li>\n<\/ol>\n","protected":false},"excerpt":{"rendered":"Donald Tusk w Brukseli. &#8222;Albo pieni\u0105dze dzisiaj, albo krew jutro&#8221;&nbsp;&nbsp;Onet Wiadomo\u015bci &#8222;Mamy prosty wyb\u00f3r&#8221;. Tusk przed szczytem w&hellip;\n","protected":false},"author":2,"featured_media":157520,"comment_status":"","ping_status":"","sticky":false,"template":"","format":"standard","meta":{"footnotes":""},"categories":[14],"tags":[32,33,212,27,76,49,34,35,28,31,48,25,46,40,41,47,80,29,30,86,70,26,82,83,84],"class_list":{"0":"post-157519","1":"post","2":"type-post","3":"status-publish","4":"format-standard","5":"has-post-thumbnail","7":"category-swiat","8":"tag-breaking-news","9":"tag-breakingnews","10":"tag-donald_tusk","11":"tag-headlines","12":"tag-inwazja_rosji_na_ukraine","13":"tag-kraj","14":"tag-latest-news","15":"tag-latestnews","16":"tag-naglowki","17":"tag-najwazniejsze-artykuly","18":"tag-nat_styl","19":"tag-news","20":"tag-omp","21":"tag-polish","22":"tag-polski","23":"tag-screening_general","24":"tag-swiat","25":"tag-top-stories","26":"tag-topstories","27":"tag-unia_europejska","28":"tag-w_skrocie","29":"tag-wiadomosci","30":"tag-world","31":"tag-world-news","32":"tag-worldnews"},"share_on_mastodon":{"url":"https:\/\/pubeurope.com\/@pl\/115739775829633142","error":""},"_links":{"self":[{"href":"https:\/\/www.europesays.com\/pl\/wp-json\/wp\/v2\/posts\/157519","targetHints":{"allow":["GET"]}}],"collection":[{"href":"https:\/\/www.europesays.com\/pl\/wp-json\/wp\/v2\/posts"}],"about":[{"href":"https:\/\/www.europesays.com\/pl\/wp-json\/wp\/v2\/types\/post"}],"author":[{"embeddable":true,"href":"https:\/\/www.europesays.com\/pl\/wp-json\/wp\/v2\/users\/2"}],"replies":[{"embeddable":true,"href":"https:\/\/www.europesays.com\/pl\/wp-json\/wp\/v2\/comments?post=157519"}],"version-history":[{"count":0,"href":"https:\/\/www.europesays.com\/pl\/wp-json\/wp\/v2\/posts\/157519\/revisions"}],"wp:featuredmedia":[{"embeddable":true,"href":"https:\/\/www.europesays.com\/pl\/wp-json\/wp\/v2\/media\/157520"}],"wp:attachment":[{"href":"https:\/\/www.europesays.com\/pl\/wp-json\/wp\/v2\/media?parent=157519"}],"wp:term":[{"taxonomy":"category","embeddable":true,"href":"https:\/\/www.europesays.com\/pl\/wp-json\/wp\/v2\/categories?post=157519"},{"taxonomy":"post_tag","embeddable":true,"href":"https:\/\/www.europesays.com\/pl\/wp-json\/wp\/v2\/tags?post=157519"}],"curies":[{"name":"wp","href":"https:\/\/api.w.org\/{rel}","templated":true}]}}