{"id":157521,"date":"2025-12-18T09:06:08","date_gmt":"2025-12-18T09:06:08","guid":{"rendered":"https:\/\/www.europesays.com\/pl\/157521\/"},"modified":"2025-12-18T09:06:08","modified_gmt":"2025-12-18T09:06:08","slug":"politycy-pis-nie-rozumieja-zachowania-morawieckiego-chce-zeby-go-wyrzucono","status":"publish","type":"post","link":"https:\/\/www.europesays.com\/pl\/157521\/","title":{"rendered":"Politycy PiS nie rozumiej\u0105 zachowania Morawieckiego. &#8222;Chce, \u017ceby go wyrzucono&#8221;"},"content":{"rendered":"<p class=\"ods-c-paragraph \">Podczas rozpocz\u0119tego w \u015brod\u0119 posiedzenia Sejmu dziennikarze pytali polityk\u00f3w PiS o sytuacj\u0119 w ich partii. Trwa w niej bowiem, co przyznaj\u0105 nieoficjalnie politycy PiS, niemal nieskrywany konflikt mi\u0119dzy zwolennikami Mateusza Morawieckiego a grup\u0105 jego przeciwnik\u00f3w, skupion\u0105 m.in. wok\u00f3\u0142 Przemys\u0142awa Czarnka, Jacka Sasina, Tobiasza Boche\u0144skiego i Patryka Jakiego, zwan\u0105 &#8222;ma\u015blarzami&#8221;. Bli\u017cej tych ostatnich ma by\u0107 te\u017c sam prezes partii Jaros\u0142aw Kaczy\u0144ski i bliski mu &#8222;zakon PC&#8221;.<\/p>\n<p>Dalszy ci\u0105g artyku\u0142u pod materia\u0142em wideo<\/p>\n<p> Jakie s\u0105 g\u0142\u00f3wne nurty w PiS? <\/p>\n<p> Kto jest bliski Mateusza Morawieckiego? <\/p>\n<p> Jakie by\u0142y powody organizacji dw\u00f3ch Wigilii w PiS? <\/p>\n<p> Jakie s\u0105 opinie polityk\u00f3w PiS o zachowaniu Morawieckiego? <\/p>\n<p>  PiS: nie ma u nas konfliktu<\/p>\n<p class=\"ods-c-paragraph \">Ostatnim wyrazem sporu by\u0142o zorganizowanie w czwartek dw\u00f3ch konkurencyjnych Wigilii PiS: <a href=\"https:\/\/www.onet.pl\/informacje\/onetwiadomosci\/kto-pojawil-sie-na-wigilii-mateusza-morawieckiego-znamy-nazwiska\/bpk1y19,79cfc278\" id=\"aae0411d-3288-455c-9c40-f2ad39ac6464\" rel=\"nofollow noopener\" target=\"_blank\">jednej na Nowogrodzkiej, z prezesem PiS i kierownictwem partii, a drugiej przez Morawieckiego,<\/a> na kt\u00f3rej jednak pojawi\u0142o si\u0119 wielu polityk\u00f3w PiS. Wcze\u015bniej, w pi\u0105tek, Morawiecki nie przyby\u0142 na po\u015bwi\u0119cone sytuacji w partii Prezydium Komitetu Politycznego.<\/p>\n<p class=\"ods-c-paragraph \">Oficjalnie politycy PiS zaprzeczaj\u0105, \u017ce jest jakikolwiek sp\u00f3r. \u2014 PiS jest siln\u0105 parti\u0105, \u017ce mo\u017ce zorganizowa\u0107 kilka Wigilii. W poniedzia\u0142ek np. by\u0142em na Wigilii w Radomiu, jutro id\u0119 do AK-owc\u00f3w \u2014 m\u00f3wi\u0142 PAP pose\u0142 Marek Suski. \u2014 Nasi wrogowie si\u0119 tego przestraszyli, dopatruj\u0105 si\u0119 w tym jakiego\u015b konfliktu, a to jest obraz si\u0142y \u2014 doda\u0142.<\/p>\n<p class=\"ods-c-paragraph \">\u2014 Jeste\u015bmy parti\u0105 szerok\u0105, w kt\u00f3rej jest wiele nurt\u00f3w, wiele r\u00f3\u017cnych grup, wiele pogl\u0105d\u00f3w na r\u00f3\u017cne sprawy i jest naturalne, \u017ce si\u0119 w takich partiach dyskutuje. Oczywi\u015bcie niedobrze, \u017ce takie dyskusje tocz\u0105 si\u0119 na zewn\u0105trz, one powinny si\u0119 odbywa\u0107 w rodzinie, wewn\u0105trz partii, wi\u0119c wszystkim, kt\u00f3rzy wyrwali si\u0119 do dyskusji na zewn\u0105trz, polecam, aby robili to w ramach partii \u2014 powiedzia\u0142 PAP pose\u0142 Micha\u0142 Moskal.<\/p>\n<p class=\"ods-c-paragraph \">Dopytywany, na kt\u00f3rej by\u0142 Wigilii, przyzna\u0142, \u017ce by\u0142o jedno spotkanie \u015bwi\u0105teczne na Nowogrodzkiej. Poza tym doda\u0142, \u017ce &#8222;ka\u017cdy m\u00f3g\u0142 sobie organizowa\u0107 takie spotkania, jakie chce&#8221;. \u2014 Nie jeste\u015bmy parti\u0105 sterroryzowan\u0105 jak Platforma Obywatelska \u2014 zauwa\u017cy\u0142.<\/p>\n<p class=\"ods-c-paragraph \">\u2014 Odby\u0142 si\u0119 tradycyjny op\u0142atek PiS, by\u0142a pe\u0142na sala na ulicy Nowogrodzkiej, to pokaza\u0142o, \u017ce jeste\u015bmy wszyscy za tym, aby utrzymywa\u0107 jedno\u015b\u0107. Te wszystkie medialne informacje s\u0105 nieprawdziwe i wynikaj\u0105 z tego, \u017ce rz\u0105d pr\u00f3buje znale\u017a\u0107 wiadomo\u015bci, kt\u00f3re przykryj\u0105 nieudolno\u015b\u0107 obecnej w\u0142adzy. Zajmujemy si\u0119 wi\u0119c tematami, kt\u00f3re z punktu widzenia Polak\u00f3w s\u0105 mniej istotne, a nie zajmujemy si\u0119 istotnymi, jak ochrona s\u0142u\u017cby zdrowia, jak deficyt, jak sprawy bud\u017cetu \u2014 m\u00f3wi\u0142 PAP pose\u0142 Grzegorz Puda.<\/p>\n<p>Dwie Wigilie w PiS jednego dnia. &#8222;Tak si\u0119 z\u0142o\u017cy\u0142o, problem techniczny&#8221;   <\/p>\n<p class=\"ods-c-paragraph \">Dopytywany, czy zorganizowanie przez zwolennik\u00f3w Morawieckiego Wigilii w tym samym czasie, gdy odbywa si\u0119 spotkanie zaplanowane przez kierownictwo PiS, nie jest manifestacj\u0105, Puda zaprzecza. \u2014 Jako parlamentarzy\u015bci spotykamy si\u0119 na r\u00f3\u017cnych spotkaniach wigilijnych. Ja wczoraj bra\u0142em udzia\u0142 w czterech. Akurat tak si\u0119 z\u0142o\u017cy\u0142o, \u017ce wypad\u0142o to w ten sam dzie\u0144. To problem techniczny. Wszelkie informacje o roz\u0142amie to bujdy na resorach. Atmosfera op\u0142atka na Nowogrodzkiej by\u0142a naprawd\u0119 dobra, szczera i \u015bwi\u0105teczna \u2014 zapewni\u0142 Puda.<\/p>\n<p>Wnioski z nieoficjalnych rozm\u00f3w z politykami PiS: zachowanie Morawieckiego jest niedopuszczalne<\/p>\n<p class=\"ods-c-paragraph \">Jednak w nieoficjalnych rozmowach z PAP politycy PiS przyznaj\u0105, \u017ce Morawiecki i jego frakcja (zwana &#8222;harcerzami&#8221;) zachowuj\u0105 si\u0119 z punktu widzenia spoisto\u015bci partii niedopuszczalnie, kwestionuj\u0105c nawet przyw\u00f3dztwo prezesa Jaros\u0142awa Kaczy\u0144skiego. \u2014 Wszystko wskazuje na to, \u017ce robi\u0105 wszystko, \u017ceby ich wyrzuci\u0107 z partii. Wiedz\u0105 bowiem, \u017ce elektorat prawicowy bardzo nie lubi tych, kt\u00f3rzy sami dokonuj\u0105 roz\u0142am\u00f3w \u2014 powiedzia\u0142 PAP polityk PiS pragn\u0105cy zachowa\u0107 anonimowo\u015b\u0107. \u2014 Bo inaczej nie mo\u017cna zrozumie\u0107 post\u0119powania Morawieckiego, kt\u00f3ry chyba uwierzy\u0142 w swoj\u0105 wyj\u0105tkowo\u015b\u0107 i swoje polityczne pos\u0142annictwo \u2014 doda\u0142.<\/p>\n<p class=\"ods-c-paragraph \">Wed\u0142ug innego \u017ar\u00f3d\u0142a w PiS Morawiecki nie pozwoli\u0142by sobie na opuszczenie partii z w\u0142asnej woli, a raczej d\u0105\u017cy\u0142by do tego, aby go wyrzucono. \u2014 W PiS-ie jest to niewybaczalne, doprowadzi\u0107 do takiego podzia\u0142u, kiedy ludzie wiedz\u0105, \u017ce podzia\u0142 grozi tym, \u017ce nie zdob\u0119dziemy w\u0142adzy. Morawiecki gra tym bezwzgl\u0119dnie \u2014 zauwa\u017cy\u0142 polityk.<\/p>\n<p class=\"ods-c-paragraph \">Parlamentarzy\u015bci PiS zwracaj\u0105 te\u017c uwag\u0119, \u017ce Morawiecki i jego ludzie powinni pami\u0119ta\u0107, jak sko\u0144czy\u0142y si\u0119 dotychczasowe roz\u0142amy w PiS i \u017ce wi\u0119kszo\u015b\u0107 roz\u0142amowc\u00f3w wraca\u0142a do partii &#8222;z podkulonym ogonem&#8221;. Zdaniem jednego z nich by\u0142y premier post\u0119puje jednak bardzo umiej\u0119tnie. Wed\u0142ug tego polityka zwolennicy Morawieckiego rozpuszczali np. plotki, i\u017c na organizowanej przez nich Wigilii b\u0119dzie te\u017c prezes Kaczy\u0144ski, dzi\u0119ki czemu mieli zwi\u0119kszy\u0107 frekwencj\u0119. Jeden ze stronnik\u00f3w Morawieckiego europose\u0142 Waldemar Buda, chwali\u0142 si\u0119 na portalu X, \u017ce na tej Wigilii pojawi\u0142a si\u0119 &#8222;prawie setka pos\u0142\u00f3w&#8221;.<\/p>\n<p>    Zaskoczenie na li\u015bcie os\u00f3b z Wigilii Morawieckiego<\/p>\n<p class=\"ods-c-paragraph \">Jednego z pos\u0142\u00f3w PiS w rozmowie z PAP zdziwi\u0142a lista obecno\u015bci os\u00f3b na Wigilii Morawieckiego. \u2014 Byli tam tacy ludzie, kt\u00f3rzy zawsze byli twardzi, po stronie PiS-u, bez \u017cadnych roz\u0142am\u00f3w, a jednak tam si\u0119 znale\u017ali \u2014 doda\u0142.<\/p>\n<p class=\"ods-c-paragraph \">Rozm\u00f3wca PAP zwi\u0105zany z frakcj\u0105 b. szefa MS Zbigniewa Ziobry, tak\u017ce sk\u0142\u00f3con\u0105 z Morawieckim, oceni\u0142, \u017ce organizowanie drugiego wigilijnego spotkania przez b. premiera jest szkodliwe dla PiS. \u2014 Z punktu widzenia wyborcy PiS-u to jest masakra, bo wyborca PiS-u nie chce \u017cadnych podzia\u0142\u00f3w \u2014 podkre\u015bli\u0142. Jego zdaniem Morawiecki walczy obecnie o silniejsz\u0105 pozycj\u0119 w partii z powodu nagromadzenia wielu przeciwnik\u00f3w.<\/p>\n<p class=\"ods-c-paragraph \">Z kolei parlamentarzy\u015bci bli\u017csi Morawieckiemu przekonuj\u0105, \u017ce gdyby nie demonstrowali swojej odr\u0119bno\u015bci, PiS, zmuszony do politycznego \u015bcigania si\u0119 z Konfederacj\u0105 i Grzegorzem Braunem, straci\u0142by definitywnie elektorat centrowy. A dzi\u0119ki demonstrowaniu wyrazistych frakcji s\u0105 szanse, przekonuj\u0105, \u017ce ten elektorat od PiS ca\u0142kiem nie odejdzie.<\/p>\n<p class=\"ods-c-paragraph \">Mo\u017cna us\u0142ysze\u0107 od niekt\u00f3rych polityk\u00f3w PiS, \u017ce dzia\u0142ania Morawieckiego mog\u0105 by\u0107 obliczone na zawarcie jeszcze przed wyborami porozumienia wyborczego z PSL w przypadku wykluczenia ich z PiS. Zwr\u00f3cili uwag\u0119, \u017ce je\u015bli frakcji Morawieckiego uda\u0142oby si\u0119 jednak pozosta\u0107 w partii, mog\u0142aby by\u0107 tym jej skrzyd\u0142em, kt\u00f3re umo\u017cliwi po wyborach zawarcie koalicji rz\u0105dowej z ludowcami, alternatywnej dla bardzo trudnej koalicji z Konfederacj\u0105 i Braunem. A w\u00f3wczas, przyznaj\u0105 ci politycy, Morawiecki by\u0142by naturalnym kandydatem na premiera takiego rz\u0105du, na co nie ma szans w innej politycznej konstelacji PiS.<\/p>\n<p class=\"ods-c-paragraph \">Z <a href=\"https:\/\/wiadomosci.onet.pl\/kraj\/morawiecki-z-wlasna-partia-nowy-sondaz-pokazuje-zaskakujacy-potencjal\/168c2dl\" id=\"d4723225-1984-48ad-a77f-bce2d0c06925\" rel=\"nofollow noopener\" target=\"_blank\">sonda\u017cu SW Research dla Onetu wynika zreszt\u0105, \u017ce ponad 17 proc. ankietowanych deklaruje, \u017ce rozwa\u017cy\u0142oby g\u0142os na parti\u0119 Morawieckiego<\/a>. 60 proc. os\u00f3b nie widzi siebie w roli wyborc\u00f3w nowego ugrupowania by\u0142ego premiera. Ten wynik pokazuje, \u017ce cho\u0107 potencja\u0142 istnieje, droga do szerokiego poparcia by\u0142aby trudna.<\/p>\n<p class=\"ods-c-paragraph \">Pawe\u0142 Kowal, by\u0142y polityk PiS, kt\u00f3ry w 2010 r. opu\u015bci\u0142 t\u0119 parti\u0119 i wsp\u00f3\u0142tworzy\u0142 ugrupowanie Polska Jest Najwa\u017cniejsza, dzi\u015b pose\u0142 KO i szef sejmowej komisji spraw zagranicznych, oceni\u0142 w rozmowie z PAP, \u017ce symptomy roz\u0142amu w PiS wida\u0107 na zewn\u0105trz. \u2014 To jest s\u0142aba opozycja, bo to jest opozycja, kt\u00f3ra nie ma rozeznania, kiedy ma wesprze\u0107 rz\u0105d w sprawie bezpiecze\u0144stwa, a kiedy ma by\u0107 w kontrze. My\u015bl\u0119, \u017ce wp\u0142yw na to ma sytuacja wewn\u0105trz partii \u2014 podkre\u015bli\u0142 Kowal.<\/p>\n<p class=\"ods-c-paragraph \">Pytany, czy s\u0105 jakie\u015b analogie z czasami, gdy z partii wyst\u0119powa\u0142a grupa, kt\u00f3ra utworzy\u0142a PJN, powiedzia\u0142, \u017ce takich analogii nie dostrzega. \u2014 Ale ju\u017c nie pami\u0119tam, jak to by\u0142o w PJN \u2014 zaznaczy\u0142 Kowal.<\/p>\n<p>Roz\u0142amy w PiS<\/p>\n<p class=\"ods-c-paragraph \">Do tej pory od powstania PiS w roku 2001 by\u0142y cztery du\u017ce roz\u0142amy. Pierwszy wiosn\u0105 2007 r., gdy PiS opu\u015bci\u0142a grupa skupiona wok\u00f3\u0142 marsza\u0142ka Sejmu Marka Jurka, protestuj\u0105c przeciwko niewpisaniu do konstytucji ochrony \u017cycia od pocz\u0119cia. Po przegranych wyborach w 2007 r. parti\u0119 opu\u015bcili trzej wiceprezesi \u2014 Kazimierz Ujazdowski, Pawe\u0142 Zalewski i Ludwik Dorn. Potem do\u0142\u0105czyli do nich inni politycy, m.in. Jaros\u0142aw Sellin i roz\u0142amowcy za\u0142o\u017cyli nowy ruch \u2014 Polska XXI. Ruch ten jednak nie zaistnia\u0142; po katastrofie smole\u0144skiej niekt\u00f3rzy jego za\u0142o\u017cyciele wr\u00f3cili do PiS (Sellin, Ujazdowski, kt\u00f3ry w 2017 zn\u00f3w odszed\u0142). Niekt\u00f3rzy, jak Pawe\u0142 Zalewski, znale\u017ali si\u0119 w innych partiach. Z PiS wsp\u00f3\u0142pracowa\u0142o te\u017c ugrupowanie Marka Jurka Prawica RP, a jej lider kandydowa\u0142 z list PiS do PE.<\/p>\n<p class=\"ods-c-paragraph \">W 2010 r. po przegranych przez Jaros\u0142awa Kaczy\u0144skiego przedterminowych wyborach prezydenckich (spowodowanych katastrof\u0105 smole\u0144sk\u0105) z PiS wypchni\u0119ci zostali ludzie tworz\u0105cy sztab wyborczy kandydata. Oskar\u017ceni zostali przez partyjnych radyka\u0142\u00f3w o propagowanie w kampanii zbyt mi\u0119kkiego obrazu prezesa. Grup\u0119 t\u0119 stanowili Joanna Kluzik-Rostkowska, El\u017cbieta Jakubiak, Pawe\u0142 Kowal, Pawe\u0142 Poncyljusz, Adam Bielan i Micha\u0142 Kami\u0144ski. Za\u0142o\u017cyli ugrupowanie Polska Jest Najwa\u017cniejsza, kt\u00f3re jednak nie przekroczy\u0142o progu w wyborach w 2011 r. Wi\u0119kszo\u015b\u0107 dzia\u0142aczy PJN trafi\u0142a potem do Platformy Obywatelskiej lub w jej orbit\u0119, jedynie Bielan wr\u00f3ci\u0142 do PiS poprzez ugrupowanie Jaros\u0142awa Gowina.<\/p>\n<p class=\"ods-c-paragraph \">Po przegranych przez PiS wyborach w 2011 r. za publiczn\u0105 krytyk\u0119 kampanii partii zostali z niej wykluczeni Zbigniew Ziobro i Jacek Kurski. Wraz ze zwolennikami, kt\u00f3rzy weszli do Sejmu z list PiS, za\u0142o\u017cyli klub parlamentarny Solidarna Polska, a potem ugrupowanie o tej nazwie. Gdy jednak w 2014 r. SP nie przekroczy\u0142a progu wyborczego w wyborach do PE, ugrupowanie Ziobry (podobnie jak Polska Razem Jaros\u0142awa Gowina) z list PiS wystartowa\u0142o w zwyci\u0119skich wyborach parlamentarnych w 2015 r. Po kolejnych wyborach SP mia\u0142a w ramach klubu PiS jeszcze silniejsz\u0105 frakcj\u0119, niejednokrotnie wywo\u0142uj\u0105c polityczne konflikty z kierownictwem partii i krytykuj\u0105c premiera Mateusza Morawieckiego. Po wyborach w 2023 r. i wycofaniu si\u0119 Ziobry z \u017cycia politycznego z powodu choroby SP (kt\u00f3ra w 2023 roku zmieni\u0142a nazw\u0119 na Suwerenna Polska) zjednoczy\u0142a si\u0119 z PiS. Do ostatecznego zjednoczenia dosz\u0142o jesieni\u0105 2024 roku.<\/p>\n","protected":false},"excerpt":{"rendered":"Podczas rozpocz\u0119tego w \u015brod\u0119 posiedzenia Sejmu dziennikarze pytali polityk\u00f3w PiS o sytuacj\u0119 w ich partii. Trwa w niej&hellip;\n","protected":false},"author":2,"featured_media":157522,"comment_status":"","ping_status":"","sticky":false,"template":"","format":"standard","meta":{"footnotes":""},"categories":[12],"tags":[32,33,36,37,27,422,49,34,35,3946,28,31,48,25,46,529,42,38,40,39,41,47,29,30,26],"class_list":{"0":"post-157521","1":"post","2":"type-post","3":"status-publish","4":"format-standard","5":"has-post-thumbnail","7":"category-polska","8":"tag-breaking-news","9":"tag-breakingnews","10":"tag-featured-news","11":"tag-featurednews","12":"tag-headlines","13":"tag-jaroslaw_kaczynski","14":"tag-kraj","15":"tag-latest-news","16":"tag-latestnews","17":"tag-mateusz_morawiecki","18":"tag-naglowki","19":"tag-najwazniejsze-artykuly","20":"tag-nat_styl","21":"tag-news","22":"tag-omp","23":"tag-pis","24":"tag-pl","25":"tag-poland","26":"tag-polish","27":"tag-polska","28":"tag-polski","29":"tag-screening_general","30":"tag-top-stories","31":"tag-topstories","32":"tag-wiadomosci"},"share_on_mastodon":{"url":"https:\/\/pubeurope.com\/@pl\/115739779586959314","error":""},"_links":{"self":[{"href":"https:\/\/www.europesays.com\/pl\/wp-json\/wp\/v2\/posts\/157521","targetHints":{"allow":["GET"]}}],"collection":[{"href":"https:\/\/www.europesays.com\/pl\/wp-json\/wp\/v2\/posts"}],"about":[{"href":"https:\/\/www.europesays.com\/pl\/wp-json\/wp\/v2\/types\/post"}],"author":[{"embeddable":true,"href":"https:\/\/www.europesays.com\/pl\/wp-json\/wp\/v2\/users\/2"}],"replies":[{"embeddable":true,"href":"https:\/\/www.europesays.com\/pl\/wp-json\/wp\/v2\/comments?post=157521"}],"version-history":[{"count":0,"href":"https:\/\/www.europesays.com\/pl\/wp-json\/wp\/v2\/posts\/157521\/revisions"}],"wp:featuredmedia":[{"embeddable":true,"href":"https:\/\/www.europesays.com\/pl\/wp-json\/wp\/v2\/media\/157522"}],"wp:attachment":[{"href":"https:\/\/www.europesays.com\/pl\/wp-json\/wp\/v2\/media?parent=157521"}],"wp:term":[{"taxonomy":"category","embeddable":true,"href":"https:\/\/www.europesays.com\/pl\/wp-json\/wp\/v2\/categories?post=157521"},{"taxonomy":"post_tag","embeddable":true,"href":"https:\/\/www.europesays.com\/pl\/wp-json\/wp\/v2\/tags?post=157521"}],"curies":[{"name":"wp","href":"https:\/\/api.w.org\/{rel}","templated":true}]}}